{"id":75524,"date":"2025-09-23T10:43:15","date_gmt":"2025-09-23T06:43:15","guid":{"rendered":"https:\/\/ictimai.az\/?p=75524"},"modified":"2025-09-23T10:51:59","modified_gmt":"2025-09-23T06:51:59","slug":"qubada-ayilar-kende-hucum-edib","status":"publish","type":"post","link":"https:\/\/ictimai.az\/?p=75524","title":{"rendered":"Qubada ay\u0131lar k\u0259nd\u0259 h\u00fccum edib"},"content":{"rendered":"<p>Qubada ay\u0131lar k\u0259nd\u0259 h\u00fccum edib.<\/p>\n<p>Oxu.Az\u00a0&#8220;Report&#8221;a istinad\u0259n x\u0259b\u0259r verir ki, Quba rayonunun S\u0259b\u0259tl\u0259r k\u0259ndind\u0259 ay\u0131lar yerli sakinl\u0259r\u0259 m\u0259xsus heyvanlar\u0131 par\u00e7alay\u0131b.<\/p>\n<p>Hadis\u0259 n\u0259tic\u0259sind\u0259 k\u0259nd sakinl\u0259ri \u0130sa H\u00fcseynova m\u0259xsus cam\u0131\u015f v\u0259 S\u00fcbhan \u018fhm\u0259dova m\u0259xsus in\u0259k t\u0259l\u0259f olub.<\/p>\n<p>Yerli sakinl\u0259rin s\u00f6zl\u0259rin\u0259 g\u00f6r\u0259, iki heyvan\u0131 t\u0259l\u0259f ed\u0259n ay\u0131lar\u0131n izl\u0259ri k\u0259ndin daxilind\u0259 d\u0259 m\u00fc\u015fahid\u0259 olunur.<\/p>\n<p>Sakinl\u0259r t\u0259hl\u00fck\u0259 i\u00e7\u0259risind\u0259 olduqlarn\u0131 qeyd edirl\u0259r.<\/p>\n","protected":false},"excerpt":{"rendered":"<p>Qubada ay\u0131lar k\u0259nd\u0259 h\u00fccum edib. Oxu.Az\u00a0&#8220;Report&#8221;a istinad\u0259n x\u0259b\u0259r verir ki, Quba rayonunun S\u0259b\u0259tl\u0259r k\u0259ndind\u0259 ay\u0131lar yerli sakinl\u0259r\u0259 m\u0259xsus heyvanlar\u0131 par\u00e7alay\u0131b. Hadis\u0259 n\u0259tic\u0259sind\u0259 k\u0259nd sakinl\u0259ri \u0130sa H\u00fcseynova m\u0259xsus cam\u0131\u015f v\u0259 S\u00fcbhan \u018fhm\u0259dova m\u0259xsus in\u0259k t\u0259l\u0259f olub. Yerli sakinl\u0259rin s\u00f6zl\u0259rin\u0259 g\u00f6r\u0259, iki heyvan\u0131 t\u0259l\u0259f ed\u0259n ay\u0131lar\u0131n izl\u0259ri k\u0259ndin daxilind\u0259 d\u0259 m\u00fc\u015fahid\u0259 olunur. Sakinl\u0259r t\u0259hl\u00fck\u0259 i\u00e7\u0259risind\u0259 olduqlarn\u0131 qeyd [&hellip;]<\/p>\n","protected":false},"author":3,"featured_media":75525,"comment_status":"closed","ping_status":"closed","sticky":false,"template":"","format":"standard","meta":{"footnotes":""},"categories":[35],"tags":[],"class_list":["post-75524","post","type-post","status-publish","format-standard","has-post-thumbnail","hentry","category-incident"],"yoast_head":"<!-- This site is optimized with the Yoast SEO plugin v28.2 - https:\/\/yoast.com\/product\/yoast-seo-wordpress\/ -->\n<title>Qubada ay\u0131lar k\u0259nd\u0259 h\u00fccum edib - \u0130CT\u0130MA\u0130.AZ<\/title>\n<meta name=\"robots\" content=\"index, follow, max-snippet:-1, max-image-preview:large, max-video-preview:-1\" \/>\n<link rel=\"canonical\" href=\"https:\/\/ictimai.az\/?p=75524\" \/>\n<meta property=\"og:locale\" content=\"az_AZ\" \/>\n<meta property=\"og:type\" content=\"article\" \/>\n<meta property=\"og:title\" content=\"Qubada ay\u0131lar k\u0259nd\u0259 h\u00fccum edib - \u0130CT\u0130MA\u0130.AZ\" \/>\n<meta property=\"og:description\" content=\"Qubada ay\u0131lar k\u0259nd\u0259 h\u00fccum edib. Oxu.Az\u00a0&#8220;Report&#8221;a istinad\u0259n x\u0259b\u0259r verir ki, Quba rayonunun S\u0259b\u0259tl\u0259r k\u0259ndind\u0259 ay\u0131lar yerli sakinl\u0259r\u0259 m\u0259xsus heyvanlar\u0131 par\u00e7alay\u0131b. Hadis\u0259 n\u0259tic\u0259sind\u0259 k\u0259nd sakinl\u0259ri \u0130sa H\u00fcseynova m\u0259xsus cam\u0131\u015f v\u0259 S\u00fcbhan \u018fhm\u0259dova m\u0259xsus in\u0259k t\u0259l\u0259f olub. Yerli sakinl\u0259rin s\u00f6zl\u0259rin\u0259 g\u00f6r\u0259, iki heyvan\u0131 t\u0259l\u0259f ed\u0259n ay\u0131lar\u0131n izl\u0259ri k\u0259ndin daxilind\u0259 d\u0259 m\u00fc\u015fahid\u0259 olunur. Sakinl\u0259r t\u0259hl\u00fck\u0259 i\u00e7\u0259risind\u0259 olduqlarn\u0131 qeyd [&hellip;]\" \/>\n<meta property=\"og:url\" content=\"https:\/\/ictimai.az\/?p=75524\" \/>\n<meta property=\"og:site_name\" content=\"\u0130CT\u0130MA\u0130.AZ\" \/>\n<meta property=\"article:published_time\" content=\"2025-09-23T06:43:15+00:00\" \/>\n<meta property=\"article:modified_time\" content=\"2025-09-23T06:51:59+00:00\" \/>\n<meta property=\"og:image\" content=\"https:\/\/ictimai.az\/core\/uploads\/2025\/09\/ictimai_3ee738631233138facabb56779dfce46_lh0bigw9znyc8jxf1q6u.webp\" \/>\n\t<meta property=\"og:image:width\" content=\"700\" \/>\n\t<meta property=\"og:image:height\" content=\"461\" \/>\n\t<meta property=\"og:image:type\" content=\"image\/webp\" \/>\n<meta name=\"author\" content=\"Rashad Bayramov\" \/>\n<meta name=\"twitter:card\" content=\"summary_large_image\" \/>\n<meta name=\"twitter:label1\" content=\"Written by\" \/>\n\t<meta name=\"twitter:data1\" content=\"Rashad Bayramov\" \/>\n\t<meta name=\"twitter:label2\" content=\"Est. reading time\" \/>\n\t<meta name=\"twitter:data2\" content=\"1 minute\" \/>\n<script type=\"application\/ld+json\" class=\"yoast-schema-graph\">{\"@context\":\"https:\\\/\\\/schema.org\",\"@graph\":[{\"@type\":\"Article\",\"@id\":\"https:\\\/\\\/ictimai.az\\\/?p=75524#article\",\"isPartOf\":{\"@id\":\"https:\\\/\\\/ictimai.az\\\/?p=75524\"},\"author\":{\"name\":\"Rashad Bayramov\",\"@id\":\"https:\\\/\\\/ictimai.az\\\/#\\\/schema\\\/person\\\/9ac6f26569a9ae9806130a33903085b7\"},\"headline\":\"Qubada ay\u0131lar k\u0259nd\u0259 h\u00fccum edib\",\"datePublished\":\"2025-09-23T06:43:15+00:00\",\"dateModified\":\"2025-09-23T06:51:59+00:00\",\"mainEntityOfPage\":{\"@id\":\"https:\\\/\\\/ictimai.az\\\/?p=75524\"},\"wordCount\":111,\"publisher\":{\"@id\":\"https:\\\/\\\/ictimai.az\\\/#organization\"},\"image\":{\"@id\":\"https:\\\/\\\/ictimai.az\\\/?p=75524#primaryimage\"},\"thumbnailUrl\":\"https:\\\/\\\/ictimai.az\\\/core\\\/uploads\\\/2025\\\/09\\\/ictimai_3ee738631233138facabb56779dfce46_lh0bigw9znyc8jxf1q6u.webp\",\"articleSection\":[\"Hadis\u0259\"],\"inLanguage\":\"az\"},{\"@type\":\"WebPage\",\"@id\":\"https:\\\/\\\/ictimai.az\\\/?p=75524\",\"url\":\"https:\\\/\\\/ictimai.az\\\/?p=75524\",\"name\":\"Qubada ay\u0131lar k\u0259nd\u0259 h\u00fccum edib - \u0130CT\u0130MA\u0130.AZ\",\"isPartOf\":{\"@id\":\"https:\\\/\\\/ictimai.az\\\/#website\"},\"primaryImageOfPage\":{\"@id\":\"https:\\\/\\\/ictimai.az\\\/?p=75524#primaryimage\"},\"image\":{\"@id\":\"https:\\\/\\\/ictimai.az\\\/?p=75524#primaryimage\"},\"thumbnailUrl\":\"https:\\\/\\\/ictimai.az\\\/core\\\/uploads\\\/2025\\\/09\\\/ictimai_3ee738631233138facabb56779dfce46_lh0bigw9znyc8jxf1q6u.webp\",\"datePublished\":\"2025-09-23T06:43:15+00:00\",\"dateModified\":\"2025-09-23T06:51:59+00:00\",\"breadcrumb\":{\"@id\":\"https:\\\/\\\/ictimai.az\\\/?p=75524#breadcrumb\"},\"inLanguage\":\"az\",\"potentialAction\":[{\"@type\":\"ReadAction\",\"target\":[\"https:\\\/\\\/ictimai.az\\\/?p=75524\"]}]},{\"@type\":\"ImageObject\",\"inLanguage\":\"az\",\"@id\":\"https:\\\/\\\/ictimai.az\\\/?p=75524#primaryimage\",\"url\":\"https:\\\/\\\/ictimai.az\\\/core\\\/uploads\\\/2025\\\/09\\\/ictimai_3ee738631233138facabb56779dfce46_lh0bigw9znyc8jxf1q6u.webp\",\"contentUrl\":\"https:\\\/\\\/ictimai.az\\\/core\\\/uploads\\\/2025\\\/09\\\/ictimai_3ee738631233138facabb56779dfce46_lh0bigw9znyc8jxf1q6u.webp\",\"width\":700,\"height\":461},{\"@type\":\"BreadcrumbList\",\"@id\":\"https:\\\/\\\/ictimai.az\\\/?p=75524#breadcrumb\",\"itemListElement\":[{\"@type\":\"ListItem\",\"position\":1,\"name\":\"Home\",\"item\":\"https:\\\/\\\/ictimai.az\\\/\"},{\"@type\":\"ListItem\",\"position\":2,\"name\":\"Qubada ay\u0131lar k\u0259nd\u0259 h\u00fccum edib\"}]},{\"@type\":\"WebSite\",\"@id\":\"https:\\\/\\\/ictimai.az\\\/#website\",\"url\":\"https:\\\/\\\/ictimai.az\\\/\",\"name\":\"\u0130CT\u0130MA\u0130.AZ\",\"description\":\"\",\"publisher\":{\"@id\":\"https:\\\/\\\/ictimai.az\\\/#organization\"},\"potentialAction\":[{\"@type\":\"SearchAction\",\"target\":{\"@type\":\"EntryPoint\",\"urlTemplate\":\"https:\\\/\\\/ictimai.az\\\/?s={search_term_string}\"},\"query-input\":{\"@type\":\"PropertyValueSpecification\",\"valueRequired\":true,\"valueName\":\"search_term_string\"}}],\"inLanguage\":\"az\"},{\"@type\":\"Organization\",\"@id\":\"https:\\\/\\\/ictimai.az\\\/#organization\",\"name\":\"\u0130CT\u0130MA\u0130.AZ\",\"url\":\"https:\\\/\\\/ictimai.az\\\/\",\"logo\":{\"@type\":\"ImageObject\",\"inLanguage\":\"az\",\"@id\":\"https:\\\/\\\/ictimai.az\\\/#\\\/schema\\\/logo\\\/image\\\/\",\"url\":\"https:\\\/\\\/ictimai.az\\\/core\\\/uploads\\\/2026\\\/06\\\/cropped-ictimai_0380d81099c6fe3baae753faceb5481f_p41rg2mzq0uyvextfh3k-768x768-1-3.png\",\"contentUrl\":\"https:\\\/\\\/ictimai.az\\\/core\\\/uploads\\\/2026\\\/06\\\/cropped-ictimai_0380d81099c6fe3baae753faceb5481f_p41rg2mzq0uyvextfh3k-768x768-1-3.png\",\"width\":768,\"height\":768,\"caption\":\"\u0130CT\u0130MA\u0130.AZ\"},\"image\":{\"@id\":\"https:\\\/\\\/ictimai.az\\\/#\\\/schema\\\/logo\\\/image\\\/\"}},{\"@type\":\"Person\",\"@id\":\"https:\\\/\\\/ictimai.az\\\/#\\\/schema\\\/person\\\/9ac6f26569a9ae9806130a33903085b7\",\"name\":\"Rashad Bayramov\",\"image\":{\"@type\":\"ImageObject\",\"inLanguage\":\"az\",\"@id\":\"https:\\\/\\\/secure.gravatar.com\\\/avatar\\\/2c457cabf3c9d5b2c92c284169c1d34874f3316e1802b973e88e91d4a9df5ee8?s=96&d=mm&r=g\",\"url\":\"https:\\\/\\\/secure.gravatar.com\\\/avatar\\\/2c457cabf3c9d5b2c92c284169c1d34874f3316e1802b973e88e91d4a9df5ee8?s=96&d=mm&r=g\",\"contentUrl\":\"https:\\\/\\\/secure.gravatar.com\\\/avatar\\\/2c457cabf3c9d5b2c92c284169c1d34874f3316e1802b973e88e91d4a9df5ee8?s=96&d=mm&r=g\",\"caption\":\"Rashad Bayramov\"},\"sameAs\":[\"https:\\\/\\\/ictimai.az\\\/\"],\"url\":\"https:\\\/\\\/ictimai.az\\\/?author=3\"}]}<\/script>\n<!-- \/ Yoast SEO plugin. -->","yoast_head_json":{"title":"Qubada ay\u0131lar k\u0259nd\u0259 h\u00fccum edib - \u0130CT\u0130MA\u0130.AZ","robots":{"index":"index","follow":"follow","max-snippet":"max-snippet:-1","max-image-preview":"max-image-preview:large","max-video-preview":"max-video-preview:-1"},"canonical":"https:\/\/ictimai.az\/?p=75524","og_locale":"az_AZ","og_type":"article","og_title":"Qubada ay\u0131lar k\u0259nd\u0259 h\u00fccum edib - \u0130CT\u0130MA\u0130.AZ","og_description":"Qubada ay\u0131lar k\u0259nd\u0259 h\u00fccum edib. Oxu.Az\u00a0&#8220;Report&#8221;a istinad\u0259n x\u0259b\u0259r verir ki, Quba rayonunun S\u0259b\u0259tl\u0259r k\u0259ndind\u0259 ay\u0131lar yerli sakinl\u0259r\u0259 m\u0259xsus heyvanlar\u0131 par\u00e7alay\u0131b. Hadis\u0259 n\u0259tic\u0259sind\u0259 k\u0259nd sakinl\u0259ri \u0130sa H\u00fcseynova m\u0259xsus cam\u0131\u015f v\u0259 S\u00fcbhan \u018fhm\u0259dova m\u0259xsus in\u0259k t\u0259l\u0259f olub. Yerli sakinl\u0259rin s\u00f6zl\u0259rin\u0259 g\u00f6r\u0259, iki heyvan\u0131 t\u0259l\u0259f ed\u0259n ay\u0131lar\u0131n izl\u0259ri k\u0259ndin daxilind\u0259 d\u0259 m\u00fc\u015fahid\u0259 olunur. Sakinl\u0259r t\u0259hl\u00fck\u0259 i\u00e7\u0259risind\u0259 olduqlarn\u0131 qeyd [&hellip;]","og_url":"https:\/\/ictimai.az\/?p=75524","og_site_name":"\u0130CT\u0130MA\u0130.AZ","article_published_time":"2025-09-23T06:43:15+00:00","article_modified_time":"2025-09-23T06:51:59+00:00","og_image":[{"width":700,"height":461,"url":"https:\/\/ictimai.az\/core\/uploads\/2025\/09\/ictimai_3ee738631233138facabb56779dfce46_lh0bigw9znyc8jxf1q6u.webp","type":"image\/webp"}],"author":"Rashad Bayramov","twitter_card":"summary_large_image","twitter_misc":{"Written by":"Rashad Bayramov","Est. reading time":"1 minute"},"schema":{"@context":"https:\/\/schema.org","@graph":[{"@type":"Article","@id":"https:\/\/ictimai.az\/?p=75524#article","isPartOf":{"@id":"https:\/\/ictimai.az\/?p=75524"},"author":{"name":"Rashad Bayramov","@id":"https:\/\/ictimai.az\/#\/schema\/person\/9ac6f26569a9ae9806130a33903085b7"},"headline":"Qubada ay\u0131lar k\u0259nd\u0259 h\u00fccum edib","datePublished":"2025-09-23T06:43:15+00:00","dateModified":"2025-09-23T06:51:59+00:00","mainEntityOfPage":{"@id":"https:\/\/ictimai.az\/?p=75524"},"wordCount":111,"publisher":{"@id":"https:\/\/ictimai.az\/#organization"},"image":{"@id":"https:\/\/ictimai.az\/?p=75524#primaryimage"},"thumbnailUrl":"https:\/\/ictimai.az\/core\/uploads\/2025\/09\/ictimai_3ee738631233138facabb56779dfce46_lh0bigw9znyc8jxf1q6u.webp","articleSection":["Hadis\u0259"],"inLanguage":"az"},{"@type":"WebPage","@id":"https:\/\/ictimai.az\/?p=75524","url":"https:\/\/ictimai.az\/?p=75524","name":"Qubada ay\u0131lar k\u0259nd\u0259 h\u00fccum edib - \u0130CT\u0130MA\u0130.AZ","isPartOf":{"@id":"https:\/\/ictimai.az\/#website"},"primaryImageOfPage":{"@id":"https:\/\/ictimai.az\/?p=75524#primaryimage"},"image":{"@id":"https:\/\/ictimai.az\/?p=75524#primaryimage"},"thumbnailUrl":"https:\/\/ictimai.az\/core\/uploads\/2025\/09\/ictimai_3ee738631233138facabb56779dfce46_lh0bigw9znyc8jxf1q6u.webp","datePublished":"2025-09-23T06:43:15+00:00","dateModified":"2025-09-23T06:51:59+00:00","breadcrumb":{"@id":"https:\/\/ictimai.az\/?p=75524#breadcrumb"},"inLanguage":"az","potentialAction":[{"@type":"ReadAction","target":["https:\/\/ictimai.az\/?p=75524"]}]},{"@type":"ImageObject","inLanguage":"az","@id":"https:\/\/ictimai.az\/?p=75524#primaryimage","url":"https:\/\/ictimai.az\/core\/uploads\/2025\/09\/ictimai_3ee738631233138facabb56779dfce46_lh0bigw9znyc8jxf1q6u.webp","contentUrl":"https:\/\/ictimai.az\/core\/uploads\/2025\/09\/ictimai_3ee738631233138facabb56779dfce46_lh0bigw9znyc8jxf1q6u.webp","width":700,"height":461},{"@type":"BreadcrumbList","@id":"https:\/\/ictimai.az\/?p=75524#breadcrumb","itemListElement":[{"@type":"ListItem","position":1,"name":"Home","item":"https:\/\/ictimai.az\/"},{"@type":"ListItem","position":2,"name":"Qubada ay\u0131lar k\u0259nd\u0259 h\u00fccum edib"}]},{"@type":"WebSite","@id":"https:\/\/ictimai.az\/#website","url":"https:\/\/ictimai.az\/","name":"\u0130CT\u0130MA\u0130.AZ","description":"","publisher":{"@id":"https:\/\/ictimai.az\/#organization"},"potentialAction":[{"@type":"SearchAction","target":{"@type":"EntryPoint","urlTemplate":"https:\/\/ictimai.az\/?s={search_term_string}"},"query-input":{"@type":"PropertyValueSpecification","valueRequired":true,"valueName":"search_term_string"}}],"inLanguage":"az"},{"@type":"Organization","@id":"https:\/\/ictimai.az\/#organization","name":"\u0130CT\u0130MA\u0130.AZ","url":"https:\/\/ictimai.az\/","logo":{"@type":"ImageObject","inLanguage":"az","@id":"https:\/\/ictimai.az\/#\/schema\/logo\/image\/","url":"https:\/\/ictimai.az\/core\/uploads\/2026\/06\/cropped-ictimai_0380d81099c6fe3baae753faceb5481f_p41rg2mzq0uyvextfh3k-768x768-1-3.png","contentUrl":"https:\/\/ictimai.az\/core\/uploads\/2026\/06\/cropped-ictimai_0380d81099c6fe3baae753faceb5481f_p41rg2mzq0uyvextfh3k-768x768-1-3.png","width":768,"height":768,"caption":"\u0130CT\u0130MA\u0130.AZ"},"image":{"@id":"https:\/\/ictimai.az\/#\/schema\/logo\/image\/"}},{"@type":"Person","@id":"https:\/\/ictimai.az\/#\/schema\/person\/9ac6f26569a9ae9806130a33903085b7","name":"Rashad Bayramov","image":{"@type":"ImageObject","inLanguage":"az","@id":"https:\/\/secure.gravatar.com\/avatar\/2c457cabf3c9d5b2c92c284169c1d34874f3316e1802b973e88e91d4a9df5ee8?s=96&d=mm&r=g","url":"https:\/\/secure.gravatar.com\/avatar\/2c457cabf3c9d5b2c92c284169c1d34874f3316e1802b973e88e91d4a9df5ee8?s=96&d=mm&r=g","contentUrl":"https:\/\/secure.gravatar.com\/avatar\/2c457cabf3c9d5b2c92c284169c1d34874f3316e1802b973e88e91d4a9df5ee8?s=96&d=mm&r=g","caption":"Rashad Bayramov"},"sameAs":["https:\/\/ictimai.az\/"],"url":"https:\/\/ictimai.az\/?author=3"}]}},"_links":{"self":[{"href":"https:\/\/ictimai.az\/index.php?rest_route=\/wp\/v2\/posts\/75524","targetHints":{"allow":["GET"]}}],"collection":[{"href":"https:\/\/ictimai.az\/index.php?rest_route=\/wp\/v2\/posts"}],"about":[{"href":"https:\/\/ictimai.az\/index.php?rest_route=\/wp\/v2\/types\/post"}],"author":[{"embeddable":true,"href":"https:\/\/ictimai.az\/index.php?rest_route=\/wp\/v2\/users\/3"}],"replies":[{"embeddable":true,"href":"https:\/\/ictimai.az\/index.php?rest_route=%2Fwp%2Fv2%2Fcomments&post=75524"}],"version-history":[{"count":0,"href":"https:\/\/ictimai.az\/index.php?rest_route=\/wp\/v2\/posts\/75524\/revisions"}],"wp:featuredmedia":[{"embeddable":true,"href":"https:\/\/ictimai.az\/index.php?rest_route=\/wp\/v2\/media\/75525"}],"wp:attachment":[{"href":"https:\/\/ictimai.az\/index.php?rest_route=%2Fwp%2Fv2%2Fmedia&parent=75524"}],"wp:term":[{"taxonomy":"category","embeddable":true,"href":"https:\/\/ictimai.az\/index.php?rest_route=%2Fwp%2Fv2%2Fcategories&post=75524"},{"taxonomy":"post_tag","embeddable":true,"href":"https:\/\/ictimai.az\/index.php?rest_route=%2Fwp%2Fv2%2Ftags&post=75524"}],"curies":[{"name":"wp","href":"https:\/\/api.w.org\/{rel}","templated":true}]}}