{"id":75961,"date":"2025-10-04T08:23:18","date_gmt":"2025-10-04T04:23:18","guid":{"rendered":"https:\/\/ictimai.az\/?p=75961"},"modified":"2025-10-04T09:25:59","modified_gmt":"2025-10-04T05:25:59","slug":"ukraynanin-almaniyadaki-sefirinin-netrebkonun-cixisini-legv-etmek-istediyi-melum-olub","status":"publish","type":"post","link":"https:\/\/ictimai.az\/?p=75961","title":{"rendered":"Ukraynan\u0131n Almaniyadak\u0131 s\u0259firinin Netrebkonun \u00e7\u0131x\u0131\u015f\u0131n\u0131 l\u0259\u011fv etm\u0259k ist\u0259diyi m\u0259lum olub"},"content":{"rendered":"<p>Ukraynan\u0131n \u0130sve\u00e7r\u0259d\u0259ki s\u0259firi \u0130rina Venediktova rusiyal\u0131 m\u00fc\u011f\u0259nni Anna Netrebkonun S\u00fcrixd\u0259ki \u00e7\u0131x\u0131\u015f\u0131n\u0131 l\u0259\u011fv etm\u0259y\u0259 \u00e7al\u0131\u015f\u0131r, Die Weltwoche jurnal\u0131 x\u0259b\u0259r verir.<\/p>\n<p>Netrebkonun konsertinin S\u00fcrix Opera Evind\u0259 ba\u015f tutmas\u0131 planla\u015fd\u0131r\u0131l\u0131r.<\/p>\n<p>Qeyd olunur ki, Venediktova teatr\u0131n r\u0259hb\u0259rliyin\u0259 yaz\u0131l\u0131 m\u00fcraci\u0259t \u00fcnvanlay\u0131b, onun n\u00fcmay\u0259nd\u0259l\u0259ri il\u0259 \u015f\u0259xs\u0259n dan\u0131\u015fsa da, n\u0259tic\u0259si olmay\u0131b. Venediktova daha sonra S\u00fcrix \u015e\u0259h\u0259r \u015euras\u0131n\u0131n \u00fczvl\u0259rin\u0259 t\u0259zyiq g\u00f6st\u0259rm\u0259y\u0259 c\u0259hd edib.<\/p>\n","protected":false},"excerpt":{"rendered":"<p>Ukraynan\u0131n \u0130sve\u00e7r\u0259d\u0259ki s\u0259firi \u0130rina Venediktova rusiyal\u0131 m\u00fc\u011f\u0259nni Anna Netrebkonun S\u00fcrixd\u0259ki \u00e7\u0131x\u0131\u015f\u0131n\u0131 l\u0259\u011fv etm\u0259y\u0259 \u00e7al\u0131\u015f\u0131r, Die Weltwoche jurnal\u0131 x\u0259b\u0259r verir. Netrebkonun konsertinin S\u00fcrix Opera Evind\u0259 ba\u015f tutmas\u0131 planla\u015fd\u0131r\u0131l\u0131r. Qeyd olunur ki, Venediktova teatr\u0131n r\u0259hb\u0259rliyin\u0259 yaz\u0131l\u0131 m\u00fcraci\u0259t \u00fcnvanlay\u0131b, onun n\u00fcmay\u0259nd\u0259l\u0259ri il\u0259 \u015f\u0259xs\u0259n dan\u0131\u015fsa da, n\u0259tic\u0259si olmay\u0131b. Venediktova daha sonra S\u00fcrix \u015e\u0259h\u0259r \u015euras\u0131n\u0131n \u00fczvl\u0259rin\u0259 t\u0259zyiq g\u00f6st\u0259rm\u0259y\u0259 c\u0259hd edib.<\/p>\n","protected":false},"author":2,"featured_media":75962,"comment_status":"closed","ping_status":"closed","sticky":false,"template":"","format":"standard","meta":{"footnotes":""},"categories":[40,36],"tags":[],"class_list":["post-75961","post","type-post","status-publish","format-standard","has-post-thumbnail","hentry","category-dunya","category-media"],"yoast_head":"<!-- This site is optimized with the Yoast SEO plugin v28.2 - https:\/\/yoast.com\/product\/yoast-seo-wordpress\/ -->\n<title>Ukraynan\u0131n Almaniyadak\u0131 s\u0259firinin Netrebkonun \u00e7\u0131x\u0131\u015f\u0131n\u0131 l\u0259\u011fv etm\u0259k ist\u0259diyi m\u0259lum olub - \u0130CT\u0130MA\u0130.AZ<\/title>\n<meta name=\"robots\" content=\"index, follow, max-snippet:-1, max-image-preview:large, max-video-preview:-1\" \/>\n<link rel=\"canonical\" href=\"https:\/\/ictimai.az\/?p=75961\" \/>\n<meta property=\"og:locale\" content=\"az_AZ\" \/>\n<meta property=\"og:type\" content=\"article\" \/>\n<meta property=\"og:title\" content=\"Ukraynan\u0131n Almaniyadak\u0131 s\u0259firinin Netrebkonun \u00e7\u0131x\u0131\u015f\u0131n\u0131 l\u0259\u011fv etm\u0259k ist\u0259diyi m\u0259lum olub - \u0130CT\u0130MA\u0130.AZ\" \/>\n<meta property=\"og:description\" content=\"Ukraynan\u0131n \u0130sve\u00e7r\u0259d\u0259ki s\u0259firi \u0130rina Venediktova rusiyal\u0131 m\u00fc\u011f\u0259nni Anna Netrebkonun S\u00fcrixd\u0259ki \u00e7\u0131x\u0131\u015f\u0131n\u0131 l\u0259\u011fv etm\u0259y\u0259 \u00e7al\u0131\u015f\u0131r, Die Weltwoche jurnal\u0131 x\u0259b\u0259r verir. Netrebkonun konsertinin S\u00fcrix Opera Evind\u0259 ba\u015f tutmas\u0131 planla\u015fd\u0131r\u0131l\u0131r. Qeyd olunur ki, Venediktova teatr\u0131n r\u0259hb\u0259rliyin\u0259 yaz\u0131l\u0131 m\u00fcraci\u0259t \u00fcnvanlay\u0131b, onun n\u00fcmay\u0259nd\u0259l\u0259ri il\u0259 \u015f\u0259xs\u0259n dan\u0131\u015fsa da, n\u0259tic\u0259si olmay\u0131b. Venediktova daha sonra S\u00fcrix \u015e\u0259h\u0259r \u015euras\u0131n\u0131n \u00fczvl\u0259rin\u0259 t\u0259zyiq g\u00f6st\u0259rm\u0259y\u0259 c\u0259hd edib.\" \/>\n<meta property=\"og:url\" content=\"https:\/\/ictimai.az\/?p=75961\" \/>\n<meta property=\"og:site_name\" content=\"\u0130CT\u0130MA\u0130.AZ\" \/>\n<meta property=\"article:published_time\" content=\"2025-10-04T04:23:18+00:00\" \/>\n<meta property=\"article:modified_time\" content=\"2025-10-04T05:25:59+00:00\" \/>\n<meta property=\"og:image\" content=\"https:\/\/ictimai.az\/core\/uploads\/2025\/10\/ictimai_19952a8403536e21340515da2cc48973_z0pqlna8c6ju7yhbigtw.jpg\" \/>\n\t<meta property=\"og:image:width\" content=\"900\" \/>\n\t<meta property=\"og:image:height\" content=\"600\" \/>\n\t<meta property=\"og:image:type\" content=\"image\/jpeg\" \/>\n<meta name=\"author\" content=\"R\u0259\u015fad Bayramov\" \/>\n<meta name=\"twitter:card\" content=\"summary_large_image\" \/>\n<meta name=\"twitter:label1\" content=\"Written by\" \/>\n\t<meta name=\"twitter:data1\" content=\"R\u0259\u015fad Bayramov\" \/>\n\t<meta name=\"twitter:label2\" content=\"Est. reading time\" \/>\n\t<meta name=\"twitter:data2\" content=\"1 minute\" \/>\n<script type=\"application\/ld+json\" class=\"yoast-schema-graph\">{\"@context\":\"https:\\\/\\\/schema.org\",\"@graph\":[{\"@type\":\"Article\",\"@id\":\"https:\\\/\\\/ictimai.az\\\/?p=75961#article\",\"isPartOf\":{\"@id\":\"https:\\\/\\\/ictimai.az\\\/?p=75961\"},\"author\":{\"name\":\"R\u0259\u015fad Bayramov\",\"@id\":\"https:\\\/\\\/ictimai.az\\\/#\\\/schema\\\/person\\\/1da94bf2c7ab5d83ad349237bec1e6af\"},\"headline\":\"Ukraynan\u0131n Almaniyadak\u0131 s\u0259firinin Netrebkonun \u00e7\u0131x\u0131\u015f\u0131n\u0131 l\u0259\u011fv etm\u0259k ist\u0259diyi m\u0259lum olub\",\"datePublished\":\"2025-10-04T04:23:18+00:00\",\"dateModified\":\"2025-10-04T05:25:59+00:00\",\"mainEntityOfPage\":{\"@id\":\"https:\\\/\\\/ictimai.az\\\/?p=75961\"},\"wordCount\":117,\"publisher\":{\"@id\":\"https:\\\/\\\/ictimai.az\\\/#organization\"},\"image\":{\"@id\":\"https:\\\/\\\/ictimai.az\\\/?p=75961#primaryimage\"},\"thumbnailUrl\":\"https:\\\/\\\/ictimai.az\\\/core\\\/uploads\\\/2025\\\/10\\\/ictimai_19952a8403536e21340515da2cc48973_z0pqlna8c6ju7yhbigtw.jpg\",\"articleSection\":[\"D\u00fcnya\",\"MED\u0130A\"],\"inLanguage\":\"az\"},{\"@type\":\"WebPage\",\"@id\":\"https:\\\/\\\/ictimai.az\\\/?p=75961\",\"url\":\"https:\\\/\\\/ictimai.az\\\/?p=75961\",\"name\":\"Ukraynan\u0131n Almaniyadak\u0131 s\u0259firinin Netrebkonun \u00e7\u0131x\u0131\u015f\u0131n\u0131 l\u0259\u011fv etm\u0259k ist\u0259diyi m\u0259lum olub - \u0130CT\u0130MA\u0130.AZ\",\"isPartOf\":{\"@id\":\"https:\\\/\\\/ictimai.az\\\/#website\"},\"primaryImageOfPage\":{\"@id\":\"https:\\\/\\\/ictimai.az\\\/?p=75961#primaryimage\"},\"image\":{\"@id\":\"https:\\\/\\\/ictimai.az\\\/?p=75961#primaryimage\"},\"thumbnailUrl\":\"https:\\\/\\\/ictimai.az\\\/core\\\/uploads\\\/2025\\\/10\\\/ictimai_19952a8403536e21340515da2cc48973_z0pqlna8c6ju7yhbigtw.jpg\",\"datePublished\":\"2025-10-04T04:23:18+00:00\",\"dateModified\":\"2025-10-04T05:25:59+00:00\",\"breadcrumb\":{\"@id\":\"https:\\\/\\\/ictimai.az\\\/?p=75961#breadcrumb\"},\"inLanguage\":\"az\",\"potentialAction\":[{\"@type\":\"ReadAction\",\"target\":[\"https:\\\/\\\/ictimai.az\\\/?p=75961\"]}]},{\"@type\":\"ImageObject\",\"inLanguage\":\"az\",\"@id\":\"https:\\\/\\\/ictimai.az\\\/?p=75961#primaryimage\",\"url\":\"https:\\\/\\\/ictimai.az\\\/core\\\/uploads\\\/2025\\\/10\\\/ictimai_19952a8403536e21340515da2cc48973_z0pqlna8c6ju7yhbigtw.jpg\",\"contentUrl\":\"https:\\\/\\\/ictimai.az\\\/core\\\/uploads\\\/2025\\\/10\\\/ictimai_19952a8403536e21340515da2cc48973_z0pqlna8c6ju7yhbigtw.jpg\",\"width\":900,\"height\":600},{\"@type\":\"BreadcrumbList\",\"@id\":\"https:\\\/\\\/ictimai.az\\\/?p=75961#breadcrumb\",\"itemListElement\":[{\"@type\":\"ListItem\",\"position\":1,\"name\":\"Home\",\"item\":\"https:\\\/\\\/ictimai.az\\\/\"},{\"@type\":\"ListItem\",\"position\":2,\"name\":\"Ukraynan\u0131n Almaniyadak\u0131 s\u0259firinin Netrebkonun \u00e7\u0131x\u0131\u015f\u0131n\u0131 l\u0259\u011fv etm\u0259k ist\u0259diyi m\u0259lum olub\"}]},{\"@type\":\"WebSite\",\"@id\":\"https:\\\/\\\/ictimai.az\\\/#website\",\"url\":\"https:\\\/\\\/ictimai.az\\\/\",\"name\":\"\u0130CT\u0130MA\u0130.AZ\",\"description\":\"\",\"publisher\":{\"@id\":\"https:\\\/\\\/ictimai.az\\\/#organization\"},\"potentialAction\":[{\"@type\":\"SearchAction\",\"target\":{\"@type\":\"EntryPoint\",\"urlTemplate\":\"https:\\\/\\\/ictimai.az\\\/?s={search_term_string}\"},\"query-input\":{\"@type\":\"PropertyValueSpecification\",\"valueRequired\":true,\"valueName\":\"search_term_string\"}}],\"inLanguage\":\"az\"},{\"@type\":\"Organization\",\"@id\":\"https:\\\/\\\/ictimai.az\\\/#organization\",\"name\":\"\u0130CT\u0130MA\u0130.AZ\",\"url\":\"https:\\\/\\\/ictimai.az\\\/\",\"logo\":{\"@type\":\"ImageObject\",\"inLanguage\":\"az\",\"@id\":\"https:\\\/\\\/ictimai.az\\\/#\\\/schema\\\/logo\\\/image\\\/\",\"url\":\"https:\\\/\\\/ictimai.az\\\/core\\\/uploads\\\/2026\\\/06\\\/cropped-ictimai_0380d81099c6fe3baae753faceb5481f_p41rg2mzq0uyvextfh3k-768x768-1-3.png\",\"contentUrl\":\"https:\\\/\\\/ictimai.az\\\/core\\\/uploads\\\/2026\\\/06\\\/cropped-ictimai_0380d81099c6fe3baae753faceb5481f_p41rg2mzq0uyvextfh3k-768x768-1-3.png\",\"width\":768,\"height\":768,\"caption\":\"\u0130CT\u0130MA\u0130.AZ\"},\"image\":{\"@id\":\"https:\\\/\\\/ictimai.az\\\/#\\\/schema\\\/logo\\\/image\\\/\"}},{\"@type\":\"Person\",\"@id\":\"https:\\\/\\\/ictimai.az\\\/#\\\/schema\\\/person\\\/1da94bf2c7ab5d83ad349237bec1e6af\",\"name\":\"R\u0259\u015fad Bayramov\",\"image\":{\"@type\":\"ImageObject\",\"inLanguage\":\"az\",\"@id\":\"https:\\\/\\\/secure.gravatar.com\\\/avatar\\\/83c075605ba0a4d35d59726aaad89cfa8008d1f01603342c56f1dd79784491bc?s=96&d=mm&r=g\",\"url\":\"https:\\\/\\\/secure.gravatar.com\\\/avatar\\\/83c075605ba0a4d35d59726aaad89cfa8008d1f01603342c56f1dd79784491bc?s=96&d=mm&r=g\",\"contentUrl\":\"https:\\\/\\\/secure.gravatar.com\\\/avatar\\\/83c075605ba0a4d35d59726aaad89cfa8008d1f01603342c56f1dd79784491bc?s=96&d=mm&r=g\",\"caption\":\"R\u0259\u015fad Bayramov\"},\"sameAs\":[\"https:\\\/\\\/ictimai.az\\\/\"],\"url\":\"https:\\\/\\\/ictimai.az\\\/?author=2\"}]}<\/script>\n<!-- \/ Yoast SEO plugin. -->","yoast_head_json":{"title":"Ukraynan\u0131n Almaniyadak\u0131 s\u0259firinin Netrebkonun \u00e7\u0131x\u0131\u015f\u0131n\u0131 l\u0259\u011fv etm\u0259k ist\u0259diyi m\u0259lum olub - \u0130CT\u0130MA\u0130.AZ","robots":{"index":"index","follow":"follow","max-snippet":"max-snippet:-1","max-image-preview":"max-image-preview:large","max-video-preview":"max-video-preview:-1"},"canonical":"https:\/\/ictimai.az\/?p=75961","og_locale":"az_AZ","og_type":"article","og_title":"Ukraynan\u0131n Almaniyadak\u0131 s\u0259firinin Netrebkonun \u00e7\u0131x\u0131\u015f\u0131n\u0131 l\u0259\u011fv etm\u0259k ist\u0259diyi m\u0259lum olub - \u0130CT\u0130MA\u0130.AZ","og_description":"Ukraynan\u0131n \u0130sve\u00e7r\u0259d\u0259ki s\u0259firi \u0130rina Venediktova rusiyal\u0131 m\u00fc\u011f\u0259nni Anna Netrebkonun S\u00fcrixd\u0259ki \u00e7\u0131x\u0131\u015f\u0131n\u0131 l\u0259\u011fv etm\u0259y\u0259 \u00e7al\u0131\u015f\u0131r, Die Weltwoche jurnal\u0131 x\u0259b\u0259r verir. Netrebkonun konsertinin S\u00fcrix Opera Evind\u0259 ba\u015f tutmas\u0131 planla\u015fd\u0131r\u0131l\u0131r. Qeyd olunur ki, Venediktova teatr\u0131n r\u0259hb\u0259rliyin\u0259 yaz\u0131l\u0131 m\u00fcraci\u0259t \u00fcnvanlay\u0131b, onun n\u00fcmay\u0259nd\u0259l\u0259ri il\u0259 \u015f\u0259xs\u0259n dan\u0131\u015fsa da, n\u0259tic\u0259si olmay\u0131b. Venediktova daha sonra S\u00fcrix \u015e\u0259h\u0259r \u015euras\u0131n\u0131n \u00fczvl\u0259rin\u0259 t\u0259zyiq g\u00f6st\u0259rm\u0259y\u0259 c\u0259hd edib.","og_url":"https:\/\/ictimai.az\/?p=75961","og_site_name":"\u0130CT\u0130MA\u0130.AZ","article_published_time":"2025-10-04T04:23:18+00:00","article_modified_time":"2025-10-04T05:25:59+00:00","og_image":[{"width":900,"height":600,"url":"https:\/\/ictimai.az\/core\/uploads\/2025\/10\/ictimai_19952a8403536e21340515da2cc48973_z0pqlna8c6ju7yhbigtw.jpg","type":"image\/jpeg"}],"author":"R\u0259\u015fad Bayramov","twitter_card":"summary_large_image","twitter_misc":{"Written by":"R\u0259\u015fad Bayramov","Est. reading time":"1 minute"},"schema":{"@context":"https:\/\/schema.org","@graph":[{"@type":"Article","@id":"https:\/\/ictimai.az\/?p=75961#article","isPartOf":{"@id":"https:\/\/ictimai.az\/?p=75961"},"author":{"name":"R\u0259\u015fad Bayramov","@id":"https:\/\/ictimai.az\/#\/schema\/person\/1da94bf2c7ab5d83ad349237bec1e6af"},"headline":"Ukraynan\u0131n Almaniyadak\u0131 s\u0259firinin Netrebkonun \u00e7\u0131x\u0131\u015f\u0131n\u0131 l\u0259\u011fv etm\u0259k ist\u0259diyi m\u0259lum olub","datePublished":"2025-10-04T04:23:18+00:00","dateModified":"2025-10-04T05:25:59+00:00","mainEntityOfPage":{"@id":"https:\/\/ictimai.az\/?p=75961"},"wordCount":117,"publisher":{"@id":"https:\/\/ictimai.az\/#organization"},"image":{"@id":"https:\/\/ictimai.az\/?p=75961#primaryimage"},"thumbnailUrl":"https:\/\/ictimai.az\/core\/uploads\/2025\/10\/ictimai_19952a8403536e21340515da2cc48973_z0pqlna8c6ju7yhbigtw.jpg","articleSection":["D\u00fcnya","MED\u0130A"],"inLanguage":"az"},{"@type":"WebPage","@id":"https:\/\/ictimai.az\/?p=75961","url":"https:\/\/ictimai.az\/?p=75961","name":"Ukraynan\u0131n Almaniyadak\u0131 s\u0259firinin Netrebkonun \u00e7\u0131x\u0131\u015f\u0131n\u0131 l\u0259\u011fv etm\u0259k ist\u0259diyi m\u0259lum olub - \u0130CT\u0130MA\u0130.AZ","isPartOf":{"@id":"https:\/\/ictimai.az\/#website"},"primaryImageOfPage":{"@id":"https:\/\/ictimai.az\/?p=75961#primaryimage"},"image":{"@id":"https:\/\/ictimai.az\/?p=75961#primaryimage"},"thumbnailUrl":"https:\/\/ictimai.az\/core\/uploads\/2025\/10\/ictimai_19952a8403536e21340515da2cc48973_z0pqlna8c6ju7yhbigtw.jpg","datePublished":"2025-10-04T04:23:18+00:00","dateModified":"2025-10-04T05:25:59+00:00","breadcrumb":{"@id":"https:\/\/ictimai.az\/?p=75961#breadcrumb"},"inLanguage":"az","potentialAction":[{"@type":"ReadAction","target":["https:\/\/ictimai.az\/?p=75961"]}]},{"@type":"ImageObject","inLanguage":"az","@id":"https:\/\/ictimai.az\/?p=75961#primaryimage","url":"https:\/\/ictimai.az\/core\/uploads\/2025\/10\/ictimai_19952a8403536e21340515da2cc48973_z0pqlna8c6ju7yhbigtw.jpg","contentUrl":"https:\/\/ictimai.az\/core\/uploads\/2025\/10\/ictimai_19952a8403536e21340515da2cc48973_z0pqlna8c6ju7yhbigtw.jpg","width":900,"height":600},{"@type":"BreadcrumbList","@id":"https:\/\/ictimai.az\/?p=75961#breadcrumb","itemListElement":[{"@type":"ListItem","position":1,"name":"Home","item":"https:\/\/ictimai.az\/"},{"@type":"ListItem","position":2,"name":"Ukraynan\u0131n Almaniyadak\u0131 s\u0259firinin Netrebkonun \u00e7\u0131x\u0131\u015f\u0131n\u0131 l\u0259\u011fv etm\u0259k ist\u0259diyi m\u0259lum olub"}]},{"@type":"WebSite","@id":"https:\/\/ictimai.az\/#website","url":"https:\/\/ictimai.az\/","name":"\u0130CT\u0130MA\u0130.AZ","description":"","publisher":{"@id":"https:\/\/ictimai.az\/#organization"},"potentialAction":[{"@type":"SearchAction","target":{"@type":"EntryPoint","urlTemplate":"https:\/\/ictimai.az\/?s={search_term_string}"},"query-input":{"@type":"PropertyValueSpecification","valueRequired":true,"valueName":"search_term_string"}}],"inLanguage":"az"},{"@type":"Organization","@id":"https:\/\/ictimai.az\/#organization","name":"\u0130CT\u0130MA\u0130.AZ","url":"https:\/\/ictimai.az\/","logo":{"@type":"ImageObject","inLanguage":"az","@id":"https:\/\/ictimai.az\/#\/schema\/logo\/image\/","url":"https:\/\/ictimai.az\/core\/uploads\/2026\/06\/cropped-ictimai_0380d81099c6fe3baae753faceb5481f_p41rg2mzq0uyvextfh3k-768x768-1-3.png","contentUrl":"https:\/\/ictimai.az\/core\/uploads\/2026\/06\/cropped-ictimai_0380d81099c6fe3baae753faceb5481f_p41rg2mzq0uyvextfh3k-768x768-1-3.png","width":768,"height":768,"caption":"\u0130CT\u0130MA\u0130.AZ"},"image":{"@id":"https:\/\/ictimai.az\/#\/schema\/logo\/image\/"}},{"@type":"Person","@id":"https:\/\/ictimai.az\/#\/schema\/person\/1da94bf2c7ab5d83ad349237bec1e6af","name":"R\u0259\u015fad Bayramov","image":{"@type":"ImageObject","inLanguage":"az","@id":"https:\/\/secure.gravatar.com\/avatar\/83c075605ba0a4d35d59726aaad89cfa8008d1f01603342c56f1dd79784491bc?s=96&d=mm&r=g","url":"https:\/\/secure.gravatar.com\/avatar\/83c075605ba0a4d35d59726aaad89cfa8008d1f01603342c56f1dd79784491bc?s=96&d=mm&r=g","contentUrl":"https:\/\/secure.gravatar.com\/avatar\/83c075605ba0a4d35d59726aaad89cfa8008d1f01603342c56f1dd79784491bc?s=96&d=mm&r=g","caption":"R\u0259\u015fad Bayramov"},"sameAs":["https:\/\/ictimai.az\/"],"url":"https:\/\/ictimai.az\/?author=2"}]}},"_links":{"self":[{"href":"https:\/\/ictimai.az\/index.php?rest_route=\/wp\/v2\/posts\/75961","targetHints":{"allow":["GET"]}}],"collection":[{"href":"https:\/\/ictimai.az\/index.php?rest_route=\/wp\/v2\/posts"}],"about":[{"href":"https:\/\/ictimai.az\/index.php?rest_route=\/wp\/v2\/types\/post"}],"author":[{"embeddable":true,"href":"https:\/\/ictimai.az\/index.php?rest_route=\/wp\/v2\/users\/2"}],"replies":[{"embeddable":true,"href":"https:\/\/ictimai.az\/index.php?rest_route=%2Fwp%2Fv2%2Fcomments&post=75961"}],"version-history":[{"count":0,"href":"https:\/\/ictimai.az\/index.php?rest_route=\/wp\/v2\/posts\/75961\/revisions"}],"wp:featuredmedia":[{"embeddable":true,"href":"https:\/\/ictimai.az\/index.php?rest_route=\/wp\/v2\/media\/75962"}],"wp:attachment":[{"href":"https:\/\/ictimai.az\/index.php?rest_route=%2Fwp%2Fv2%2Fmedia&parent=75961"}],"wp:term":[{"taxonomy":"category","embeddable":true,"href":"https:\/\/ictimai.az\/index.php?rest_route=%2Fwp%2Fv2%2Fcategories&post=75961"},{"taxonomy":"post_tag","embeddable":true,"href":"https:\/\/ictimai.az\/index.php?rest_route=%2Fwp%2Fv2%2Ftags&post=75961"}],"curies":[{"name":"wp","href":"https:\/\/api.w.org\/{rel}","templated":true}]}}