{"id":77071,"date":"2025-11-01T07:35:32","date_gmt":"2025-11-01T03:35:32","guid":{"rendered":"https:\/\/ictimai.az\/?p=77071"},"modified":"2025-11-01T10:36:25","modified_gmt":"2025-11-01T06:36:25","slug":"serbiya-beyan-edib-ki-onun-ai-ye-munasibeti-artiq-evvelki-kimi-ola-bilmez","status":"publish","type":"post","link":"https:\/\/ictimai.az\/?p=77071","title":{"rendered":"Serbiya b\u0259yan edib ki, onun A\u0130-y\u0259 m\u00fcnasib\u0259ti art\u0131q \u0259vv\u0259lki kimi ola bilm\u0259z"},"content":{"rendered":"<p>T\u0259l\u0259b\u0259l\u0259rin v\u0259 m\u00fcxalif\u0259t t\u0259r\u0259fdarlar\u0131n\u0131n bir ildir davam ed\u0259n etirazlar\u0131ndan sonra Serbiyan\u0131n Avropa \u0130ttifaq\u0131na (A\u0130) m\u00fcnasib\u0259ti art\u0131q \u0259vv\u0259lki kimi ola bilm\u0259z.<\/p>\n<p>Bu fikri R\u0130A Novosti-y\u0259 m\u00fcsahib\u0259sind\u0259 Sosialist H\u0259r\u0259kat\u0131 partiyas\u0131n\u0131n t\u0259sis\u00e7isi, Srbijaqas m\u00fc\u015fahid\u0259 \u015furas\u0131n\u0131n s\u0259dri, Rusiya Tarix C\u0259miyy\u0259tinin Serbiya b\u00f6lm\u0259sinin r\u0259hb\u0259ri Aleksandr Vulin bildirib.<\/p>\n<p>Onun s\u00f6zl\u0259rin\u0259 g\u00f6r\u0259, A\u0130 Belqrad \u0259leyhin\u0259 f\u0259al i\u015fl\u0259yir. B\u0259zi Avropa \u0130ttifaq\u0131na \u00fczv \u00f6lk\u0259l\u0259rin t\u0259hl\u00fck\u0259sizlik xidm\u0259tl\u0259ri r\u0259ngli inqilablara t\u0259hrik edir v\u0259 Serbiya h\u00f6kum\u0259tini devirm\u0259y\u0259 c\u0259hd edir.<\/p>\n<p>&#8220;\u0130nan\u0131ram ki, \u00f6t\u0259n ild\u0259n sonra he\u00e7 n\u0259 \u0259vv\u0259lki kimi ola bilm\u0259z. A\u0130-y\u0259 m\u00fcnasib\u0259timiz d\u0259 eyni qala bilm\u0259z&#8221;, &#8211; Vulin vur\u011fulay\u0131b.<\/p>\n","protected":false},"excerpt":{"rendered":"<p>T\u0259l\u0259b\u0259l\u0259rin v\u0259 m\u00fcxalif\u0259t t\u0259r\u0259fdarlar\u0131n\u0131n bir ildir davam ed\u0259n etirazlar\u0131ndan sonra Serbiyan\u0131n Avropa \u0130ttifaq\u0131na (A\u0130) m\u00fcnasib\u0259ti art\u0131q \u0259vv\u0259lki kimi ola bilm\u0259z. Bu fikri R\u0130A Novosti-y\u0259 m\u00fcsahib\u0259sind\u0259 Sosialist H\u0259r\u0259kat\u0131 partiyas\u0131n\u0131n t\u0259sis\u00e7isi, Srbijaqas m\u00fc\u015fahid\u0259 \u015furas\u0131n\u0131n s\u0259dri, Rusiya Tarix C\u0259miyy\u0259tinin Serbiya b\u00f6lm\u0259sinin r\u0259hb\u0259ri Aleksandr Vulin bildirib. Onun s\u00f6zl\u0259rin\u0259 g\u00f6r\u0259, A\u0130 Belqrad \u0259leyhin\u0259 f\u0259al i\u015fl\u0259yir. B\u0259zi Avropa \u0130ttifaq\u0131na \u00fczv \u00f6lk\u0259l\u0259rin [&hellip;]<\/p>\n","protected":false},"author":3,"featured_media":77072,"comment_status":"closed","ping_status":"closed","sticky":false,"template":"","format":"standard","meta":{"footnotes":""},"categories":[36,15],"tags":[],"class_list":["post-77071","post","type-post","status-publish","format-standard","has-post-thumbnail","hentry","category-media","category-politics"],"yoast_head":"<!-- This site is optimized with the Yoast SEO plugin v28.2 - https:\/\/yoast.com\/product\/yoast-seo-wordpress\/ -->\n<title>Serbiya b\u0259yan edib ki, onun A\u0130-y\u0259 m\u00fcnasib\u0259ti art\u0131q \u0259vv\u0259lki kimi ola bilm\u0259z - \u0130CT\u0130MA\u0130.AZ<\/title>\n<meta name=\"robots\" content=\"index, follow, max-snippet:-1, max-image-preview:large, max-video-preview:-1\" \/>\n<link rel=\"canonical\" href=\"https:\/\/ictimai.az\/?p=77071\" \/>\n<meta property=\"og:locale\" content=\"az_AZ\" \/>\n<meta property=\"og:type\" content=\"article\" \/>\n<meta property=\"og:title\" content=\"Serbiya b\u0259yan edib ki, onun A\u0130-y\u0259 m\u00fcnasib\u0259ti art\u0131q \u0259vv\u0259lki kimi ola bilm\u0259z - \u0130CT\u0130MA\u0130.AZ\" \/>\n<meta property=\"og:description\" content=\"T\u0259l\u0259b\u0259l\u0259rin v\u0259 m\u00fcxalif\u0259t t\u0259r\u0259fdarlar\u0131n\u0131n bir ildir davam ed\u0259n etirazlar\u0131ndan sonra Serbiyan\u0131n Avropa \u0130ttifaq\u0131na (A\u0130) m\u00fcnasib\u0259ti art\u0131q \u0259vv\u0259lki kimi ola bilm\u0259z. Bu fikri R\u0130A Novosti-y\u0259 m\u00fcsahib\u0259sind\u0259 Sosialist H\u0259r\u0259kat\u0131 partiyas\u0131n\u0131n t\u0259sis\u00e7isi, Srbijaqas m\u00fc\u015fahid\u0259 \u015furas\u0131n\u0131n s\u0259dri, Rusiya Tarix C\u0259miyy\u0259tinin Serbiya b\u00f6lm\u0259sinin r\u0259hb\u0259ri Aleksandr Vulin bildirib. Onun s\u00f6zl\u0259rin\u0259 g\u00f6r\u0259, A\u0130 Belqrad \u0259leyhin\u0259 f\u0259al i\u015fl\u0259yir. B\u0259zi Avropa \u0130ttifaq\u0131na \u00fczv \u00f6lk\u0259l\u0259rin [&hellip;]\" \/>\n<meta property=\"og:url\" content=\"https:\/\/ictimai.az\/?p=77071\" \/>\n<meta property=\"og:site_name\" content=\"\u0130CT\u0130MA\u0130.AZ\" \/>\n<meta property=\"article:published_time\" content=\"2025-11-01T03:35:32+00:00\" \/>\n<meta property=\"article:modified_time\" content=\"2025-11-01T06:36:25+00:00\" \/>\n<meta property=\"og:image\" content=\"https:\/\/ictimai.az\/core\/uploads\/2025\/11\/ictimai_e4e63f078ff8329d51b20ecdd0790ada_xygs3hk5jet728nr9w1a.jpg\" \/>\n\t<meta property=\"og:image:width\" content=\"900\" \/>\n\t<meta property=\"og:image:height\" content=\"600\" \/>\n\t<meta property=\"og:image:type\" content=\"image\/jpeg\" \/>\n<meta name=\"author\" content=\"Rashad Bayramov\" \/>\n<meta name=\"twitter:card\" content=\"summary_large_image\" \/>\n<meta name=\"twitter:label1\" content=\"Written by\" \/>\n\t<meta name=\"twitter:data1\" content=\"Rashad Bayramov\" \/>\n\t<meta name=\"twitter:label2\" content=\"Est. reading time\" \/>\n\t<meta name=\"twitter:data2\" content=\"1 minute\" \/>\n<script type=\"application\/ld+json\" class=\"yoast-schema-graph\">{\"@context\":\"https:\\\/\\\/schema.org\",\"@graph\":[{\"@type\":\"Article\",\"@id\":\"https:\\\/\\\/ictimai.az\\\/?p=77071#article\",\"isPartOf\":{\"@id\":\"https:\\\/\\\/ictimai.az\\\/?p=77071\"},\"author\":{\"name\":\"Rashad Bayramov\",\"@id\":\"https:\\\/\\\/ictimai.az\\\/#\\\/schema\\\/person\\\/9ac6f26569a9ae9806130a33903085b7\"},\"headline\":\"Serbiya b\u0259yan edib ki, onun A\u0130-y\u0259 m\u00fcnasib\u0259ti art\u0131q \u0259vv\u0259lki kimi ola bilm\u0259z\",\"datePublished\":\"2025-11-01T03:35:32+00:00\",\"dateModified\":\"2025-11-01T06:36:25+00:00\",\"mainEntityOfPage\":{\"@id\":\"https:\\\/\\\/ictimai.az\\\/?p=77071\"},\"wordCount\":176,\"publisher\":{\"@id\":\"https:\\\/\\\/ictimai.az\\\/#organization\"},\"image\":{\"@id\":\"https:\\\/\\\/ictimai.az\\\/?p=77071#primaryimage\"},\"thumbnailUrl\":\"https:\\\/\\\/ictimai.az\\\/core\\\/uploads\\\/2025\\\/11\\\/ictimai_e4e63f078ff8329d51b20ecdd0790ada_xygs3hk5jet728nr9w1a.jpg\",\"articleSection\":[\"MED\u0130A\",\"Siyas\u0259t\"],\"inLanguage\":\"az\"},{\"@type\":\"WebPage\",\"@id\":\"https:\\\/\\\/ictimai.az\\\/?p=77071\",\"url\":\"https:\\\/\\\/ictimai.az\\\/?p=77071\",\"name\":\"Serbiya b\u0259yan edib ki, onun A\u0130-y\u0259 m\u00fcnasib\u0259ti art\u0131q \u0259vv\u0259lki kimi ola bilm\u0259z - \u0130CT\u0130MA\u0130.AZ\",\"isPartOf\":{\"@id\":\"https:\\\/\\\/ictimai.az\\\/#website\"},\"primaryImageOfPage\":{\"@id\":\"https:\\\/\\\/ictimai.az\\\/?p=77071#primaryimage\"},\"image\":{\"@id\":\"https:\\\/\\\/ictimai.az\\\/?p=77071#primaryimage\"},\"thumbnailUrl\":\"https:\\\/\\\/ictimai.az\\\/core\\\/uploads\\\/2025\\\/11\\\/ictimai_e4e63f078ff8329d51b20ecdd0790ada_xygs3hk5jet728nr9w1a.jpg\",\"datePublished\":\"2025-11-01T03:35:32+00:00\",\"dateModified\":\"2025-11-01T06:36:25+00:00\",\"breadcrumb\":{\"@id\":\"https:\\\/\\\/ictimai.az\\\/?p=77071#breadcrumb\"},\"inLanguage\":\"az\",\"potentialAction\":[{\"@type\":\"ReadAction\",\"target\":[\"https:\\\/\\\/ictimai.az\\\/?p=77071\"]}]},{\"@type\":\"ImageObject\",\"inLanguage\":\"az\",\"@id\":\"https:\\\/\\\/ictimai.az\\\/?p=77071#primaryimage\",\"url\":\"https:\\\/\\\/ictimai.az\\\/core\\\/uploads\\\/2025\\\/11\\\/ictimai_e4e63f078ff8329d51b20ecdd0790ada_xygs3hk5jet728nr9w1a.jpg\",\"contentUrl\":\"https:\\\/\\\/ictimai.az\\\/core\\\/uploads\\\/2025\\\/11\\\/ictimai_e4e63f078ff8329d51b20ecdd0790ada_xygs3hk5jet728nr9w1a.jpg\",\"width\":900,\"height\":600},{\"@type\":\"BreadcrumbList\",\"@id\":\"https:\\\/\\\/ictimai.az\\\/?p=77071#breadcrumb\",\"itemListElement\":[{\"@type\":\"ListItem\",\"position\":1,\"name\":\"Home\",\"item\":\"https:\\\/\\\/ictimai.az\\\/\"},{\"@type\":\"ListItem\",\"position\":2,\"name\":\"Serbiya b\u0259yan edib ki, onun A\u0130-y\u0259 m\u00fcnasib\u0259ti art\u0131q \u0259vv\u0259lki kimi ola bilm\u0259z\"}]},{\"@type\":\"WebSite\",\"@id\":\"https:\\\/\\\/ictimai.az\\\/#website\",\"url\":\"https:\\\/\\\/ictimai.az\\\/\",\"name\":\"\u0130CT\u0130MA\u0130.AZ\",\"description\":\"\",\"publisher\":{\"@id\":\"https:\\\/\\\/ictimai.az\\\/#organization\"},\"potentialAction\":[{\"@type\":\"SearchAction\",\"target\":{\"@type\":\"EntryPoint\",\"urlTemplate\":\"https:\\\/\\\/ictimai.az\\\/?s={search_term_string}\"},\"query-input\":{\"@type\":\"PropertyValueSpecification\",\"valueRequired\":true,\"valueName\":\"search_term_string\"}}],\"inLanguage\":\"az\"},{\"@type\":\"Organization\",\"@id\":\"https:\\\/\\\/ictimai.az\\\/#organization\",\"name\":\"\u0130CT\u0130MA\u0130.AZ\",\"url\":\"https:\\\/\\\/ictimai.az\\\/\",\"logo\":{\"@type\":\"ImageObject\",\"inLanguage\":\"az\",\"@id\":\"https:\\\/\\\/ictimai.az\\\/#\\\/schema\\\/logo\\\/image\\\/\",\"url\":\"https:\\\/\\\/ictimai.az\\\/core\\\/uploads\\\/2026\\\/06\\\/cropped-ictimai_0380d81099c6fe3baae753faceb5481f_p41rg2mzq0uyvextfh3k-768x768-1-3.png\",\"contentUrl\":\"https:\\\/\\\/ictimai.az\\\/core\\\/uploads\\\/2026\\\/06\\\/cropped-ictimai_0380d81099c6fe3baae753faceb5481f_p41rg2mzq0uyvextfh3k-768x768-1-3.png\",\"width\":768,\"height\":768,\"caption\":\"\u0130CT\u0130MA\u0130.AZ\"},\"image\":{\"@id\":\"https:\\\/\\\/ictimai.az\\\/#\\\/schema\\\/logo\\\/image\\\/\"}},{\"@type\":\"Person\",\"@id\":\"https:\\\/\\\/ictimai.az\\\/#\\\/schema\\\/person\\\/9ac6f26569a9ae9806130a33903085b7\",\"name\":\"Rashad Bayramov\",\"image\":{\"@type\":\"ImageObject\",\"inLanguage\":\"az\",\"@id\":\"https:\\\/\\\/secure.gravatar.com\\\/avatar\\\/2c457cabf3c9d5b2c92c284169c1d34874f3316e1802b973e88e91d4a9df5ee8?s=96&d=mm&r=g\",\"url\":\"https:\\\/\\\/secure.gravatar.com\\\/avatar\\\/2c457cabf3c9d5b2c92c284169c1d34874f3316e1802b973e88e91d4a9df5ee8?s=96&d=mm&r=g\",\"contentUrl\":\"https:\\\/\\\/secure.gravatar.com\\\/avatar\\\/2c457cabf3c9d5b2c92c284169c1d34874f3316e1802b973e88e91d4a9df5ee8?s=96&d=mm&r=g\",\"caption\":\"Rashad Bayramov\"},\"sameAs\":[\"https:\\\/\\\/ictimai.az\\\/\"],\"url\":\"https:\\\/\\\/ictimai.az\\\/?author=3\"}]}<\/script>\n<!-- \/ Yoast SEO plugin. -->","yoast_head_json":{"title":"Serbiya b\u0259yan edib ki, onun A\u0130-y\u0259 m\u00fcnasib\u0259ti art\u0131q \u0259vv\u0259lki kimi ola bilm\u0259z - \u0130CT\u0130MA\u0130.AZ","robots":{"index":"index","follow":"follow","max-snippet":"max-snippet:-1","max-image-preview":"max-image-preview:large","max-video-preview":"max-video-preview:-1"},"canonical":"https:\/\/ictimai.az\/?p=77071","og_locale":"az_AZ","og_type":"article","og_title":"Serbiya b\u0259yan edib ki, onun A\u0130-y\u0259 m\u00fcnasib\u0259ti art\u0131q \u0259vv\u0259lki kimi ola bilm\u0259z - \u0130CT\u0130MA\u0130.AZ","og_description":"T\u0259l\u0259b\u0259l\u0259rin v\u0259 m\u00fcxalif\u0259t t\u0259r\u0259fdarlar\u0131n\u0131n bir ildir davam ed\u0259n etirazlar\u0131ndan sonra Serbiyan\u0131n Avropa \u0130ttifaq\u0131na (A\u0130) m\u00fcnasib\u0259ti art\u0131q \u0259vv\u0259lki kimi ola bilm\u0259z. Bu fikri R\u0130A Novosti-y\u0259 m\u00fcsahib\u0259sind\u0259 Sosialist H\u0259r\u0259kat\u0131 partiyas\u0131n\u0131n t\u0259sis\u00e7isi, Srbijaqas m\u00fc\u015fahid\u0259 \u015furas\u0131n\u0131n s\u0259dri, Rusiya Tarix C\u0259miyy\u0259tinin Serbiya b\u00f6lm\u0259sinin r\u0259hb\u0259ri Aleksandr Vulin bildirib. Onun s\u00f6zl\u0259rin\u0259 g\u00f6r\u0259, A\u0130 Belqrad \u0259leyhin\u0259 f\u0259al i\u015fl\u0259yir. B\u0259zi Avropa \u0130ttifaq\u0131na \u00fczv \u00f6lk\u0259l\u0259rin [&hellip;]","og_url":"https:\/\/ictimai.az\/?p=77071","og_site_name":"\u0130CT\u0130MA\u0130.AZ","article_published_time":"2025-11-01T03:35:32+00:00","article_modified_time":"2025-11-01T06:36:25+00:00","og_image":[{"width":900,"height":600,"url":"https:\/\/ictimai.az\/core\/uploads\/2025\/11\/ictimai_e4e63f078ff8329d51b20ecdd0790ada_xygs3hk5jet728nr9w1a.jpg","type":"image\/jpeg"}],"author":"Rashad Bayramov","twitter_card":"summary_large_image","twitter_misc":{"Written by":"Rashad Bayramov","Est. reading time":"1 minute"},"schema":{"@context":"https:\/\/schema.org","@graph":[{"@type":"Article","@id":"https:\/\/ictimai.az\/?p=77071#article","isPartOf":{"@id":"https:\/\/ictimai.az\/?p=77071"},"author":{"name":"Rashad Bayramov","@id":"https:\/\/ictimai.az\/#\/schema\/person\/9ac6f26569a9ae9806130a33903085b7"},"headline":"Serbiya b\u0259yan edib ki, onun A\u0130-y\u0259 m\u00fcnasib\u0259ti art\u0131q \u0259vv\u0259lki kimi ola bilm\u0259z","datePublished":"2025-11-01T03:35:32+00:00","dateModified":"2025-11-01T06:36:25+00:00","mainEntityOfPage":{"@id":"https:\/\/ictimai.az\/?p=77071"},"wordCount":176,"publisher":{"@id":"https:\/\/ictimai.az\/#organization"},"image":{"@id":"https:\/\/ictimai.az\/?p=77071#primaryimage"},"thumbnailUrl":"https:\/\/ictimai.az\/core\/uploads\/2025\/11\/ictimai_e4e63f078ff8329d51b20ecdd0790ada_xygs3hk5jet728nr9w1a.jpg","articleSection":["MED\u0130A","Siyas\u0259t"],"inLanguage":"az"},{"@type":"WebPage","@id":"https:\/\/ictimai.az\/?p=77071","url":"https:\/\/ictimai.az\/?p=77071","name":"Serbiya b\u0259yan edib ki, onun A\u0130-y\u0259 m\u00fcnasib\u0259ti art\u0131q \u0259vv\u0259lki kimi ola bilm\u0259z - \u0130CT\u0130MA\u0130.AZ","isPartOf":{"@id":"https:\/\/ictimai.az\/#website"},"primaryImageOfPage":{"@id":"https:\/\/ictimai.az\/?p=77071#primaryimage"},"image":{"@id":"https:\/\/ictimai.az\/?p=77071#primaryimage"},"thumbnailUrl":"https:\/\/ictimai.az\/core\/uploads\/2025\/11\/ictimai_e4e63f078ff8329d51b20ecdd0790ada_xygs3hk5jet728nr9w1a.jpg","datePublished":"2025-11-01T03:35:32+00:00","dateModified":"2025-11-01T06:36:25+00:00","breadcrumb":{"@id":"https:\/\/ictimai.az\/?p=77071#breadcrumb"},"inLanguage":"az","potentialAction":[{"@type":"ReadAction","target":["https:\/\/ictimai.az\/?p=77071"]}]},{"@type":"ImageObject","inLanguage":"az","@id":"https:\/\/ictimai.az\/?p=77071#primaryimage","url":"https:\/\/ictimai.az\/core\/uploads\/2025\/11\/ictimai_e4e63f078ff8329d51b20ecdd0790ada_xygs3hk5jet728nr9w1a.jpg","contentUrl":"https:\/\/ictimai.az\/core\/uploads\/2025\/11\/ictimai_e4e63f078ff8329d51b20ecdd0790ada_xygs3hk5jet728nr9w1a.jpg","width":900,"height":600},{"@type":"BreadcrumbList","@id":"https:\/\/ictimai.az\/?p=77071#breadcrumb","itemListElement":[{"@type":"ListItem","position":1,"name":"Home","item":"https:\/\/ictimai.az\/"},{"@type":"ListItem","position":2,"name":"Serbiya b\u0259yan edib ki, onun A\u0130-y\u0259 m\u00fcnasib\u0259ti art\u0131q \u0259vv\u0259lki kimi ola bilm\u0259z"}]},{"@type":"WebSite","@id":"https:\/\/ictimai.az\/#website","url":"https:\/\/ictimai.az\/","name":"\u0130CT\u0130MA\u0130.AZ","description":"","publisher":{"@id":"https:\/\/ictimai.az\/#organization"},"potentialAction":[{"@type":"SearchAction","target":{"@type":"EntryPoint","urlTemplate":"https:\/\/ictimai.az\/?s={search_term_string}"},"query-input":{"@type":"PropertyValueSpecification","valueRequired":true,"valueName":"search_term_string"}}],"inLanguage":"az"},{"@type":"Organization","@id":"https:\/\/ictimai.az\/#organization","name":"\u0130CT\u0130MA\u0130.AZ","url":"https:\/\/ictimai.az\/","logo":{"@type":"ImageObject","inLanguage":"az","@id":"https:\/\/ictimai.az\/#\/schema\/logo\/image\/","url":"https:\/\/ictimai.az\/core\/uploads\/2026\/06\/cropped-ictimai_0380d81099c6fe3baae753faceb5481f_p41rg2mzq0uyvextfh3k-768x768-1-3.png","contentUrl":"https:\/\/ictimai.az\/core\/uploads\/2026\/06\/cropped-ictimai_0380d81099c6fe3baae753faceb5481f_p41rg2mzq0uyvextfh3k-768x768-1-3.png","width":768,"height":768,"caption":"\u0130CT\u0130MA\u0130.AZ"},"image":{"@id":"https:\/\/ictimai.az\/#\/schema\/logo\/image\/"}},{"@type":"Person","@id":"https:\/\/ictimai.az\/#\/schema\/person\/9ac6f26569a9ae9806130a33903085b7","name":"Rashad Bayramov","image":{"@type":"ImageObject","inLanguage":"az","@id":"https:\/\/secure.gravatar.com\/avatar\/2c457cabf3c9d5b2c92c284169c1d34874f3316e1802b973e88e91d4a9df5ee8?s=96&d=mm&r=g","url":"https:\/\/secure.gravatar.com\/avatar\/2c457cabf3c9d5b2c92c284169c1d34874f3316e1802b973e88e91d4a9df5ee8?s=96&d=mm&r=g","contentUrl":"https:\/\/secure.gravatar.com\/avatar\/2c457cabf3c9d5b2c92c284169c1d34874f3316e1802b973e88e91d4a9df5ee8?s=96&d=mm&r=g","caption":"Rashad Bayramov"},"sameAs":["https:\/\/ictimai.az\/"],"url":"https:\/\/ictimai.az\/?author=3"}]}},"_links":{"self":[{"href":"https:\/\/ictimai.az\/index.php?rest_route=\/wp\/v2\/posts\/77071","targetHints":{"allow":["GET"]}}],"collection":[{"href":"https:\/\/ictimai.az\/index.php?rest_route=\/wp\/v2\/posts"}],"about":[{"href":"https:\/\/ictimai.az\/index.php?rest_route=\/wp\/v2\/types\/post"}],"author":[{"embeddable":true,"href":"https:\/\/ictimai.az\/index.php?rest_route=\/wp\/v2\/users\/3"}],"replies":[{"embeddable":true,"href":"https:\/\/ictimai.az\/index.php?rest_route=%2Fwp%2Fv2%2Fcomments&post=77071"}],"version-history":[{"count":0,"href":"https:\/\/ictimai.az\/index.php?rest_route=\/wp\/v2\/posts\/77071\/revisions"}],"wp:featuredmedia":[{"embeddable":true,"href":"https:\/\/ictimai.az\/index.php?rest_route=\/wp\/v2\/media\/77072"}],"wp:attachment":[{"href":"https:\/\/ictimai.az\/index.php?rest_route=%2Fwp%2Fv2%2Fmedia&parent=77071"}],"wp:term":[{"taxonomy":"category","embeddable":true,"href":"https:\/\/ictimai.az\/index.php?rest_route=%2Fwp%2Fv2%2Fcategories&post=77071"},{"taxonomy":"post_tag","embeddable":true,"href":"https:\/\/ictimai.az\/index.php?rest_route=%2Fwp%2Fv2%2Ftags&post=77071"}],"curies":[{"name":"wp","href":"https:\/\/api.w.org\/{rel}","templated":true}]}}