{"id":78583,"date":"2025-12-09T18:03:02","date_gmt":"2025-12-09T14:03:02","guid":{"rendered":"https:\/\/ictimai.az\/?p=78583"},"modified":"2025-12-09T22:04:10","modified_gmt":"2025-12-09T18:04:10","slug":"bu-ilin-11-ayinda-116-min-avadanligin-idxalina-icaze-verilib","status":"publish","type":"post","link":"https:\/\/ictimai.az\/?p=78583","title":{"rendered":"Bu ilin 11 ay\u0131nda 116 min avadanl\u0131\u011f\u0131n idxal\u0131na icaz\u0259 verilib"},"content":{"rendered":"<p>Cari ilin yanvar-noyabr aylar\u0131nda Az\u0259rbaycan\u0131n telekommunikasiya v\u0259 po\u00e7t xidm\u0259tl\u0259ri \u00fczr\u0259 t\u0259nziml\u0259yici qurumu \u0130nformasiya Kommunikasiya Texnologiyalar\u0131 Agentliyi (\u0130KTA) t\u0259r\u0259find\u0259n 737 h\u00fcquqi v\u0259 fiziki \u015f\u0259xs t\u0259r\u0259find\u0259n 122 320 \u0259d\u0259d avadanl\u0131\u011fa icaz\u0259 \u00fc\u00e7\u00fcn m\u00fcraci\u0259t\u0259 bax\u0131l\u0131b.<\/p>\n<p>Bunlardan 245 h\u00fcquqi v\u0259 fiziki \u015f\u0259xs t\u0259r\u0259find\u0259n\u00a0<strong>2<\/strong>\u00a0<strong>593<\/strong>\u00a0\u0259d\u0259d \u201cM\u00fclki d\u00f6vriyy\u0259nin m\u00fc\u0259yy\u0259n i\u015ftirak\u00e7\u0131lar\u0131na m\u0259nsub ola bil\u0259n v\u0259 d\u00f6vriyy\u0259d\u0259 olmas\u0131na x\u00fcsusi icaz\u0259 \u0259sas\u0131nda yol veril\u0259n (m\u00fclki d\u00f6vriyy\u0259si m\u0259hdudla\u015fd\u0131r\u0131lm\u0131\u015f) \u0259\u015fyalar\u0131n siyah\u0131s\u0131 haqq\u0131nda\u201d Az\u0259rbaycan Respublikas\u0131n\u0131n Qanununda n\u0259z\u0259rd\u0259 tutulan m\u00fcxt\u0259lif markal\u0131 v\u0259 modelli avadanl\u0131qlara \u201cx\u00fcsusi icaz\u0259\u201d verilm\u0259si il\u0259 ba\u011fl\u0131 edil\u0259n m\u00fcraci\u0259tl\u0259r\u0259 bax\u0131l\u0131b.\u00a0Bunlardan\u00a0<strong>201<\/strong>\u00a0m\u00fcraci\u0259t \u00fczr\u0259\u00a0<strong>2 291<\/strong>\u00a0\u0259d\u0259d avadanl\u0131\u011f\u0131n idxal\u0131 \u00fc\u00e7\u00fcn icaz\u0259 verilib.<\/p>\n<p><strong>38<\/strong>\u00a0m\u00fcraci\u0259t \u00fczr\u0259\u00a0<strong>205<\/strong>\u00a0\u0259d\u0259d avadanl\u0131\u011fa qanunvericiliy\u0259 m\u00fcvafiq olaraq t\u0259l\u0259b olunan s\u0259n\u0259dl\u0259r t\u0259qdim edilm\u0259diyi \u00fc\u00e7\u00fcn icaz\u0259 verilm\u0259yib.<\/p>\n<p>Bununla yana\u015f\u0131,\u00a0<strong>492<\/strong>\u00a0m\u00fcraci\u0259t \u00fczr\u0259\u00a0<strong>119 727<\/strong>\u00a0avadanl\u0131\u011f\u0131n idxal\u0131 \u00fc\u00e7\u00fcn m\u00fcraci\u0259tl\u0259r olunub v\u0259\u00a0<strong>461<\/strong>\u00a0m\u00fcraci\u0259t \u00fczr\u0259\u00a0<strong>115<\/strong>\u00a0<strong>926<\/strong>\u00a0\u0259d\u0259d avadanl\u0131\u011f\u0131n idxal\u0131 qanunvericilik \u00e7\u0259r\u00e7iv\u0259sind\u0259 m\u00fcsb\u0259t cavabland\u0131r\u0131l\u0131b.<\/p>\n<p><strong>24<\/strong>\u00a0m\u00fcraci\u0259t \u00fczr\u0259\u00a0<strong>3 795<\/strong>\u00a0avadanl\u0131\u011f\u0131n idxal\u0131na dair daxil olmu\u015f m\u00fcraci\u0259tl\u0259r m\u00fcvafiq prosedur \u00fczr\u0259 bax\u0131lmaqdad\u0131r.<\/p>\n<p>Xat\u0131rladaq ki, 2024-c\u00fc ilin mart ay\u0131nda \u0130KTA t\u0259r\u0259find\u0259n \u201cRadioelektron vasit\u0259l\u0259r\u0259 veril\u0259n icaz\u0259l\u0259r\u201d elektron xidm\u0259ti (<a href=\"https:\/\/e-permission.icta.az\/\">https:\/\/e-permission.icta.az<\/a>) istifad\u0259y\u0259 verilib. Elektron xidm\u0259tin t\u0259tbiqi m\u00fcraci\u0259tl\u0259rin daha s\u00fcr\u0259tli v\u0259 effektiv cavabland\u0131r\u0131lmas\u0131n\u0131 m\u00fcmk\u00fcn edib.<\/p>\n<p>Qeyd ed\u0259k ki, telekommunikasiya v\u0259 po\u00e7t rabit\u0259si sah\u0259sind\u0259 t\u0259nziml\u0259yici olan \u0130KTA bu sah\u0259l\u0259rin inki\u015faf\u0131 \u00fc\u00e7\u00fcn qanunvericilik v\u0259 nizamnam\u0259 \u00e7\u0259r\u00e7iv\u0259sind\u0259 f\u0259aliyy\u0259tini davam etdir\u0259c\u0259k.<\/p>\n<p>H\u0259m\u00e7inin qeyd edilib ki, 2025-ci ilin yanvar \u2013 noyabr aylar\u0131 \u0259rzind\u0259 \u201cLisenziyalar v\u0259 icaz\u0259l\u0259r haqq\u0131nda\u201d Az\u0259rbaycan Respublikas\u0131 Qanununun 19.6.4-c\u00fc madd\u0259sin\u0259 uy\u011fun olaraq s\u00fcr\u0259tli po\u00e7t xidm\u0259tinin g\u00f6st\u0259rilm\u0259si \u00fc\u00e7\u00fcn 269 m\u00fcraci\u0259t \u00fczr\u0259 t\u0259qdim edil\u0259n \u0259riz\u0259l\u0259r\u0259 \u0259lav\u0259 olunan s\u0259n\u0259dl\u0259rd\u0259ki m\u0259lumatlar\u0131n uy\u011funlu\u011funun qiym\u0259tl\u0259ndirilm\u0259si t\u0259min edilib.<\/p>\n<p>N\u0259tic\u0259d\u0259\u00a0<strong>265<\/strong>\u00a0\u00fcnvanda s\u00fcr\u0259tli po\u00e7t xidm\u0259tinin g\u00f6st\u0259rilm\u0259si \u00fc\u00e7\u00fcn m\u00fcraci\u0259tl\u0259r\u0259 m\u00fcsb\u0259t cavab verilib. Dig\u0259r\u00a0<strong>4<\/strong>\u00a0m\u00fcraci\u0259tl\u0259 ba\u011fl\u0131 is\u0259 m\u00fcsb\u0259t r\u0259y verilm\u0259yib.<\/p>\n","protected":false},"excerpt":{"rendered":"<p>Cari ilin yanvar-noyabr aylar\u0131nda Az\u0259rbaycan\u0131n telekommunikasiya v\u0259 po\u00e7t xidm\u0259tl\u0259ri \u00fczr\u0259 t\u0259nziml\u0259yici qurumu \u0130nformasiya Kommunikasiya Texnologiyalar\u0131 Agentliyi (\u0130KTA) t\u0259r\u0259find\u0259n 737 h\u00fcquqi v\u0259 fiziki \u015f\u0259xs t\u0259r\u0259find\u0259n 122 320 \u0259d\u0259d avadanl\u0131\u011fa icaz\u0259 \u00fc\u00e7\u00fcn m\u00fcraci\u0259t\u0259 bax\u0131l\u0131b. Bunlardan 245 h\u00fcquqi v\u0259 fiziki \u015f\u0259xs t\u0259r\u0259find\u0259n\u00a02\u00a0593\u00a0\u0259d\u0259d \u201cM\u00fclki d\u00f6vriyy\u0259nin m\u00fc\u0259yy\u0259n i\u015ftirak\u00e7\u0131lar\u0131na m\u0259nsub ola bil\u0259n v\u0259 d\u00f6vriyy\u0259d\u0259 olmas\u0131na x\u00fcsusi icaz\u0259 \u0259sas\u0131nda yol veril\u0259n (m\u00fclki [&hellip;]<\/p>\n","protected":false},"author":2,"featured_media":78584,"comment_status":"closed","ping_status":"closed","sticky":false,"template":"","format":"standard","meta":{"footnotes":""},"categories":[2],"tags":[],"class_list":["post-78583","post","type-post","status-publish","format-standard","has-post-thumbnail","hentry","category-trend"],"yoast_head":"<!-- This site is optimized with the Yoast SEO plugin v28.2 - https:\/\/yoast.com\/product\/yoast-seo-wordpress\/ -->\n<title>Bu ilin 11 ay\u0131nda 116 min avadanl\u0131\u011f\u0131n idxal\u0131na icaz\u0259 verilib - \u0130CT\u0130MA\u0130.AZ<\/title>\n<meta name=\"robots\" content=\"index, follow, max-snippet:-1, max-image-preview:large, max-video-preview:-1\" \/>\n<link rel=\"canonical\" href=\"https:\/\/ictimai.az\/?p=78583\" \/>\n<meta property=\"og:locale\" content=\"az_AZ\" \/>\n<meta property=\"og:type\" content=\"article\" \/>\n<meta property=\"og:title\" content=\"Bu ilin 11 ay\u0131nda 116 min avadanl\u0131\u011f\u0131n idxal\u0131na icaz\u0259 verilib - \u0130CT\u0130MA\u0130.AZ\" \/>\n<meta property=\"og:description\" content=\"Cari ilin yanvar-noyabr aylar\u0131nda Az\u0259rbaycan\u0131n telekommunikasiya v\u0259 po\u00e7t xidm\u0259tl\u0259ri \u00fczr\u0259 t\u0259nziml\u0259yici qurumu \u0130nformasiya Kommunikasiya Texnologiyalar\u0131 Agentliyi (\u0130KTA) t\u0259r\u0259find\u0259n 737 h\u00fcquqi v\u0259 fiziki \u015f\u0259xs t\u0259r\u0259find\u0259n 122 320 \u0259d\u0259d avadanl\u0131\u011fa icaz\u0259 \u00fc\u00e7\u00fcn m\u00fcraci\u0259t\u0259 bax\u0131l\u0131b. Bunlardan 245 h\u00fcquqi v\u0259 fiziki \u015f\u0259xs t\u0259r\u0259find\u0259n\u00a02\u00a0593\u00a0\u0259d\u0259d \u201cM\u00fclki d\u00f6vriyy\u0259nin m\u00fc\u0259yy\u0259n i\u015ftirak\u00e7\u0131lar\u0131na m\u0259nsub ola bil\u0259n v\u0259 d\u00f6vriyy\u0259d\u0259 olmas\u0131na x\u00fcsusi icaz\u0259 \u0259sas\u0131nda yol veril\u0259n (m\u00fclki [&hellip;]\" \/>\n<meta property=\"og:url\" content=\"https:\/\/ictimai.az\/?p=78583\" \/>\n<meta property=\"og:site_name\" content=\"\u0130CT\u0130MA\u0130.AZ\" \/>\n<meta property=\"article:published_time\" content=\"2025-12-09T14:03:02+00:00\" \/>\n<meta property=\"article:modified_time\" content=\"2025-12-09T18:04:10+00:00\" \/>\n<meta property=\"og:image\" content=\"https:\/\/ictimai.az\/core\/uploads\/2025\/12\/ictimai_1ab43e508d82cea664243c75fcc45209_l0n1zc82tfeky39xa6vi.jpg\" \/>\n\t<meta property=\"og:image:width\" content=\"1200\" \/>\n\t<meta property=\"og:image:height\" content=\"800\" \/>\n\t<meta property=\"og:image:type\" content=\"image\/jpeg\" \/>\n<meta name=\"author\" content=\"R\u0259\u015fad Bayramov\" \/>\n<meta name=\"twitter:card\" content=\"summary_large_image\" \/>\n<meta name=\"twitter:label1\" content=\"Written by\" \/>\n\t<meta name=\"twitter:data1\" content=\"R\u0259\u015fad Bayramov\" \/>\n\t<meta name=\"twitter:label2\" content=\"Est. reading time\" \/>\n\t<meta name=\"twitter:data2\" content=\"2 minutes\" \/>\n<script type=\"application\/ld+json\" class=\"yoast-schema-graph\">{\"@context\":\"https:\\\/\\\/schema.org\",\"@graph\":[{\"@type\":\"Article\",\"@id\":\"https:\\\/\\\/ictimai.az\\\/?p=78583#article\",\"isPartOf\":{\"@id\":\"https:\\\/\\\/ictimai.az\\\/?p=78583\"},\"author\":{\"name\":\"R\u0259\u015fad Bayramov\",\"@id\":\"https:\\\/\\\/ictimai.az\\\/#\\\/schema\\\/person\\\/1da94bf2c7ab5d83ad349237bec1e6af\"},\"headline\":\"Bu ilin 11 ay\u0131nda 116 min avadanl\u0131\u011f\u0131n idxal\u0131na icaz\u0259 verilib\",\"datePublished\":\"2025-12-09T14:03:02+00:00\",\"dateModified\":\"2025-12-09T18:04:10+00:00\",\"mainEntityOfPage\":{\"@id\":\"https:\\\/\\\/ictimai.az\\\/?p=78583\"},\"wordCount\":458,\"publisher\":{\"@id\":\"https:\\\/\\\/ictimai.az\\\/#organization\"},\"image\":{\"@id\":\"https:\\\/\\\/ictimai.az\\\/?p=78583#primaryimage\"},\"thumbnailUrl\":\"https:\\\/\\\/ictimai.az\\\/core\\\/uploads\\\/2025\\\/12\\\/ictimai_1ab43e508d82cea664243c75fcc45209_l0n1zc82tfeky39xa6vi.jpg\",\"articleSection\":[\"G\u00fcnd\u0259m\"],\"inLanguage\":\"az\"},{\"@type\":\"WebPage\",\"@id\":\"https:\\\/\\\/ictimai.az\\\/?p=78583\",\"url\":\"https:\\\/\\\/ictimai.az\\\/?p=78583\",\"name\":\"Bu ilin 11 ay\u0131nda 116 min avadanl\u0131\u011f\u0131n idxal\u0131na icaz\u0259 verilib - \u0130CT\u0130MA\u0130.AZ\",\"isPartOf\":{\"@id\":\"https:\\\/\\\/ictimai.az\\\/#website\"},\"primaryImageOfPage\":{\"@id\":\"https:\\\/\\\/ictimai.az\\\/?p=78583#primaryimage\"},\"image\":{\"@id\":\"https:\\\/\\\/ictimai.az\\\/?p=78583#primaryimage\"},\"thumbnailUrl\":\"https:\\\/\\\/ictimai.az\\\/core\\\/uploads\\\/2025\\\/12\\\/ictimai_1ab43e508d82cea664243c75fcc45209_l0n1zc82tfeky39xa6vi.jpg\",\"datePublished\":\"2025-12-09T14:03:02+00:00\",\"dateModified\":\"2025-12-09T18:04:10+00:00\",\"breadcrumb\":{\"@id\":\"https:\\\/\\\/ictimai.az\\\/?p=78583#breadcrumb\"},\"inLanguage\":\"az\",\"potentialAction\":[{\"@type\":\"ReadAction\",\"target\":[\"https:\\\/\\\/ictimai.az\\\/?p=78583\"]}]},{\"@type\":\"ImageObject\",\"inLanguage\":\"az\",\"@id\":\"https:\\\/\\\/ictimai.az\\\/?p=78583#primaryimage\",\"url\":\"https:\\\/\\\/ictimai.az\\\/core\\\/uploads\\\/2025\\\/12\\\/ictimai_1ab43e508d82cea664243c75fcc45209_l0n1zc82tfeky39xa6vi.jpg\",\"contentUrl\":\"https:\\\/\\\/ictimai.az\\\/core\\\/uploads\\\/2025\\\/12\\\/ictimai_1ab43e508d82cea664243c75fcc45209_l0n1zc82tfeky39xa6vi.jpg\",\"width\":1200,\"height\":800},{\"@type\":\"BreadcrumbList\",\"@id\":\"https:\\\/\\\/ictimai.az\\\/?p=78583#breadcrumb\",\"itemListElement\":[{\"@type\":\"ListItem\",\"position\":1,\"name\":\"Home\",\"item\":\"https:\\\/\\\/ictimai.az\\\/\"},{\"@type\":\"ListItem\",\"position\":2,\"name\":\"Bu ilin 11 ay\u0131nda 116 min avadanl\u0131\u011f\u0131n idxal\u0131na icaz\u0259 verilib\"}]},{\"@type\":\"WebSite\",\"@id\":\"https:\\\/\\\/ictimai.az\\\/#website\",\"url\":\"https:\\\/\\\/ictimai.az\\\/\",\"name\":\"\u0130CT\u0130MA\u0130.AZ\",\"description\":\"\",\"publisher\":{\"@id\":\"https:\\\/\\\/ictimai.az\\\/#organization\"},\"potentialAction\":[{\"@type\":\"SearchAction\",\"target\":{\"@type\":\"EntryPoint\",\"urlTemplate\":\"https:\\\/\\\/ictimai.az\\\/?s={search_term_string}\"},\"query-input\":{\"@type\":\"PropertyValueSpecification\",\"valueRequired\":true,\"valueName\":\"search_term_string\"}}],\"inLanguage\":\"az\"},{\"@type\":\"Organization\",\"@id\":\"https:\\\/\\\/ictimai.az\\\/#organization\",\"name\":\"\u0130CT\u0130MA\u0130.AZ\",\"url\":\"https:\\\/\\\/ictimai.az\\\/\",\"logo\":{\"@type\":\"ImageObject\",\"inLanguage\":\"az\",\"@id\":\"https:\\\/\\\/ictimai.az\\\/#\\\/schema\\\/logo\\\/image\\\/\",\"url\":\"https:\\\/\\\/ictimai.az\\\/core\\\/uploads\\\/2026\\\/06\\\/cropped-ictimai_0380d81099c6fe3baae753faceb5481f_p41rg2mzq0uyvextfh3k-768x768-1-3.png\",\"contentUrl\":\"https:\\\/\\\/ictimai.az\\\/core\\\/uploads\\\/2026\\\/06\\\/cropped-ictimai_0380d81099c6fe3baae753faceb5481f_p41rg2mzq0uyvextfh3k-768x768-1-3.png\",\"width\":768,\"height\":768,\"caption\":\"\u0130CT\u0130MA\u0130.AZ\"},\"image\":{\"@id\":\"https:\\\/\\\/ictimai.az\\\/#\\\/schema\\\/logo\\\/image\\\/\"}},{\"@type\":\"Person\",\"@id\":\"https:\\\/\\\/ictimai.az\\\/#\\\/schema\\\/person\\\/1da94bf2c7ab5d83ad349237bec1e6af\",\"name\":\"R\u0259\u015fad Bayramov\",\"image\":{\"@type\":\"ImageObject\",\"inLanguage\":\"az\",\"@id\":\"https:\\\/\\\/secure.gravatar.com\\\/avatar\\\/83c075605ba0a4d35d59726aaad89cfa8008d1f01603342c56f1dd79784491bc?s=96&d=mm&r=g\",\"url\":\"https:\\\/\\\/secure.gravatar.com\\\/avatar\\\/83c075605ba0a4d35d59726aaad89cfa8008d1f01603342c56f1dd79784491bc?s=96&d=mm&r=g\",\"contentUrl\":\"https:\\\/\\\/secure.gravatar.com\\\/avatar\\\/83c075605ba0a4d35d59726aaad89cfa8008d1f01603342c56f1dd79784491bc?s=96&d=mm&r=g\",\"caption\":\"R\u0259\u015fad Bayramov\"},\"sameAs\":[\"https:\\\/\\\/ictimai.az\\\/\"],\"url\":\"https:\\\/\\\/ictimai.az\\\/?author=2\"}]}<\/script>\n<!-- \/ Yoast SEO plugin. -->","yoast_head_json":{"title":"Bu ilin 11 ay\u0131nda 116 min avadanl\u0131\u011f\u0131n idxal\u0131na icaz\u0259 verilib - \u0130CT\u0130MA\u0130.AZ","robots":{"index":"index","follow":"follow","max-snippet":"max-snippet:-1","max-image-preview":"max-image-preview:large","max-video-preview":"max-video-preview:-1"},"canonical":"https:\/\/ictimai.az\/?p=78583","og_locale":"az_AZ","og_type":"article","og_title":"Bu ilin 11 ay\u0131nda 116 min avadanl\u0131\u011f\u0131n idxal\u0131na icaz\u0259 verilib - \u0130CT\u0130MA\u0130.AZ","og_description":"Cari ilin yanvar-noyabr aylar\u0131nda Az\u0259rbaycan\u0131n telekommunikasiya v\u0259 po\u00e7t xidm\u0259tl\u0259ri \u00fczr\u0259 t\u0259nziml\u0259yici qurumu \u0130nformasiya Kommunikasiya Texnologiyalar\u0131 Agentliyi (\u0130KTA) t\u0259r\u0259find\u0259n 737 h\u00fcquqi v\u0259 fiziki \u015f\u0259xs t\u0259r\u0259find\u0259n 122 320 \u0259d\u0259d avadanl\u0131\u011fa icaz\u0259 \u00fc\u00e7\u00fcn m\u00fcraci\u0259t\u0259 bax\u0131l\u0131b. Bunlardan 245 h\u00fcquqi v\u0259 fiziki \u015f\u0259xs t\u0259r\u0259find\u0259n\u00a02\u00a0593\u00a0\u0259d\u0259d \u201cM\u00fclki d\u00f6vriyy\u0259nin m\u00fc\u0259yy\u0259n i\u015ftirak\u00e7\u0131lar\u0131na m\u0259nsub ola bil\u0259n v\u0259 d\u00f6vriyy\u0259d\u0259 olmas\u0131na x\u00fcsusi icaz\u0259 \u0259sas\u0131nda yol veril\u0259n (m\u00fclki [&hellip;]","og_url":"https:\/\/ictimai.az\/?p=78583","og_site_name":"\u0130CT\u0130MA\u0130.AZ","article_published_time":"2025-12-09T14:03:02+00:00","article_modified_time":"2025-12-09T18:04:10+00:00","og_image":[{"width":1200,"height":800,"url":"https:\/\/ictimai.az\/core\/uploads\/2025\/12\/ictimai_1ab43e508d82cea664243c75fcc45209_l0n1zc82tfeky39xa6vi.jpg","type":"image\/jpeg"}],"author":"R\u0259\u015fad Bayramov","twitter_card":"summary_large_image","twitter_misc":{"Written by":"R\u0259\u015fad Bayramov","Est. reading time":"2 minutes"},"schema":{"@context":"https:\/\/schema.org","@graph":[{"@type":"Article","@id":"https:\/\/ictimai.az\/?p=78583#article","isPartOf":{"@id":"https:\/\/ictimai.az\/?p=78583"},"author":{"name":"R\u0259\u015fad Bayramov","@id":"https:\/\/ictimai.az\/#\/schema\/person\/1da94bf2c7ab5d83ad349237bec1e6af"},"headline":"Bu ilin 11 ay\u0131nda 116 min avadanl\u0131\u011f\u0131n idxal\u0131na icaz\u0259 verilib","datePublished":"2025-12-09T14:03:02+00:00","dateModified":"2025-12-09T18:04:10+00:00","mainEntityOfPage":{"@id":"https:\/\/ictimai.az\/?p=78583"},"wordCount":458,"publisher":{"@id":"https:\/\/ictimai.az\/#organization"},"image":{"@id":"https:\/\/ictimai.az\/?p=78583#primaryimage"},"thumbnailUrl":"https:\/\/ictimai.az\/core\/uploads\/2025\/12\/ictimai_1ab43e508d82cea664243c75fcc45209_l0n1zc82tfeky39xa6vi.jpg","articleSection":["G\u00fcnd\u0259m"],"inLanguage":"az"},{"@type":"WebPage","@id":"https:\/\/ictimai.az\/?p=78583","url":"https:\/\/ictimai.az\/?p=78583","name":"Bu ilin 11 ay\u0131nda 116 min avadanl\u0131\u011f\u0131n idxal\u0131na icaz\u0259 verilib - \u0130CT\u0130MA\u0130.AZ","isPartOf":{"@id":"https:\/\/ictimai.az\/#website"},"primaryImageOfPage":{"@id":"https:\/\/ictimai.az\/?p=78583#primaryimage"},"image":{"@id":"https:\/\/ictimai.az\/?p=78583#primaryimage"},"thumbnailUrl":"https:\/\/ictimai.az\/core\/uploads\/2025\/12\/ictimai_1ab43e508d82cea664243c75fcc45209_l0n1zc82tfeky39xa6vi.jpg","datePublished":"2025-12-09T14:03:02+00:00","dateModified":"2025-12-09T18:04:10+00:00","breadcrumb":{"@id":"https:\/\/ictimai.az\/?p=78583#breadcrumb"},"inLanguage":"az","potentialAction":[{"@type":"ReadAction","target":["https:\/\/ictimai.az\/?p=78583"]}]},{"@type":"ImageObject","inLanguage":"az","@id":"https:\/\/ictimai.az\/?p=78583#primaryimage","url":"https:\/\/ictimai.az\/core\/uploads\/2025\/12\/ictimai_1ab43e508d82cea664243c75fcc45209_l0n1zc82tfeky39xa6vi.jpg","contentUrl":"https:\/\/ictimai.az\/core\/uploads\/2025\/12\/ictimai_1ab43e508d82cea664243c75fcc45209_l0n1zc82tfeky39xa6vi.jpg","width":1200,"height":800},{"@type":"BreadcrumbList","@id":"https:\/\/ictimai.az\/?p=78583#breadcrumb","itemListElement":[{"@type":"ListItem","position":1,"name":"Home","item":"https:\/\/ictimai.az\/"},{"@type":"ListItem","position":2,"name":"Bu ilin 11 ay\u0131nda 116 min avadanl\u0131\u011f\u0131n idxal\u0131na icaz\u0259 verilib"}]},{"@type":"WebSite","@id":"https:\/\/ictimai.az\/#website","url":"https:\/\/ictimai.az\/","name":"\u0130CT\u0130MA\u0130.AZ","description":"","publisher":{"@id":"https:\/\/ictimai.az\/#organization"},"potentialAction":[{"@type":"SearchAction","target":{"@type":"EntryPoint","urlTemplate":"https:\/\/ictimai.az\/?s={search_term_string}"},"query-input":{"@type":"PropertyValueSpecification","valueRequired":true,"valueName":"search_term_string"}}],"inLanguage":"az"},{"@type":"Organization","@id":"https:\/\/ictimai.az\/#organization","name":"\u0130CT\u0130MA\u0130.AZ","url":"https:\/\/ictimai.az\/","logo":{"@type":"ImageObject","inLanguage":"az","@id":"https:\/\/ictimai.az\/#\/schema\/logo\/image\/","url":"https:\/\/ictimai.az\/core\/uploads\/2026\/06\/cropped-ictimai_0380d81099c6fe3baae753faceb5481f_p41rg2mzq0uyvextfh3k-768x768-1-3.png","contentUrl":"https:\/\/ictimai.az\/core\/uploads\/2026\/06\/cropped-ictimai_0380d81099c6fe3baae753faceb5481f_p41rg2mzq0uyvextfh3k-768x768-1-3.png","width":768,"height":768,"caption":"\u0130CT\u0130MA\u0130.AZ"},"image":{"@id":"https:\/\/ictimai.az\/#\/schema\/logo\/image\/"}},{"@type":"Person","@id":"https:\/\/ictimai.az\/#\/schema\/person\/1da94bf2c7ab5d83ad349237bec1e6af","name":"R\u0259\u015fad Bayramov","image":{"@type":"ImageObject","inLanguage":"az","@id":"https:\/\/secure.gravatar.com\/avatar\/83c075605ba0a4d35d59726aaad89cfa8008d1f01603342c56f1dd79784491bc?s=96&d=mm&r=g","url":"https:\/\/secure.gravatar.com\/avatar\/83c075605ba0a4d35d59726aaad89cfa8008d1f01603342c56f1dd79784491bc?s=96&d=mm&r=g","contentUrl":"https:\/\/secure.gravatar.com\/avatar\/83c075605ba0a4d35d59726aaad89cfa8008d1f01603342c56f1dd79784491bc?s=96&d=mm&r=g","caption":"R\u0259\u015fad Bayramov"},"sameAs":["https:\/\/ictimai.az\/"],"url":"https:\/\/ictimai.az\/?author=2"}]}},"_links":{"self":[{"href":"https:\/\/ictimai.az\/index.php?rest_route=\/wp\/v2\/posts\/78583","targetHints":{"allow":["GET"]}}],"collection":[{"href":"https:\/\/ictimai.az\/index.php?rest_route=\/wp\/v2\/posts"}],"about":[{"href":"https:\/\/ictimai.az\/index.php?rest_route=\/wp\/v2\/types\/post"}],"author":[{"embeddable":true,"href":"https:\/\/ictimai.az\/index.php?rest_route=\/wp\/v2\/users\/2"}],"replies":[{"embeddable":true,"href":"https:\/\/ictimai.az\/index.php?rest_route=%2Fwp%2Fv2%2Fcomments&post=78583"}],"version-history":[{"count":0,"href":"https:\/\/ictimai.az\/index.php?rest_route=\/wp\/v2\/posts\/78583\/revisions"}],"wp:featuredmedia":[{"embeddable":true,"href":"https:\/\/ictimai.az\/index.php?rest_route=\/wp\/v2\/media\/78584"}],"wp:attachment":[{"href":"https:\/\/ictimai.az\/index.php?rest_route=%2Fwp%2Fv2%2Fmedia&parent=78583"}],"wp:term":[{"taxonomy":"category","embeddable":true,"href":"https:\/\/ictimai.az\/index.php?rest_route=%2Fwp%2Fv2%2Fcategories&post=78583"},{"taxonomy":"post_tag","embeddable":true,"href":"https:\/\/ictimai.az\/index.php?rest_route=%2Fwp%2Fv2%2Ftags&post=78583"}],"curies":[{"name":"wp","href":"https:\/\/api.w.org\/{rel}","templated":true}]}}