{"id":7875,"date":"2020-12-09T21:18:56","date_gmt":"2020-12-09T17:18:56","guid":{"rendered":"https:\/\/ictimai.az\/?p=7875"},"modified":"2020-12-10T02:22:37","modified_gmt":"2020-12-09T22:22:37","slug":"qarabag-yeni-sosial-iqtisadi-inkisaf-modeli-movzusunda-onlayn-konfrans-kecirilib","status":"publish","type":"post","link":"https:\/\/ictimai.az\/?p=7875","title":{"rendered":"&#8220;Qaraba\u011f Yeni Sosial \u0130qtisadi \u0130nki\u015faf Modeli&#8221; m\u00f6vzusunda Onlayn konfrans ke\u00e7irilib"},"content":{"rendered":"<p>9 dekabr tarixind\u0259 Az\u0259rbaycan G\u0259nc Sahibkarlar Klubunun t\u0259\u015fkilat\u00e7\u0131l\u0131\u011f\u0131 il\u0259 &#8220;Qaraba\u011f Yeni Sosial \u0130qtisadi \u0130nki\u015faf Modeli&#8221; m\u00f6vzusunda Onlayn konfrans ke\u00e7irilib.<\/p>\n<p><strong>\u0130ctimai.az <\/strong>x\u0259b\u0259r verir ki, konfransda mill\u0259t v\u0259kill\u0259ri, ictimaiyy\u0259t v\u0259 media n\u00fcmay\u0259nd\u0259l\u0259ri, yerli v\u0259 beyn\u0259lxalq investorlar i\u015ftirak edib.<br \/>\nKonfrans\u0131n moderatoru, Az\u0259rbaycan G\u0259nc Sahibkarlar Klubunun koordinatoru Anar Sar\u0131yev t\u0259dbir i\u015ftirak\u00e7\u0131lar\u0131n\u0131 salamlay\u0131b, onlar\u0131 Z\u0259f\u0259r bayram\u0131 m\u00fcnasib\u0259til\u0259 t\u0259brik etmi\u015f, \u015f\u0259hid olan q\u0259hr\u0259manlar\u0131m\u0131za r\u0259hm\u0259t, qazil\u0259r\u0259 \u015f\u0259falar dil\u0259mi\u015fdir.<\/p>\n<p>Anar Sar\u0131yev qeyd edib ki, bizl\u0259r\u0259 bu anlar\u0131 ya\u015fadan Ali Ba\u015f Komandan, c\u0259nab Prezident \u0130lham \u018fliyev Az\u0259rbaycan tarixin\u0259 ad\u0131n\u0131 q\u0131z\u0131l h\u0259rfl\u0259rl\u0259 yazd\u0131rm\u0131\u015fd\u0131r.<br \/>\nO qeyd edib ki, Az\u0259rbaycan G\u0259nc Sahibkarlar Klubu Qaraba\u011f\u0131n inki\u015faf\u0131nda m\u00fcmk\u00fcn iqtisadi v\u0259 imvesitiya potensial\u0131n\u0131n t\u0259bli\u011fi istiqam\u0259tind\u0259 g\u00f6r\u00fcl\u0259c\u0259k i\u015fl\u0259rd\u0259 yax\u0131ndan i\u015ftirak ed\u0259c\u0259k. Bu istiqam\u0259td\u0259 yerli v\u0259 beyn\u0259lxalq investorlarla \u0259m\u0259kda\u015fl\u0131qlar qurulacaq, silsil\u0259 t\u0259dbirl\u0259r h\u0259yata ke\u00e7iril\u0259c\u0259k.<\/p>\n<p>Daha sonra Mill\u0259t v\u0259kill\u0259ri Eld\u0259niz S\u0259limov, Kamil\u0259 \u018fliyeva, Cavid Osmanov \u00e7\u0131x\u0131\u015flar\u0131nda Qaraba\u011f\u0131n m\u00fcmk\u00fcn faydal\u0131 qaz\u0131nt\u0131 v\u0259 turizm potensiallar\u0131ndan b\u0259hs etmi\u015f, yerli v\u0259 beyn\u0259lxalq investorlar\u0131n c\u0259lb edilm\u0259si, regionun \u0259h\u0259miyy\u0259ti bar\u0259d\u0259 t\u0259dbir i\u015ftirak\u00e7\u0131lar\u0131n\u0131 m\u0259lumatland\u0131rm\u0131\u015flar.<\/p>\n<p>Bununla yana\u015f\u0131 t\u0259dbird\u0259 &#8220;Regionlar\u0131n H\u00fcquqi \u0130qtisadi Maarifl\u0259ndirilm\u0259&#8221; \u0130ctimai Birliyinin s\u0259dri Arzu Ba\u011f\u0131rova, &#8220;Pal\u0131d Group&#8221; \u015firk\u0259tinin r\u0259hb\u0259ri \u018fjd\u0259r M\u0259mm\u0259dov, h\u0259m\u00e7inin Beyn\u0259lxalq U\u011fur qazanm\u0131\u015f Qad\u0131nlar T\u0259\u015fkilat\u0131n\u0131n Az\u0259rbaycan t\u0259msil\u00e7isi Nazil\u0259 M\u0259mm\u0259dova \u00e7\u0131x\u0131\u015f etmi\u015f v\u0259 \u00f6z t\u0259klifl\u0259rini konfrans i\u015ftirak\u00e7\u0131lar\u0131na \u00e7atd\u0131rm\u0131\u015fd\u0131r.<br \/>\nQeyd ed\u0259k ki, konfransa qarda\u015f T\u00fcrkiy\u0259d\u0259n i\u015f adamlar\u0131 qat\u0131lm\u0131\u015f, Qaraba\u011fda yenid\u0259nqurma i\u015fl\u0259rind\u0259 yax\u0131ndan i\u015ftirak ed\u0259c\u0259kl\u0259rini vur\u011fulam\u0131\u015flar.<\/p>\n<p>Sonda &#8220;G\u0259ncl\u0259r M\u0259rk\u0259zi&#8221; \u0130ctimai Birliyinin s\u0259dri K\u0259nan Qubadzad\u0259 \u00e7\u0131x\u0131\u015f etmi\u015f, t\u0259dbir t\u0259\u015fkilat\u00e7\u0131lar\u0131 v\u0259 i\u015ftirak\u00e7\u0131lar\u0131na \u00f6z t\u0259\u015f\u0259kk\u00fcr\u00fcn\u00fc bildirmi\u015fdir.<\/p>\n<p>Konfrans\u0131 izl\u0259m\u0259k \u00fc\u00e7\u00fcn a\u015fa\u011f\u0131dak\u0131 linkd\u0259n istifad\u0259 ed\u0259 bil\u0259rsiniz:<\/p>\n<p><a href=\"https:\/\/drive.google.com\/file\/d\/1H1vgwY7p4wlHLFzQtHDtdsY3fuZH3ghp\/view?usp=drivesdk\">https:\/\/drive.google.com\/file\/d\/1H1vgwY7p4wlHLFzQtHDtdsY3fuZH3ghp\/view?usp=drivesdk<\/a><\/p>\n<p>Konfransdan fotolar\u0131 t\u0259qdim edirik<\/p>\n<p><img loading=\"lazy\" decoding=\"async\" class=\"alignnone size-medium wp-image-7877\" src=\"https:\/\/ictimai.az\/core\/uploads\/2020\/12\/ictimai_49a5c92f6397eeede8d11d58e5ddb7da_wqeplobhmxfvyirzga38-169x300.jpg\" alt=\"\" width=\"169\" height=\"300\" srcset=\"https:\/\/ictimai.az\/core\/uploads\/2020\/12\/ictimai_49a5c92f6397eeede8d11d58e5ddb7da_wqeplobhmxfvyirzga38-169x300.jpg 169w, https:\/\/ictimai.az\/core\/uploads\/2020\/12\/ictimai_49a5c92f6397eeede8d11d58e5ddb7da_wqeplobhmxfvyirzga38-576x1024.jpg 576w, https:\/\/ictimai.az\/core\/uploads\/2020\/12\/ictimai_49a5c92f6397eeede8d11d58e5ddb7da_wqeplobhmxfvyirzga38.jpg 720w\" sizes=\"auto, (max-width: 169px) 100vw, 169px\" \/><\/p>\n<p><img loading=\"lazy\" decoding=\"async\" class=\"alignnone size-medium wp-image-7878\" src=\"https:\/\/ictimai.az\/core\/uploads\/2020\/12\/ictimai_9547d667dfcf48043f4e6fde9bd56232_k6yrcnqw8hx197im2zfa-169x300.jpg\" alt=\"\" width=\"169\" height=\"300\" srcset=\"https:\/\/ictimai.az\/core\/uploads\/2020\/12\/ictimai_9547d667dfcf48043f4e6fde9bd56232_k6yrcnqw8hx197im2zfa-169x300.jpg 169w, https:\/\/ictimai.az\/core\/uploads\/2020\/12\/ictimai_9547d667dfcf48043f4e6fde9bd56232_k6yrcnqw8hx197im2zfa-576x1024.jpg 576w, https:\/\/ictimai.az\/core\/uploads\/2020\/12\/ictimai_9547d667dfcf48043f4e6fde9bd56232_k6yrcnqw8hx197im2zfa.jpg 720w\" sizes=\"auto, (max-width: 169px) 100vw, 169px\" \/><\/p>\n<p><img loading=\"lazy\" decoding=\"async\" class=\"alignnone size-medium wp-image-7879\" src=\"https:\/\/ictimai.az\/core\/uploads\/2020\/12\/ictimai_0780ef5cdd367fdce080ca38b7c76acb_4ag1olxwye2tupr0zjh8-139x300.jpg\" alt=\"\" width=\"139\" height=\"300\" srcset=\"https:\/\/ictimai.az\/core\/uploads\/2020\/12\/ictimai_0780ef5cdd367fdce080ca38b7c76acb_4ag1olxwye2tupr0zjh8-139x300.jpg 139w, https:\/\/ictimai.az\/core\/uploads\/2020\/12\/ictimai_0780ef5cdd367fdce080ca38b7c76acb_4ag1olxwye2tupr0zjh8-473x1024.jpg 473w, https:\/\/ictimai.az\/core\/uploads\/2020\/12\/ictimai_0780ef5cdd367fdce080ca38b7c76acb_4ag1olxwye2tupr0zjh8.jpg 591w\" sizes=\"auto, (max-width: 139px) 100vw, 139px\" \/><\/p>\n<p><img loading=\"lazy\" decoding=\"async\" class=\"alignnone size-medium wp-image-7880\" src=\"https:\/\/ictimai.az\/core\/uploads\/2020\/12\/ictimai_f809d6ec7ab2d5e828ca17d67871dbd8_ex1rih7jaw2f9bz3o4nt-300x300.jpg\" alt=\"\" width=\"300\" height=\"300\" srcset=\"https:\/\/ictimai.az\/core\/uploads\/2020\/12\/ictimai_f809d6ec7ab2d5e828ca17d67871dbd8_ex1rih7jaw2f9bz3o4nt-300x300.jpg 300w, https:\/\/ictimai.az\/core\/uploads\/2020\/12\/ictimai_f809d6ec7ab2d5e828ca17d67871dbd8_ex1rih7jaw2f9bz3o4nt-150x150.jpg 150w, https:\/\/ictimai.az\/core\/uploads\/2020\/12\/ictimai_f809d6ec7ab2d5e828ca17d67871dbd8_ex1rih7jaw2f9bz3o4nt.jpg 768w\" sizes=\"auto, (max-width: 300px) 100vw, 300px\" \/><\/p>\n<p><img loading=\"lazy\" decoding=\"async\" class=\"alignnone size-medium wp-image-7881\" src=\"https:\/\/ictimai.az\/core\/uploads\/2020\/12\/ictimai_ae61dd40140570b35259f3dde66aa594_57hb6osj0u2fgky4ceal-139x300.jpg\" alt=\"\" width=\"139\" height=\"300\" srcset=\"https:\/\/ictimai.az\/core\/uploads\/2020\/12\/ictimai_ae61dd40140570b35259f3dde66aa594_57hb6osj0u2fgky4ceal-139x300.jpg 139w, https:\/\/ictimai.az\/core\/uploads\/2020\/12\/ictimai_ae61dd40140570b35259f3dde66aa594_57hb6osj0u2fgky4ceal-473x1024.jpg 473w, https:\/\/ictimai.az\/core\/uploads\/2020\/12\/ictimai_ae61dd40140570b35259f3dde66aa594_57hb6osj0u2fgky4ceal.jpg 591w\" sizes=\"auto, (max-width: 139px) 100vw, 139px\" \/><\/p>\n<p><img loading=\"lazy\" decoding=\"async\" class=\"alignnone size-medium wp-image-7882\" src=\"https:\/\/ictimai.az\/core\/uploads\/2020\/12\/ictimai_5dd8a96be25cfbf00a92a634b26d8759_amgj7pkw2qzy0f3c8l94-208x300.jpg\" alt=\"\" width=\"208\" height=\"300\" srcset=\"https:\/\/ictimai.az\/core\/uploads\/2020\/12\/ictimai_5dd8a96be25cfbf00a92a634b26d8759_amgj7pkw2qzy0f3c8l94-208x300.jpg 208w, https:\/\/ictimai.az\/core\/uploads\/2020\/12\/ictimai_5dd8a96be25cfbf00a92a634b26d8759_amgj7pkw2qzy0f3c8l94-710x1024.jpg 710w, https:\/\/ictimai.az\/core\/uploads\/2020\/12\/ictimai_5dd8a96be25cfbf00a92a634b26d8759_amgj7pkw2qzy0f3c8l94-768x1107.jpg 768w, https:\/\/ictimai.az\/core\/uploads\/2020\/12\/ictimai_5dd8a96be25cfbf00a92a634b26d8759_amgj7pkw2qzy0f3c8l94-1065x1536.jpg 1065w, https:\/\/ictimai.az\/core\/uploads\/2020\/12\/ictimai_5dd8a96be25cfbf00a92a634b26d8759_amgj7pkw2qzy0f3c8l94.jpg 1080w\" sizes=\"auto, (max-width: 208px) 100vw, 208px\" \/><\/p>\n<p><img loading=\"lazy\" decoding=\"async\" class=\"alignnone size-medium wp-image-7883\" src=\"https:\/\/ictimai.az\/core\/uploads\/2020\/12\/ictimai_c8723338a3c3d6a7a7aee4e28b02fd56_iemy6g23o7s0vkfn91pw-300x156.jpg\" alt=\"\" width=\"300\" height=\"156\" srcset=\"https:\/\/ictimai.az\/core\/uploads\/2020\/12\/ictimai_c8723338a3c3d6a7a7aee4e28b02fd56_iemy6g23o7s0vkfn91pw-300x156.jpg 300w, https:\/\/ictimai.az\/core\/uploads\/2020\/12\/ictimai_c8723338a3c3d6a7a7aee4e28b02fd56_iemy6g23o7s0vkfn91pw-1024x533.jpg 1024w, https:\/\/ictimai.az\/core\/uploads\/2020\/12\/ictimai_c8723338a3c3d6a7a7aee4e28b02fd56_iemy6g23o7s0vkfn91pw-768x400.jpg 768w, https:\/\/ictimai.az\/core\/uploads\/2020\/12\/ictimai_c8723338a3c3d6a7a7aee4e28b02fd56_iemy6g23o7s0vkfn91pw-1536x800.jpg 1536w, https:\/\/ictimai.az\/core\/uploads\/2020\/12\/ictimai_c8723338a3c3d6a7a7aee4e28b02fd56_iemy6g23o7s0vkfn91pw-2048x1066.jpg 2048w\" sizes=\"auto, (max-width: 300px) 100vw, 300px\" \/><\/p>\n","protected":false},"excerpt":{"rendered":"<p>9 dekabr tarixind\u0259 Az\u0259rbaycan G\u0259nc Sahibkarlar Klubunun t\u0259\u015fkilat\u00e7\u0131l\u0131\u011f\u0131 il\u0259 &#8220;Qaraba\u011f Yeni Sosial \u0130qtisadi \u0130nki\u015faf Modeli&#8221; m\u00f6vzusunda Onlayn konfrans ke\u00e7irilib. \u0130ctimai.az x\u0259b\u0259r verir ki, konfransda mill\u0259t v\u0259kill\u0259ri, ictimaiyy\u0259t v\u0259 media n\u00fcmay\u0259nd\u0259l\u0259ri, yerli v\u0259 beyn\u0259lxalq investorlar i\u015ftirak edib. Konfrans\u0131n moderatoru, Az\u0259rbaycan G\u0259nc Sahibkarlar Klubunun koordinatoru Anar Sar\u0131yev t\u0259dbir i\u015ftirak\u00e7\u0131lar\u0131n\u0131 salamlay\u0131b, onlar\u0131 Z\u0259f\u0259r bayram\u0131 m\u00fcnasib\u0259til\u0259 t\u0259brik etmi\u015f, \u015f\u0259hid [&hellip;]<\/p>\n","protected":false},"author":2,"featured_media":7880,"comment_status":"closed","ping_status":"closed","sticky":false,"template":"","format":"standard","meta":{"footnotes":""},"categories":[2],"tags":[],"class_list":["post-7875","post","type-post","status-publish","format-standard","has-post-thumbnail","hentry","category-trend"],"yoast_head":"<!-- This site is optimized with the Yoast SEO plugin v28.2 - https:\/\/yoast.com\/product\/yoast-seo-wordpress\/ -->\n<title>&quot;Qaraba\u011f Yeni Sosial \u0130qtisadi \u0130nki\u015faf Modeli&quot; m\u00f6vzusunda Onlayn konfrans ke\u00e7irilib - \u0130CT\u0130MA\u0130.AZ<\/title>\n<meta name=\"robots\" content=\"index, follow, max-snippet:-1, max-image-preview:large, max-video-preview:-1\" \/>\n<link rel=\"canonical\" href=\"https:\/\/ictimai.az\/?p=7875\" \/>\n<meta property=\"og:locale\" content=\"az_AZ\" \/>\n<meta property=\"og:type\" content=\"article\" \/>\n<meta property=\"og:title\" content=\"&quot;Qaraba\u011f Yeni Sosial \u0130qtisadi \u0130nki\u015faf Modeli&quot; m\u00f6vzusunda Onlayn konfrans ke\u00e7irilib - \u0130CT\u0130MA\u0130.AZ\" \/>\n<meta property=\"og:description\" content=\"9 dekabr tarixind\u0259 Az\u0259rbaycan G\u0259nc Sahibkarlar Klubunun t\u0259\u015fkilat\u00e7\u0131l\u0131\u011f\u0131 il\u0259 &#8220;Qaraba\u011f Yeni Sosial \u0130qtisadi \u0130nki\u015faf Modeli&#8221; m\u00f6vzusunda Onlayn konfrans ke\u00e7irilib. \u0130ctimai.az x\u0259b\u0259r verir ki, konfransda mill\u0259t v\u0259kill\u0259ri, ictimaiyy\u0259t v\u0259 media n\u00fcmay\u0259nd\u0259l\u0259ri, yerli v\u0259 beyn\u0259lxalq investorlar i\u015ftirak edib. Konfrans\u0131n moderatoru, Az\u0259rbaycan G\u0259nc Sahibkarlar Klubunun koordinatoru Anar Sar\u0131yev t\u0259dbir i\u015ftirak\u00e7\u0131lar\u0131n\u0131 salamlay\u0131b, onlar\u0131 Z\u0259f\u0259r bayram\u0131 m\u00fcnasib\u0259til\u0259 t\u0259brik etmi\u015f, \u015f\u0259hid [&hellip;]\" \/>\n<meta property=\"og:url\" content=\"https:\/\/ictimai.az\/?p=7875\" \/>\n<meta property=\"og:site_name\" content=\"\u0130CT\u0130MA\u0130.AZ\" \/>\n<meta property=\"article:published_time\" content=\"2020-12-09T17:18:56+00:00\" \/>\n<meta property=\"article:modified_time\" content=\"2020-12-09T22:22:37+00:00\" \/>\n<meta property=\"og:image\" content=\"https:\/\/ictimai.az\/core\/uploads\/2020\/12\/ictimai_f809d6ec7ab2d5e828ca17d67871dbd8_ex1rih7jaw2f9bz3o4nt.jpg\" \/>\n\t<meta property=\"og:image:width\" content=\"768\" \/>\n\t<meta property=\"og:image:height\" content=\"768\" \/>\n\t<meta property=\"og:image:type\" content=\"image\/jpeg\" \/>\n<meta name=\"author\" content=\"R\u0259\u015fad Bayramov\" \/>\n<meta name=\"twitter:card\" content=\"summary_large_image\" \/>\n<meta name=\"twitter:label1\" content=\"Written by\" \/>\n\t<meta name=\"twitter:data1\" content=\"R\u0259\u015fad Bayramov\" \/>\n\t<meta name=\"twitter:label2\" content=\"Est. reading time\" \/>\n\t<meta name=\"twitter:data2\" content=\"2 minutes\" \/>\n<script type=\"application\/ld+json\" class=\"yoast-schema-graph\">{\"@context\":\"https:\\\/\\\/schema.org\",\"@graph\":[{\"@type\":\"Article\",\"@id\":\"https:\\\/\\\/ictimai.az\\\/?p=7875#article\",\"isPartOf\":{\"@id\":\"https:\\\/\\\/ictimai.az\\\/?p=7875\"},\"author\":{\"name\":\"R\u0259\u015fad Bayramov\",\"@id\":\"https:\\\/\\\/ictimai.az\\\/#\\\/schema\\\/person\\\/1da94bf2c7ab5d83ad349237bec1e6af\"},\"headline\":\"&#8220;Qaraba\u011f Yeni Sosial \u0130qtisadi \u0130nki\u015faf Modeli&#8221; m\u00f6vzusunda Onlayn konfrans ke\u00e7irilib\",\"datePublished\":\"2020-12-09T17:18:56+00:00\",\"dateModified\":\"2020-12-09T22:22:37+00:00\",\"mainEntityOfPage\":{\"@id\":\"https:\\\/\\\/ictimai.az\\\/?p=7875\"},\"wordCount\":446,\"publisher\":{\"@id\":\"https:\\\/\\\/ictimai.az\\\/#organization\"},\"image\":{\"@id\":\"https:\\\/\\\/ictimai.az\\\/?p=7875#primaryimage\"},\"thumbnailUrl\":\"https:\\\/\\\/ictimai.az\\\/core\\\/uploads\\\/2020\\\/12\\\/ictimai_f809d6ec7ab2d5e828ca17d67871dbd8_ex1rih7jaw2f9bz3o4nt.jpg\",\"articleSection\":[\"G\u00fcnd\u0259m\"],\"inLanguage\":\"az\"},{\"@type\":\"WebPage\",\"@id\":\"https:\\\/\\\/ictimai.az\\\/?p=7875\",\"url\":\"https:\\\/\\\/ictimai.az\\\/?p=7875\",\"name\":\"\\\"Qaraba\u011f Yeni Sosial \u0130qtisadi \u0130nki\u015faf Modeli\\\" m\u00f6vzusunda Onlayn konfrans ke\u00e7irilib - \u0130CT\u0130MA\u0130.AZ\",\"isPartOf\":{\"@id\":\"https:\\\/\\\/ictimai.az\\\/#website\"},\"primaryImageOfPage\":{\"@id\":\"https:\\\/\\\/ictimai.az\\\/?p=7875#primaryimage\"},\"image\":{\"@id\":\"https:\\\/\\\/ictimai.az\\\/?p=7875#primaryimage\"},\"thumbnailUrl\":\"https:\\\/\\\/ictimai.az\\\/core\\\/uploads\\\/2020\\\/12\\\/ictimai_f809d6ec7ab2d5e828ca17d67871dbd8_ex1rih7jaw2f9bz3o4nt.jpg\",\"datePublished\":\"2020-12-09T17:18:56+00:00\",\"dateModified\":\"2020-12-09T22:22:37+00:00\",\"breadcrumb\":{\"@id\":\"https:\\\/\\\/ictimai.az\\\/?p=7875#breadcrumb\"},\"inLanguage\":\"az\",\"potentialAction\":[{\"@type\":\"ReadAction\",\"target\":[\"https:\\\/\\\/ictimai.az\\\/?p=7875\"]}]},{\"@type\":\"ImageObject\",\"inLanguage\":\"az\",\"@id\":\"https:\\\/\\\/ictimai.az\\\/?p=7875#primaryimage\",\"url\":\"https:\\\/\\\/ictimai.az\\\/core\\\/uploads\\\/2020\\\/12\\\/ictimai_f809d6ec7ab2d5e828ca17d67871dbd8_ex1rih7jaw2f9bz3o4nt.jpg\",\"contentUrl\":\"https:\\\/\\\/ictimai.az\\\/core\\\/uploads\\\/2020\\\/12\\\/ictimai_f809d6ec7ab2d5e828ca17d67871dbd8_ex1rih7jaw2f9bz3o4nt.jpg\",\"width\":768,\"height\":768},{\"@type\":\"BreadcrumbList\",\"@id\":\"https:\\\/\\\/ictimai.az\\\/?p=7875#breadcrumb\",\"itemListElement\":[{\"@type\":\"ListItem\",\"position\":1,\"name\":\"Home\",\"item\":\"https:\\\/\\\/ictimai.az\\\/\"},{\"@type\":\"ListItem\",\"position\":2,\"name\":\"&#8220;Qaraba\u011f Yeni Sosial \u0130qtisadi \u0130nki\u015faf Modeli&#8221; m\u00f6vzusunda Onlayn konfrans ke\u00e7irilib\"}]},{\"@type\":\"WebSite\",\"@id\":\"https:\\\/\\\/ictimai.az\\\/#website\",\"url\":\"https:\\\/\\\/ictimai.az\\\/\",\"name\":\"\u0130CT\u0130MA\u0130.AZ\",\"description\":\"\",\"publisher\":{\"@id\":\"https:\\\/\\\/ictimai.az\\\/#organization\"},\"potentialAction\":[{\"@type\":\"SearchAction\",\"target\":{\"@type\":\"EntryPoint\",\"urlTemplate\":\"https:\\\/\\\/ictimai.az\\\/?s={search_term_string}\"},\"query-input\":{\"@type\":\"PropertyValueSpecification\",\"valueRequired\":true,\"valueName\":\"search_term_string\"}}],\"inLanguage\":\"az\"},{\"@type\":\"Organization\",\"@id\":\"https:\\\/\\\/ictimai.az\\\/#organization\",\"name\":\"\u0130CT\u0130MA\u0130.AZ\",\"url\":\"https:\\\/\\\/ictimai.az\\\/\",\"logo\":{\"@type\":\"ImageObject\",\"inLanguage\":\"az\",\"@id\":\"https:\\\/\\\/ictimai.az\\\/#\\\/schema\\\/logo\\\/image\\\/\",\"url\":\"https:\\\/\\\/ictimai.az\\\/core\\\/uploads\\\/2026\\\/06\\\/cropped-ictimai_0380d81099c6fe3baae753faceb5481f_p41rg2mzq0uyvextfh3k-768x768-1-3.png\",\"contentUrl\":\"https:\\\/\\\/ictimai.az\\\/core\\\/uploads\\\/2026\\\/06\\\/cropped-ictimai_0380d81099c6fe3baae753faceb5481f_p41rg2mzq0uyvextfh3k-768x768-1-3.png\",\"width\":768,\"height\":768,\"caption\":\"\u0130CT\u0130MA\u0130.AZ\"},\"image\":{\"@id\":\"https:\\\/\\\/ictimai.az\\\/#\\\/schema\\\/logo\\\/image\\\/\"}},{\"@type\":\"Person\",\"@id\":\"https:\\\/\\\/ictimai.az\\\/#\\\/schema\\\/person\\\/1da94bf2c7ab5d83ad349237bec1e6af\",\"name\":\"R\u0259\u015fad Bayramov\",\"image\":{\"@type\":\"ImageObject\",\"inLanguage\":\"az\",\"@id\":\"https:\\\/\\\/secure.gravatar.com\\\/avatar\\\/83c075605ba0a4d35d59726aaad89cfa8008d1f01603342c56f1dd79784491bc?s=96&d=mm&r=g\",\"url\":\"https:\\\/\\\/secure.gravatar.com\\\/avatar\\\/83c075605ba0a4d35d59726aaad89cfa8008d1f01603342c56f1dd79784491bc?s=96&d=mm&r=g\",\"contentUrl\":\"https:\\\/\\\/secure.gravatar.com\\\/avatar\\\/83c075605ba0a4d35d59726aaad89cfa8008d1f01603342c56f1dd79784491bc?s=96&d=mm&r=g\",\"caption\":\"R\u0259\u015fad Bayramov\"},\"sameAs\":[\"https:\\\/\\\/ictimai.az\\\/\"],\"url\":\"https:\\\/\\\/ictimai.az\\\/?author=2\"}]}<\/script>\n<!-- \/ Yoast SEO plugin. -->","yoast_head_json":{"title":"\"Qaraba\u011f Yeni Sosial \u0130qtisadi \u0130nki\u015faf Modeli\" m\u00f6vzusunda Onlayn konfrans ke\u00e7irilib - \u0130CT\u0130MA\u0130.AZ","robots":{"index":"index","follow":"follow","max-snippet":"max-snippet:-1","max-image-preview":"max-image-preview:large","max-video-preview":"max-video-preview:-1"},"canonical":"https:\/\/ictimai.az\/?p=7875","og_locale":"az_AZ","og_type":"article","og_title":"\"Qaraba\u011f Yeni Sosial \u0130qtisadi \u0130nki\u015faf Modeli\" m\u00f6vzusunda Onlayn konfrans ke\u00e7irilib - \u0130CT\u0130MA\u0130.AZ","og_description":"9 dekabr tarixind\u0259 Az\u0259rbaycan G\u0259nc Sahibkarlar Klubunun t\u0259\u015fkilat\u00e7\u0131l\u0131\u011f\u0131 il\u0259 &#8220;Qaraba\u011f Yeni Sosial \u0130qtisadi \u0130nki\u015faf Modeli&#8221; m\u00f6vzusunda Onlayn konfrans ke\u00e7irilib. \u0130ctimai.az x\u0259b\u0259r verir ki, konfransda mill\u0259t v\u0259kill\u0259ri, ictimaiyy\u0259t v\u0259 media n\u00fcmay\u0259nd\u0259l\u0259ri, yerli v\u0259 beyn\u0259lxalq investorlar i\u015ftirak edib. Konfrans\u0131n moderatoru, Az\u0259rbaycan G\u0259nc Sahibkarlar Klubunun koordinatoru Anar Sar\u0131yev t\u0259dbir i\u015ftirak\u00e7\u0131lar\u0131n\u0131 salamlay\u0131b, onlar\u0131 Z\u0259f\u0259r bayram\u0131 m\u00fcnasib\u0259til\u0259 t\u0259brik etmi\u015f, \u015f\u0259hid [&hellip;]","og_url":"https:\/\/ictimai.az\/?p=7875","og_site_name":"\u0130CT\u0130MA\u0130.AZ","article_published_time":"2020-12-09T17:18:56+00:00","article_modified_time":"2020-12-09T22:22:37+00:00","og_image":[{"width":768,"height":768,"url":"https:\/\/ictimai.az\/core\/uploads\/2020\/12\/ictimai_f809d6ec7ab2d5e828ca17d67871dbd8_ex1rih7jaw2f9bz3o4nt.jpg","type":"image\/jpeg"}],"author":"R\u0259\u015fad Bayramov","twitter_card":"summary_large_image","twitter_misc":{"Written by":"R\u0259\u015fad Bayramov","Est. reading time":"2 minutes"},"schema":{"@context":"https:\/\/schema.org","@graph":[{"@type":"Article","@id":"https:\/\/ictimai.az\/?p=7875#article","isPartOf":{"@id":"https:\/\/ictimai.az\/?p=7875"},"author":{"name":"R\u0259\u015fad Bayramov","@id":"https:\/\/ictimai.az\/#\/schema\/person\/1da94bf2c7ab5d83ad349237bec1e6af"},"headline":"&#8220;Qaraba\u011f Yeni Sosial \u0130qtisadi \u0130nki\u015faf Modeli&#8221; m\u00f6vzusunda Onlayn konfrans ke\u00e7irilib","datePublished":"2020-12-09T17:18:56+00:00","dateModified":"2020-12-09T22:22:37+00:00","mainEntityOfPage":{"@id":"https:\/\/ictimai.az\/?p=7875"},"wordCount":446,"publisher":{"@id":"https:\/\/ictimai.az\/#organization"},"image":{"@id":"https:\/\/ictimai.az\/?p=7875#primaryimage"},"thumbnailUrl":"https:\/\/ictimai.az\/core\/uploads\/2020\/12\/ictimai_f809d6ec7ab2d5e828ca17d67871dbd8_ex1rih7jaw2f9bz3o4nt.jpg","articleSection":["G\u00fcnd\u0259m"],"inLanguage":"az"},{"@type":"WebPage","@id":"https:\/\/ictimai.az\/?p=7875","url":"https:\/\/ictimai.az\/?p=7875","name":"\"Qaraba\u011f Yeni Sosial \u0130qtisadi \u0130nki\u015faf Modeli\" m\u00f6vzusunda Onlayn konfrans ke\u00e7irilib - \u0130CT\u0130MA\u0130.AZ","isPartOf":{"@id":"https:\/\/ictimai.az\/#website"},"primaryImageOfPage":{"@id":"https:\/\/ictimai.az\/?p=7875#primaryimage"},"image":{"@id":"https:\/\/ictimai.az\/?p=7875#primaryimage"},"thumbnailUrl":"https:\/\/ictimai.az\/core\/uploads\/2020\/12\/ictimai_f809d6ec7ab2d5e828ca17d67871dbd8_ex1rih7jaw2f9bz3o4nt.jpg","datePublished":"2020-12-09T17:18:56+00:00","dateModified":"2020-12-09T22:22:37+00:00","breadcrumb":{"@id":"https:\/\/ictimai.az\/?p=7875#breadcrumb"},"inLanguage":"az","potentialAction":[{"@type":"ReadAction","target":["https:\/\/ictimai.az\/?p=7875"]}]},{"@type":"ImageObject","inLanguage":"az","@id":"https:\/\/ictimai.az\/?p=7875#primaryimage","url":"https:\/\/ictimai.az\/core\/uploads\/2020\/12\/ictimai_f809d6ec7ab2d5e828ca17d67871dbd8_ex1rih7jaw2f9bz3o4nt.jpg","contentUrl":"https:\/\/ictimai.az\/core\/uploads\/2020\/12\/ictimai_f809d6ec7ab2d5e828ca17d67871dbd8_ex1rih7jaw2f9bz3o4nt.jpg","width":768,"height":768},{"@type":"BreadcrumbList","@id":"https:\/\/ictimai.az\/?p=7875#breadcrumb","itemListElement":[{"@type":"ListItem","position":1,"name":"Home","item":"https:\/\/ictimai.az\/"},{"@type":"ListItem","position":2,"name":"&#8220;Qaraba\u011f Yeni Sosial \u0130qtisadi \u0130nki\u015faf Modeli&#8221; m\u00f6vzusunda Onlayn konfrans ke\u00e7irilib"}]},{"@type":"WebSite","@id":"https:\/\/ictimai.az\/#website","url":"https:\/\/ictimai.az\/","name":"\u0130CT\u0130MA\u0130.AZ","description":"","publisher":{"@id":"https:\/\/ictimai.az\/#organization"},"potentialAction":[{"@type":"SearchAction","target":{"@type":"EntryPoint","urlTemplate":"https:\/\/ictimai.az\/?s={search_term_string}"},"query-input":{"@type":"PropertyValueSpecification","valueRequired":true,"valueName":"search_term_string"}}],"inLanguage":"az"},{"@type":"Organization","@id":"https:\/\/ictimai.az\/#organization","name":"\u0130CT\u0130MA\u0130.AZ","url":"https:\/\/ictimai.az\/","logo":{"@type":"ImageObject","inLanguage":"az","@id":"https:\/\/ictimai.az\/#\/schema\/logo\/image\/","url":"https:\/\/ictimai.az\/core\/uploads\/2026\/06\/cropped-ictimai_0380d81099c6fe3baae753faceb5481f_p41rg2mzq0uyvextfh3k-768x768-1-3.png","contentUrl":"https:\/\/ictimai.az\/core\/uploads\/2026\/06\/cropped-ictimai_0380d81099c6fe3baae753faceb5481f_p41rg2mzq0uyvextfh3k-768x768-1-3.png","width":768,"height":768,"caption":"\u0130CT\u0130MA\u0130.AZ"},"image":{"@id":"https:\/\/ictimai.az\/#\/schema\/logo\/image\/"}},{"@type":"Person","@id":"https:\/\/ictimai.az\/#\/schema\/person\/1da94bf2c7ab5d83ad349237bec1e6af","name":"R\u0259\u015fad Bayramov","image":{"@type":"ImageObject","inLanguage":"az","@id":"https:\/\/secure.gravatar.com\/avatar\/83c075605ba0a4d35d59726aaad89cfa8008d1f01603342c56f1dd79784491bc?s=96&d=mm&r=g","url":"https:\/\/secure.gravatar.com\/avatar\/83c075605ba0a4d35d59726aaad89cfa8008d1f01603342c56f1dd79784491bc?s=96&d=mm&r=g","contentUrl":"https:\/\/secure.gravatar.com\/avatar\/83c075605ba0a4d35d59726aaad89cfa8008d1f01603342c56f1dd79784491bc?s=96&d=mm&r=g","caption":"R\u0259\u015fad Bayramov"},"sameAs":["https:\/\/ictimai.az\/"],"url":"https:\/\/ictimai.az\/?author=2"}]}},"_links":{"self":[{"href":"https:\/\/ictimai.az\/index.php?rest_route=\/wp\/v2\/posts\/7875","targetHints":{"allow":["GET"]}}],"collection":[{"href":"https:\/\/ictimai.az\/index.php?rest_route=\/wp\/v2\/posts"}],"about":[{"href":"https:\/\/ictimai.az\/index.php?rest_route=\/wp\/v2\/types\/post"}],"author":[{"embeddable":true,"href":"https:\/\/ictimai.az\/index.php?rest_route=\/wp\/v2\/users\/2"}],"replies":[{"embeddable":true,"href":"https:\/\/ictimai.az\/index.php?rest_route=%2Fwp%2Fv2%2Fcomments&post=7875"}],"version-history":[{"count":0,"href":"https:\/\/ictimai.az\/index.php?rest_route=\/wp\/v2\/posts\/7875\/revisions"}],"wp:featuredmedia":[{"embeddable":true,"href":"https:\/\/ictimai.az\/index.php?rest_route=\/wp\/v2\/media\/7880"}],"wp:attachment":[{"href":"https:\/\/ictimai.az\/index.php?rest_route=%2Fwp%2Fv2%2Fmedia&parent=7875"}],"wp:term":[{"taxonomy":"category","embeddable":true,"href":"https:\/\/ictimai.az\/index.php?rest_route=%2Fwp%2Fv2%2Fcategories&post=7875"},{"taxonomy":"post_tag","embeddable":true,"href":"https:\/\/ictimai.az\/index.php?rest_route=%2Fwp%2Fv2%2Ftags&post=7875"}],"curies":[{"name":"wp","href":"https:\/\/api.w.org\/{rel}","templated":true}]}}