{"id":7903,"date":"2020-12-10T14:08:14","date_gmt":"2020-12-10T10:08:14","guid":{"rendered":"https:\/\/ictimai.az\/?p=7903"},"modified":"2020-12-11T02:18:48","modified_gmt":"2020-12-10T22:18:48","slug":"erdogan-zefer-paradinda-bextiyar-vahabzadeden-seir-soyledi","status":"publish","type":"post","link":"https:\/\/ictimai.az\/?p=7903","title":{"rendered":"\u018frdo\u011fan Z\u0259f\u0259r parad\u0131nda B\u0259xtiyar Vahabzad\u0259d\u0259n \u015feir s\u00f6yl\u0259di"},"content":{"rendered":"<p>T\u00fcrkiy\u0259 Prezidenti R\u0259c\u0259p Tayyip \u018frdo\u011fan bu g\u00fcn Bak\u0131da ke\u00e7iril\u0259n Z\u0259f\u0259r parad\u0131 il\u0259 ba\u011fl\u0131 fikirl\u0259rini bildirib.<\/p>\n<p>O, B\u0259xtiyar Vahabzad\u0259nin \u015feirind\u0259n misal g\u0259tirib:<\/p>\n<p>\u201cBu z\u0259f\u0259r g\u00fcn\u00fcnd\u0259 sizinl\u0259 birg\u0259 olmaqdan b\u00f6y\u00fck b\u0259xtiyarl\u0131q duyuram. \u0130lham \u018fliyev qarda\u015f\u0131ma z\u0259rif d\u0259v\u0259ti \u00fc\u00e7\u00fcn t\u0259\u015f\u0259kk\u00fcr edir\u0259m. 44 g\u00fcnl\u00fck m\u00fcharib\u0259d\u0259 \u015f\u0259hidl\u0259rimiz\u0259 Allahdan r\u0259hm\u0259t, qazil\u0259rimiz\u0259 \u015f\u0259fa dil\u0259yir\u0259m.<\/p>\n<div id=\"AdviadNativeVideo0\" class=\"AdviadNativeVideo\"><\/div>\n<p>\u015eair B\u0259xtiyar deyib:<\/p>\n<p>Hardan s\u0259nin oldu bizim Qaraba\u011f?<br \/>\nAd\u0131 sahibini demirmi a\u015fkar?<br \/>\nXo\u015fluqla verm\u0259zl\u0259r torpa\u011f\u0131 ancaq<br \/>\nQanla m\u00f6h\u00fcrl\u0259yib, zorla alarlar.<\/p>\n<p>Xar\u0131 b\u00fclb\u00fcl Az\u0259rbaycan torpaqlar\u0131n\u0131n simvolu olub. Qarda\u015f\u0131m \u0130lham \u018fliyev m\u0259rhum Heyd\u0259r \u018fliyevin ona v\u0259siyy\u0259tini yerin\u0259 yetirib. Bu m\u00fcnasib\u0259tl\u0259 \u00fcmummilli lider Heyd\u0259r \u018fliyev\u0259 r\u0259hm\u0259t dil\u0259yir\u0259m. \u0130n\u015fallah, \u0130lham \u018fliyev dastan yazma\u011fa davam ed\u0259c\u0259k.<\/p>\n<p>T\u00fcrkiy\u0259 b\u00fct\u00fcn d\u0259st\u0259yi il\u0259 Az\u0259rbaycan\u0131n yan\u0131nda olub. Heyd\u0259r \u018fliyevin \u201ciki d\u00f6vl\u0259t, bir mill\u0259t\u201d, Atat\u00fcrk\u00fcn \u201cAz\u0259rbaycan\u0131n sevinci sevincimiz, k\u0259d\u0259ri k\u0259d\u0259rimizdir\u201d s\u00f6zl\u0259rini xat\u0131rlamaq yerin\u0259 d\u00fc\u015f\u0259r. Bug\u00fcn\u0259d\u0259k siyasi arenada apar\u0131lan m\u00fccadil\u0259 bundan sonra f\u0259rqli ged\u0259c\u0259k.<\/p>\n<p>F\u00fczuli \u015f\u0259h\u0259rind\u0259 bayraq asma\u011fa bina tap\u0131lmay\u0131b. \u015e\u0259h\u0259rl\u0259r, k\u0259ndl\u0259r, m\u0259scidl\u0259r da\u011f\u0131d\u0131l\u0131b, viran qoyulub. Erm\u0259nil\u0259rd\u0259n b\u00fct\u00fcn bu t\u0259xribat\u0131n m\u0259suliyy\u0259ti sorulmal\u0131d\u0131r. B\u0259rd\u0259, G\u0259nc\u0259, T\u0259rt\u0259r, A\u011fcab\u0259di, A\u011fdam, Naftalan kimi \u015f\u0259h\u0259rl\u0259r bombalan\u0131b.<\/p>\n<p>100 n\u0259f\u0259r bu bombalanma zaman\u0131 \u015f\u0259hid olub, 416 insan bu bombalanmada yaralan\u0131b. Bunun hesab\u0131n\u0131 ist\u0259m\u0259k boynumuzun borcudur. Bir\u00a0milyon m\u0259cburi k\u00f6\u00e7k\u00fcn art\u0131q do\u011fma torpaqlar\u0131na qay\u0131tmaq \u00fc\u00e7\u00fcn s\u0259birsizl\u0259nib. \u0130n\u015fallah, q\u0131sa m\u00fcdd\u0259td\u0259 onlar\u0131n \u00f6z torpaqlar\u0131na qay\u0131daca\u011f\u0131na inan\u0131r\u0131q.<\/p>\n<p>Erm\u0259nil\u0259rin a\u011f\u0131llar\u0131n\u0131 ba\u015flar\u0131na toplamas\u0131 laz\u0131md\u0131r. Erm\u0259nistan r\u0259hb\u0259rliyi b\u00fct\u00fcn x\u0259rcl\u0259rini laz\u0131mi yer\u0259 y\u00f6n\u0259lts\u0259ydi, daha yax\u015f\u0131 ola bil\u0259rdi. Q\u0259rb imperialistl\u0259rin d\u0259st\u0259yi il\u0259 bir \u015fey\u0259 nail olmaqdansa, mehriban qon\u015fuluq edilm\u0259lidir. Bel\u0259 olarsa, b\u00f6lg\u0259d\u0259 sakit h\u0259yat t\u0259rzi olar\u201d.<\/p>\n","protected":false},"excerpt":{"rendered":"<p>T\u00fcrkiy\u0259 Prezidenti R\u0259c\u0259p Tayyip \u018frdo\u011fan bu g\u00fcn Bak\u0131da ke\u00e7iril\u0259n Z\u0259f\u0259r parad\u0131 il\u0259 ba\u011fl\u0131 fikirl\u0259rini bildirib. O, B\u0259xtiyar Vahabzad\u0259nin \u015feirind\u0259n misal g\u0259tirib: \u201cBu z\u0259f\u0259r g\u00fcn\u00fcnd\u0259 sizinl\u0259 birg\u0259 olmaqdan b\u00f6y\u00fck b\u0259xtiyarl\u0131q duyuram. \u0130lham \u018fliyev qarda\u015f\u0131ma z\u0259rif d\u0259v\u0259ti \u00fc\u00e7\u00fcn t\u0259\u015f\u0259kk\u00fcr edir\u0259m. 44 g\u00fcnl\u00fck m\u00fcharib\u0259d\u0259 \u015f\u0259hidl\u0259rimiz\u0259 Allahdan r\u0259hm\u0259t, qazil\u0259rimiz\u0259 \u015f\u0259fa dil\u0259yir\u0259m. \u015eair B\u0259xtiyar deyib: Hardan s\u0259nin oldu bizim Qaraba\u011f? [&hellip;]<\/p>\n","protected":false},"author":2,"featured_media":7904,"comment_status":"closed","ping_status":"closed","sticky":false,"template":"","format":"standard","meta":{"footnotes":""},"categories":[2],"tags":[],"class_list":["post-7903","post","type-post","status-publish","format-standard","has-post-thumbnail","hentry","category-trend"],"yoast_head":"<!-- This site is optimized with the Yoast SEO plugin v28.2 - https:\/\/yoast.com\/product\/yoast-seo-wordpress\/ -->\n<title>\u018frdo\u011fan Z\u0259f\u0259r parad\u0131nda B\u0259xtiyar Vahabzad\u0259d\u0259n \u015feir s\u00f6yl\u0259di - \u0130CT\u0130MA\u0130.AZ<\/title>\n<meta name=\"robots\" content=\"index, follow, max-snippet:-1, max-image-preview:large, max-video-preview:-1\" \/>\n<link rel=\"canonical\" href=\"https:\/\/ictimai.az\/?p=7903\" \/>\n<meta property=\"og:locale\" content=\"az_AZ\" \/>\n<meta property=\"og:type\" content=\"article\" \/>\n<meta property=\"og:title\" content=\"\u018frdo\u011fan Z\u0259f\u0259r parad\u0131nda B\u0259xtiyar Vahabzad\u0259d\u0259n \u015feir s\u00f6yl\u0259di - \u0130CT\u0130MA\u0130.AZ\" \/>\n<meta property=\"og:description\" content=\"T\u00fcrkiy\u0259 Prezidenti R\u0259c\u0259p Tayyip \u018frdo\u011fan bu g\u00fcn Bak\u0131da ke\u00e7iril\u0259n Z\u0259f\u0259r parad\u0131 il\u0259 ba\u011fl\u0131 fikirl\u0259rini bildirib. O, B\u0259xtiyar Vahabzad\u0259nin \u015feirind\u0259n misal g\u0259tirib: \u201cBu z\u0259f\u0259r g\u00fcn\u00fcnd\u0259 sizinl\u0259 birg\u0259 olmaqdan b\u00f6y\u00fck b\u0259xtiyarl\u0131q duyuram. \u0130lham \u018fliyev qarda\u015f\u0131ma z\u0259rif d\u0259v\u0259ti \u00fc\u00e7\u00fcn t\u0259\u015f\u0259kk\u00fcr edir\u0259m. 44 g\u00fcnl\u00fck m\u00fcharib\u0259d\u0259 \u015f\u0259hidl\u0259rimiz\u0259 Allahdan r\u0259hm\u0259t, qazil\u0259rimiz\u0259 \u015f\u0259fa dil\u0259yir\u0259m. \u015eair B\u0259xtiyar deyib: Hardan s\u0259nin oldu bizim Qaraba\u011f? [&hellip;]\" \/>\n<meta property=\"og:url\" content=\"https:\/\/ictimai.az\/?p=7903\" \/>\n<meta property=\"og:site_name\" content=\"\u0130CT\u0130MA\u0130.AZ\" \/>\n<meta property=\"article:published_time\" content=\"2020-12-10T10:08:14+00:00\" \/>\n<meta property=\"article:modified_time\" content=\"2020-12-10T22:18:48+00:00\" \/>\n<meta property=\"og:image\" content=\"https:\/\/ictimai.az\/core\/uploads\/2020\/12\/ictimai_f4017d8a5dbdb50542d7429540558c45_9n3fr40lt5yjvam12oxu.jpg\" \/>\n\t<meta property=\"og:image:width\" content=\"620\" \/>\n\t<meta property=\"og:image:height\" content=\"349\" \/>\n\t<meta property=\"og:image:type\" content=\"image\/jpeg\" \/>\n<meta name=\"author\" content=\"R\u0259\u015fad Bayramov\" \/>\n<meta name=\"twitter:card\" content=\"summary_large_image\" \/>\n<meta name=\"twitter:label1\" content=\"Written by\" \/>\n\t<meta name=\"twitter:data1\" content=\"R\u0259\u015fad Bayramov\" \/>\n\t<meta name=\"twitter:label2\" content=\"Est. reading time\" \/>\n\t<meta name=\"twitter:data2\" content=\"2 minutes\" \/>\n<script type=\"application\/ld+json\" class=\"yoast-schema-graph\">{\"@context\":\"https:\\\/\\\/schema.org\",\"@graph\":[{\"@type\":\"Article\",\"@id\":\"https:\\\/\\\/ictimai.az\\\/?p=7903#article\",\"isPartOf\":{\"@id\":\"https:\\\/\\\/ictimai.az\\\/?p=7903\"},\"author\":{\"name\":\"R\u0259\u015fad Bayramov\",\"@id\":\"https:\\\/\\\/ictimai.az\\\/#\\\/schema\\\/person\\\/1da94bf2c7ab5d83ad349237bec1e6af\"},\"headline\":\"\u018frdo\u011fan Z\u0259f\u0259r parad\u0131nda B\u0259xtiyar Vahabzad\u0259d\u0259n \u015feir s\u00f6yl\u0259di\",\"datePublished\":\"2020-12-10T10:08:14+00:00\",\"dateModified\":\"2020-12-10T22:18:48+00:00\",\"mainEntityOfPage\":{\"@id\":\"https:\\\/\\\/ictimai.az\\\/?p=7903\"},\"wordCount\":432,\"publisher\":{\"@id\":\"https:\\\/\\\/ictimai.az\\\/#organization\"},\"image\":{\"@id\":\"https:\\\/\\\/ictimai.az\\\/?p=7903#primaryimage\"},\"thumbnailUrl\":\"https:\\\/\\\/ictimai.az\\\/core\\\/uploads\\\/2020\\\/12\\\/ictimai_f4017d8a5dbdb50542d7429540558c45_9n3fr40lt5yjvam12oxu.jpg\",\"articleSection\":[\"G\u00fcnd\u0259m\"],\"inLanguage\":\"az\"},{\"@type\":\"WebPage\",\"@id\":\"https:\\\/\\\/ictimai.az\\\/?p=7903\",\"url\":\"https:\\\/\\\/ictimai.az\\\/?p=7903\",\"name\":\"\u018frdo\u011fan Z\u0259f\u0259r parad\u0131nda B\u0259xtiyar Vahabzad\u0259d\u0259n \u015feir s\u00f6yl\u0259di - \u0130CT\u0130MA\u0130.AZ\",\"isPartOf\":{\"@id\":\"https:\\\/\\\/ictimai.az\\\/#website\"},\"primaryImageOfPage\":{\"@id\":\"https:\\\/\\\/ictimai.az\\\/?p=7903#primaryimage\"},\"image\":{\"@id\":\"https:\\\/\\\/ictimai.az\\\/?p=7903#primaryimage\"},\"thumbnailUrl\":\"https:\\\/\\\/ictimai.az\\\/core\\\/uploads\\\/2020\\\/12\\\/ictimai_f4017d8a5dbdb50542d7429540558c45_9n3fr40lt5yjvam12oxu.jpg\",\"datePublished\":\"2020-12-10T10:08:14+00:00\",\"dateModified\":\"2020-12-10T22:18:48+00:00\",\"breadcrumb\":{\"@id\":\"https:\\\/\\\/ictimai.az\\\/?p=7903#breadcrumb\"},\"inLanguage\":\"az\",\"potentialAction\":[{\"@type\":\"ReadAction\",\"target\":[\"https:\\\/\\\/ictimai.az\\\/?p=7903\"]}]},{\"@type\":\"ImageObject\",\"inLanguage\":\"az\",\"@id\":\"https:\\\/\\\/ictimai.az\\\/?p=7903#primaryimage\",\"url\":\"https:\\\/\\\/ictimai.az\\\/core\\\/uploads\\\/2020\\\/12\\\/ictimai_f4017d8a5dbdb50542d7429540558c45_9n3fr40lt5yjvam12oxu.jpg\",\"contentUrl\":\"https:\\\/\\\/ictimai.az\\\/core\\\/uploads\\\/2020\\\/12\\\/ictimai_f4017d8a5dbdb50542d7429540558c45_9n3fr40lt5yjvam12oxu.jpg\",\"width\":620,\"height\":349},{\"@type\":\"BreadcrumbList\",\"@id\":\"https:\\\/\\\/ictimai.az\\\/?p=7903#breadcrumb\",\"itemListElement\":[{\"@type\":\"ListItem\",\"position\":1,\"name\":\"Home\",\"item\":\"https:\\\/\\\/ictimai.az\\\/\"},{\"@type\":\"ListItem\",\"position\":2,\"name\":\"\u018frdo\u011fan Z\u0259f\u0259r parad\u0131nda B\u0259xtiyar Vahabzad\u0259d\u0259n \u015feir s\u00f6yl\u0259di\"}]},{\"@type\":\"WebSite\",\"@id\":\"https:\\\/\\\/ictimai.az\\\/#website\",\"url\":\"https:\\\/\\\/ictimai.az\\\/\",\"name\":\"\u0130CT\u0130MA\u0130.AZ\",\"description\":\"\",\"publisher\":{\"@id\":\"https:\\\/\\\/ictimai.az\\\/#organization\"},\"potentialAction\":[{\"@type\":\"SearchAction\",\"target\":{\"@type\":\"EntryPoint\",\"urlTemplate\":\"https:\\\/\\\/ictimai.az\\\/?s={search_term_string}\"},\"query-input\":{\"@type\":\"PropertyValueSpecification\",\"valueRequired\":true,\"valueName\":\"search_term_string\"}}],\"inLanguage\":\"az\"},{\"@type\":\"Organization\",\"@id\":\"https:\\\/\\\/ictimai.az\\\/#organization\",\"name\":\"\u0130CT\u0130MA\u0130.AZ\",\"url\":\"https:\\\/\\\/ictimai.az\\\/\",\"logo\":{\"@type\":\"ImageObject\",\"inLanguage\":\"az\",\"@id\":\"https:\\\/\\\/ictimai.az\\\/#\\\/schema\\\/logo\\\/image\\\/\",\"url\":\"https:\\\/\\\/ictimai.az\\\/core\\\/uploads\\\/2026\\\/06\\\/cropped-ictimai_0380d81099c6fe3baae753faceb5481f_p41rg2mzq0uyvextfh3k-768x768-1-3.png\",\"contentUrl\":\"https:\\\/\\\/ictimai.az\\\/core\\\/uploads\\\/2026\\\/06\\\/cropped-ictimai_0380d81099c6fe3baae753faceb5481f_p41rg2mzq0uyvextfh3k-768x768-1-3.png\",\"width\":768,\"height\":768,\"caption\":\"\u0130CT\u0130MA\u0130.AZ\"},\"image\":{\"@id\":\"https:\\\/\\\/ictimai.az\\\/#\\\/schema\\\/logo\\\/image\\\/\"}},{\"@type\":\"Person\",\"@id\":\"https:\\\/\\\/ictimai.az\\\/#\\\/schema\\\/person\\\/1da94bf2c7ab5d83ad349237bec1e6af\",\"name\":\"R\u0259\u015fad Bayramov\",\"image\":{\"@type\":\"ImageObject\",\"inLanguage\":\"az\",\"@id\":\"https:\\\/\\\/secure.gravatar.com\\\/avatar\\\/83c075605ba0a4d35d59726aaad89cfa8008d1f01603342c56f1dd79784491bc?s=96&d=mm&r=g\",\"url\":\"https:\\\/\\\/secure.gravatar.com\\\/avatar\\\/83c075605ba0a4d35d59726aaad89cfa8008d1f01603342c56f1dd79784491bc?s=96&d=mm&r=g\",\"contentUrl\":\"https:\\\/\\\/secure.gravatar.com\\\/avatar\\\/83c075605ba0a4d35d59726aaad89cfa8008d1f01603342c56f1dd79784491bc?s=96&d=mm&r=g\",\"caption\":\"R\u0259\u015fad Bayramov\"},\"sameAs\":[\"https:\\\/\\\/ictimai.az\\\/\"],\"url\":\"https:\\\/\\\/ictimai.az\\\/?author=2\"}]}<\/script>\n<!-- \/ Yoast SEO plugin. -->","yoast_head_json":{"title":"\u018frdo\u011fan Z\u0259f\u0259r parad\u0131nda B\u0259xtiyar Vahabzad\u0259d\u0259n \u015feir s\u00f6yl\u0259di - \u0130CT\u0130MA\u0130.AZ","robots":{"index":"index","follow":"follow","max-snippet":"max-snippet:-1","max-image-preview":"max-image-preview:large","max-video-preview":"max-video-preview:-1"},"canonical":"https:\/\/ictimai.az\/?p=7903","og_locale":"az_AZ","og_type":"article","og_title":"\u018frdo\u011fan Z\u0259f\u0259r parad\u0131nda B\u0259xtiyar Vahabzad\u0259d\u0259n \u015feir s\u00f6yl\u0259di - \u0130CT\u0130MA\u0130.AZ","og_description":"T\u00fcrkiy\u0259 Prezidenti R\u0259c\u0259p Tayyip \u018frdo\u011fan bu g\u00fcn Bak\u0131da ke\u00e7iril\u0259n Z\u0259f\u0259r parad\u0131 il\u0259 ba\u011fl\u0131 fikirl\u0259rini bildirib. O, B\u0259xtiyar Vahabzad\u0259nin \u015feirind\u0259n misal g\u0259tirib: \u201cBu z\u0259f\u0259r g\u00fcn\u00fcnd\u0259 sizinl\u0259 birg\u0259 olmaqdan b\u00f6y\u00fck b\u0259xtiyarl\u0131q duyuram. \u0130lham \u018fliyev qarda\u015f\u0131ma z\u0259rif d\u0259v\u0259ti \u00fc\u00e7\u00fcn t\u0259\u015f\u0259kk\u00fcr edir\u0259m. 44 g\u00fcnl\u00fck m\u00fcharib\u0259d\u0259 \u015f\u0259hidl\u0259rimiz\u0259 Allahdan r\u0259hm\u0259t, qazil\u0259rimiz\u0259 \u015f\u0259fa dil\u0259yir\u0259m. \u015eair B\u0259xtiyar deyib: Hardan s\u0259nin oldu bizim Qaraba\u011f? [&hellip;]","og_url":"https:\/\/ictimai.az\/?p=7903","og_site_name":"\u0130CT\u0130MA\u0130.AZ","article_published_time":"2020-12-10T10:08:14+00:00","article_modified_time":"2020-12-10T22:18:48+00:00","og_image":[{"width":620,"height":349,"url":"https:\/\/ictimai.az\/core\/uploads\/2020\/12\/ictimai_f4017d8a5dbdb50542d7429540558c45_9n3fr40lt5yjvam12oxu.jpg","type":"image\/jpeg"}],"author":"R\u0259\u015fad Bayramov","twitter_card":"summary_large_image","twitter_misc":{"Written by":"R\u0259\u015fad Bayramov","Est. reading time":"2 minutes"},"schema":{"@context":"https:\/\/schema.org","@graph":[{"@type":"Article","@id":"https:\/\/ictimai.az\/?p=7903#article","isPartOf":{"@id":"https:\/\/ictimai.az\/?p=7903"},"author":{"name":"R\u0259\u015fad Bayramov","@id":"https:\/\/ictimai.az\/#\/schema\/person\/1da94bf2c7ab5d83ad349237bec1e6af"},"headline":"\u018frdo\u011fan Z\u0259f\u0259r parad\u0131nda B\u0259xtiyar Vahabzad\u0259d\u0259n \u015feir s\u00f6yl\u0259di","datePublished":"2020-12-10T10:08:14+00:00","dateModified":"2020-12-10T22:18:48+00:00","mainEntityOfPage":{"@id":"https:\/\/ictimai.az\/?p=7903"},"wordCount":432,"publisher":{"@id":"https:\/\/ictimai.az\/#organization"},"image":{"@id":"https:\/\/ictimai.az\/?p=7903#primaryimage"},"thumbnailUrl":"https:\/\/ictimai.az\/core\/uploads\/2020\/12\/ictimai_f4017d8a5dbdb50542d7429540558c45_9n3fr40lt5yjvam12oxu.jpg","articleSection":["G\u00fcnd\u0259m"],"inLanguage":"az"},{"@type":"WebPage","@id":"https:\/\/ictimai.az\/?p=7903","url":"https:\/\/ictimai.az\/?p=7903","name":"\u018frdo\u011fan Z\u0259f\u0259r parad\u0131nda B\u0259xtiyar Vahabzad\u0259d\u0259n \u015feir s\u00f6yl\u0259di - \u0130CT\u0130MA\u0130.AZ","isPartOf":{"@id":"https:\/\/ictimai.az\/#website"},"primaryImageOfPage":{"@id":"https:\/\/ictimai.az\/?p=7903#primaryimage"},"image":{"@id":"https:\/\/ictimai.az\/?p=7903#primaryimage"},"thumbnailUrl":"https:\/\/ictimai.az\/core\/uploads\/2020\/12\/ictimai_f4017d8a5dbdb50542d7429540558c45_9n3fr40lt5yjvam12oxu.jpg","datePublished":"2020-12-10T10:08:14+00:00","dateModified":"2020-12-10T22:18:48+00:00","breadcrumb":{"@id":"https:\/\/ictimai.az\/?p=7903#breadcrumb"},"inLanguage":"az","potentialAction":[{"@type":"ReadAction","target":["https:\/\/ictimai.az\/?p=7903"]}]},{"@type":"ImageObject","inLanguage":"az","@id":"https:\/\/ictimai.az\/?p=7903#primaryimage","url":"https:\/\/ictimai.az\/core\/uploads\/2020\/12\/ictimai_f4017d8a5dbdb50542d7429540558c45_9n3fr40lt5yjvam12oxu.jpg","contentUrl":"https:\/\/ictimai.az\/core\/uploads\/2020\/12\/ictimai_f4017d8a5dbdb50542d7429540558c45_9n3fr40lt5yjvam12oxu.jpg","width":620,"height":349},{"@type":"BreadcrumbList","@id":"https:\/\/ictimai.az\/?p=7903#breadcrumb","itemListElement":[{"@type":"ListItem","position":1,"name":"Home","item":"https:\/\/ictimai.az\/"},{"@type":"ListItem","position":2,"name":"\u018frdo\u011fan Z\u0259f\u0259r parad\u0131nda B\u0259xtiyar Vahabzad\u0259d\u0259n \u015feir s\u00f6yl\u0259di"}]},{"@type":"WebSite","@id":"https:\/\/ictimai.az\/#website","url":"https:\/\/ictimai.az\/","name":"\u0130CT\u0130MA\u0130.AZ","description":"","publisher":{"@id":"https:\/\/ictimai.az\/#organization"},"potentialAction":[{"@type":"SearchAction","target":{"@type":"EntryPoint","urlTemplate":"https:\/\/ictimai.az\/?s={search_term_string}"},"query-input":{"@type":"PropertyValueSpecification","valueRequired":true,"valueName":"search_term_string"}}],"inLanguage":"az"},{"@type":"Organization","@id":"https:\/\/ictimai.az\/#organization","name":"\u0130CT\u0130MA\u0130.AZ","url":"https:\/\/ictimai.az\/","logo":{"@type":"ImageObject","inLanguage":"az","@id":"https:\/\/ictimai.az\/#\/schema\/logo\/image\/","url":"https:\/\/ictimai.az\/core\/uploads\/2026\/06\/cropped-ictimai_0380d81099c6fe3baae753faceb5481f_p41rg2mzq0uyvextfh3k-768x768-1-3.png","contentUrl":"https:\/\/ictimai.az\/core\/uploads\/2026\/06\/cropped-ictimai_0380d81099c6fe3baae753faceb5481f_p41rg2mzq0uyvextfh3k-768x768-1-3.png","width":768,"height":768,"caption":"\u0130CT\u0130MA\u0130.AZ"},"image":{"@id":"https:\/\/ictimai.az\/#\/schema\/logo\/image\/"}},{"@type":"Person","@id":"https:\/\/ictimai.az\/#\/schema\/person\/1da94bf2c7ab5d83ad349237bec1e6af","name":"R\u0259\u015fad Bayramov","image":{"@type":"ImageObject","inLanguage":"az","@id":"https:\/\/secure.gravatar.com\/avatar\/83c075605ba0a4d35d59726aaad89cfa8008d1f01603342c56f1dd79784491bc?s=96&d=mm&r=g","url":"https:\/\/secure.gravatar.com\/avatar\/83c075605ba0a4d35d59726aaad89cfa8008d1f01603342c56f1dd79784491bc?s=96&d=mm&r=g","contentUrl":"https:\/\/secure.gravatar.com\/avatar\/83c075605ba0a4d35d59726aaad89cfa8008d1f01603342c56f1dd79784491bc?s=96&d=mm&r=g","caption":"R\u0259\u015fad Bayramov"},"sameAs":["https:\/\/ictimai.az\/"],"url":"https:\/\/ictimai.az\/?author=2"}]}},"_links":{"self":[{"href":"https:\/\/ictimai.az\/index.php?rest_route=\/wp\/v2\/posts\/7903","targetHints":{"allow":["GET"]}}],"collection":[{"href":"https:\/\/ictimai.az\/index.php?rest_route=\/wp\/v2\/posts"}],"about":[{"href":"https:\/\/ictimai.az\/index.php?rest_route=\/wp\/v2\/types\/post"}],"author":[{"embeddable":true,"href":"https:\/\/ictimai.az\/index.php?rest_route=\/wp\/v2\/users\/2"}],"replies":[{"embeddable":true,"href":"https:\/\/ictimai.az\/index.php?rest_route=%2Fwp%2Fv2%2Fcomments&post=7903"}],"version-history":[{"count":0,"href":"https:\/\/ictimai.az\/index.php?rest_route=\/wp\/v2\/posts\/7903\/revisions"}],"wp:featuredmedia":[{"embeddable":true,"href":"https:\/\/ictimai.az\/index.php?rest_route=\/wp\/v2\/media\/7904"}],"wp:attachment":[{"href":"https:\/\/ictimai.az\/index.php?rest_route=%2Fwp%2Fv2%2Fmedia&parent=7903"}],"wp:term":[{"taxonomy":"category","embeddable":true,"href":"https:\/\/ictimai.az\/index.php?rest_route=%2Fwp%2Fv2%2Fcategories&post=7903"},{"taxonomy":"post_tag","embeddable":true,"href":"https:\/\/ictimai.az\/index.php?rest_route=%2Fwp%2Fv2%2Ftags&post=7903"}],"curies":[{"name":"wp","href":"https:\/\/api.w.org\/{rel}","templated":true}]}}