{"id":79277,"date":"2025-12-29T08:02:33","date_gmt":"2025-12-29T04:02:33","guid":{"rendered":"https:\/\/ictimai.az\/?p=79277"},"modified":"2025-12-29T11:40:47","modified_gmt":"2025-12-29T07:40:47","slug":"makron-ukrayna-ile-bagli-konulluler-koalisiyasinin-iclasini-elan-etdi","status":"publish","type":"post","link":"https:\/\/ictimai.az\/?p=79277","title":{"rendered":"Makron Ukrayna il\u0259 ba\u011fl\u0131 k\u00f6n\u00fcll\u00fcl\u0259r koalisiyas\u0131n\u0131n iclas\u0131n\u0131 elan etdi"},"content":{"rendered":"<p>Ukrayna \u00fc\u00e7\u00fcn t\u0259hl\u00fck\u0259sizlik z\u0259man\u0259tl\u0259ri \u00fczr\u0259 m\u0259suliyy\u0259tl\u0259rin b\u00f6l\u00fc\u015fd\u00fcr\u00fclm\u0259sini yekunla\u015fd\u0131rmaq \u00fc\u00e7\u00fcn k\u00f6n\u00fcll\u00fcl\u0259rin koalisiyas\u0131 yanvar\u0131n \u0259vv\u0259lind\u0259 Parisd\u0259 g\u00f6r\u00fc\u015f\u0259c\u0259k.<\/p>\n<p>Fransa Prezidenti Emmanuel Makron bu bar\u0259d\u0259 sosial media s\u0259hif\u0259sind\u0259 m\u0259lumat verib.<\/p>\n<p>Onun s\u00f6zl\u0259rin\u0259 g\u00f6r\u0259, Ukraynan\u0131n Avropa t\u0259r\u0259fda\u015flar\u0131 &#8220;\u0259dal\u0259tli v\u0259 davaml\u0131 s\u00fclh\u00fcn qurulmas\u0131nda \u0259sas rol oynayacaq&#8221; t\u0259hl\u00fck\u0259sizlik z\u0259man\u0259tl\u0259ri m\u0259s\u0259l\u0259sind\u0259 ir\u0259lil\u0259yi\u015f \u0259ld\u0259 edirl\u0259r.<\/p>\n","protected":false},"excerpt":{"rendered":"<p>Ukrayna \u00fc\u00e7\u00fcn t\u0259hl\u00fck\u0259sizlik z\u0259man\u0259tl\u0259ri \u00fczr\u0259 m\u0259suliyy\u0259tl\u0259rin b\u00f6l\u00fc\u015fd\u00fcr\u00fclm\u0259sini yekunla\u015fd\u0131rmaq \u00fc\u00e7\u00fcn k\u00f6n\u00fcll\u00fcl\u0259rin koalisiyas\u0131 yanvar\u0131n \u0259vv\u0259lind\u0259 Parisd\u0259 g\u00f6r\u00fc\u015f\u0259c\u0259k. Fransa Prezidenti Emmanuel Makron bu bar\u0259d\u0259 sosial media s\u0259hif\u0259sind\u0259 m\u0259lumat verib. Onun s\u00f6zl\u0259rin\u0259 g\u00f6r\u0259, Ukraynan\u0131n Avropa t\u0259r\u0259fda\u015flar\u0131 &#8220;\u0259dal\u0259tli v\u0259 davaml\u0131 s\u00fclh\u00fcn qurulmas\u0131nda \u0259sas rol oynayacaq&#8221; t\u0259hl\u00fck\u0259sizlik z\u0259man\u0259tl\u0259ri m\u0259s\u0259l\u0259sind\u0259 ir\u0259lil\u0259yi\u015f \u0259ld\u0259 edirl\u0259r.<\/p>\n","protected":false},"author":2,"featured_media":49232,"comment_status":"closed","ping_status":"closed","sticky":false,"template":"","format":"standard","meta":{"footnotes":""},"categories":[36,15],"tags":[],"class_list":["post-79277","post","type-post","status-publish","format-standard","has-post-thumbnail","hentry","category-media","category-politics"],"yoast_head":"<!-- This site is optimized with the Yoast SEO plugin v28.2 - https:\/\/yoast.com\/product\/yoast-seo-wordpress\/ -->\n<title>Makron Ukrayna il\u0259 ba\u011fl\u0131 k\u00f6n\u00fcll\u00fcl\u0259r koalisiyas\u0131n\u0131n iclas\u0131n\u0131 elan etdi - \u0130CT\u0130MA\u0130.AZ<\/title>\n<meta name=\"robots\" content=\"index, follow, max-snippet:-1, max-image-preview:large, max-video-preview:-1\" \/>\n<link rel=\"canonical\" href=\"https:\/\/ictimai.az\/?p=79277\" \/>\n<meta property=\"og:locale\" content=\"az_AZ\" \/>\n<meta property=\"og:type\" content=\"article\" \/>\n<meta property=\"og:title\" content=\"Makron Ukrayna il\u0259 ba\u011fl\u0131 k\u00f6n\u00fcll\u00fcl\u0259r koalisiyas\u0131n\u0131n iclas\u0131n\u0131 elan etdi - \u0130CT\u0130MA\u0130.AZ\" \/>\n<meta property=\"og:description\" content=\"Ukrayna \u00fc\u00e7\u00fcn t\u0259hl\u00fck\u0259sizlik z\u0259man\u0259tl\u0259ri \u00fczr\u0259 m\u0259suliyy\u0259tl\u0259rin b\u00f6l\u00fc\u015fd\u00fcr\u00fclm\u0259sini yekunla\u015fd\u0131rmaq \u00fc\u00e7\u00fcn k\u00f6n\u00fcll\u00fcl\u0259rin koalisiyas\u0131 yanvar\u0131n \u0259vv\u0259lind\u0259 Parisd\u0259 g\u00f6r\u00fc\u015f\u0259c\u0259k. Fransa Prezidenti Emmanuel Makron bu bar\u0259d\u0259 sosial media s\u0259hif\u0259sind\u0259 m\u0259lumat verib. Onun s\u00f6zl\u0259rin\u0259 g\u00f6r\u0259, Ukraynan\u0131n Avropa t\u0259r\u0259fda\u015flar\u0131 &#8220;\u0259dal\u0259tli v\u0259 davaml\u0131 s\u00fclh\u00fcn qurulmas\u0131nda \u0259sas rol oynayacaq&#8221; t\u0259hl\u00fck\u0259sizlik z\u0259man\u0259tl\u0259ri m\u0259s\u0259l\u0259sind\u0259 ir\u0259lil\u0259yi\u015f \u0259ld\u0259 edirl\u0259r.\" \/>\n<meta property=\"og:url\" content=\"https:\/\/ictimai.az\/?p=79277\" \/>\n<meta property=\"og:site_name\" content=\"\u0130CT\u0130MA\u0130.AZ\" \/>\n<meta property=\"article:published_time\" content=\"2025-12-29T04:02:33+00:00\" \/>\n<meta property=\"article:modified_time\" content=\"2025-12-29T07:40:47+00:00\" \/>\n<meta property=\"og:image\" content=\"https:\/\/ictimai.az\/core\/uploads\/2024\/06\/ictimai_9f66ec823563377c094eb51bdcf4ca80_7ktqoj5b6s28f1rnzaw9.jpg\" \/>\n\t<meta property=\"og:image:width\" content=\"1200\" \/>\n\t<meta property=\"og:image:height\" content=\"800\" \/>\n\t<meta property=\"og:image:type\" content=\"image\/jpeg\" \/>\n<meta name=\"author\" content=\"R\u0259\u015fad Bayramov\" \/>\n<meta name=\"twitter:card\" content=\"summary_large_image\" \/>\n<meta name=\"twitter:label1\" content=\"Written by\" \/>\n\t<meta name=\"twitter:data1\" content=\"R\u0259\u015fad Bayramov\" \/>\n<script type=\"application\/ld+json\" class=\"yoast-schema-graph\">{\"@context\":\"https:\\\/\\\/schema.org\",\"@graph\":[{\"@type\":\"Article\",\"@id\":\"https:\\\/\\\/ictimai.az\\\/?p=79277#article\",\"isPartOf\":{\"@id\":\"https:\\\/\\\/ictimai.az\\\/?p=79277\"},\"author\":{\"name\":\"R\u0259\u015fad Bayramov\",\"@id\":\"https:\\\/\\\/ictimai.az\\\/#\\\/schema\\\/person\\\/1da94bf2c7ab5d83ad349237bec1e6af\"},\"headline\":\"Makron Ukrayna il\u0259 ba\u011fl\u0131 k\u00f6n\u00fcll\u00fcl\u0259r koalisiyas\u0131n\u0131n iclas\u0131n\u0131 elan etdi\",\"datePublished\":\"2025-12-29T04:02:33+00:00\",\"dateModified\":\"2025-12-29T07:40:47+00:00\",\"mainEntityOfPage\":{\"@id\":\"https:\\\/\\\/ictimai.az\\\/?p=79277\"},\"wordCount\":115,\"publisher\":{\"@id\":\"https:\\\/\\\/ictimai.az\\\/#organization\"},\"image\":{\"@id\":\"https:\\\/\\\/ictimai.az\\\/?p=79277#primaryimage\"},\"thumbnailUrl\":\"https:\\\/\\\/ictimai.az\\\/core\\\/uploads\\\/2024\\\/06\\\/ictimai_9f66ec823563377c094eb51bdcf4ca80_7ktqoj5b6s28f1rnzaw9.jpg\",\"articleSection\":[\"MED\u0130A\",\"Siyas\u0259t\"],\"inLanguage\":\"az\"},{\"@type\":\"WebPage\",\"@id\":\"https:\\\/\\\/ictimai.az\\\/?p=79277\",\"url\":\"https:\\\/\\\/ictimai.az\\\/?p=79277\",\"name\":\"Makron Ukrayna il\u0259 ba\u011fl\u0131 k\u00f6n\u00fcll\u00fcl\u0259r koalisiyas\u0131n\u0131n iclas\u0131n\u0131 elan etdi - \u0130CT\u0130MA\u0130.AZ\",\"isPartOf\":{\"@id\":\"https:\\\/\\\/ictimai.az\\\/#website\"},\"primaryImageOfPage\":{\"@id\":\"https:\\\/\\\/ictimai.az\\\/?p=79277#primaryimage\"},\"image\":{\"@id\":\"https:\\\/\\\/ictimai.az\\\/?p=79277#primaryimage\"},\"thumbnailUrl\":\"https:\\\/\\\/ictimai.az\\\/core\\\/uploads\\\/2024\\\/06\\\/ictimai_9f66ec823563377c094eb51bdcf4ca80_7ktqoj5b6s28f1rnzaw9.jpg\",\"datePublished\":\"2025-12-29T04:02:33+00:00\",\"dateModified\":\"2025-12-29T07:40:47+00:00\",\"breadcrumb\":{\"@id\":\"https:\\\/\\\/ictimai.az\\\/?p=79277#breadcrumb\"},\"inLanguage\":\"az\",\"potentialAction\":[{\"@type\":\"ReadAction\",\"target\":[\"https:\\\/\\\/ictimai.az\\\/?p=79277\"]}]},{\"@type\":\"ImageObject\",\"inLanguage\":\"az\",\"@id\":\"https:\\\/\\\/ictimai.az\\\/?p=79277#primaryimage\",\"url\":\"https:\\\/\\\/ictimai.az\\\/core\\\/uploads\\\/2024\\\/06\\\/ictimai_9f66ec823563377c094eb51bdcf4ca80_7ktqoj5b6s28f1rnzaw9.jpg\",\"contentUrl\":\"https:\\\/\\\/ictimai.az\\\/core\\\/uploads\\\/2024\\\/06\\\/ictimai_9f66ec823563377c094eb51bdcf4ca80_7ktqoj5b6s28f1rnzaw9.jpg\",\"width\":1200,\"height\":800},{\"@type\":\"BreadcrumbList\",\"@id\":\"https:\\\/\\\/ictimai.az\\\/?p=79277#breadcrumb\",\"itemListElement\":[{\"@type\":\"ListItem\",\"position\":1,\"name\":\"Home\",\"item\":\"https:\\\/\\\/ictimai.az\\\/\"},{\"@type\":\"ListItem\",\"position\":2,\"name\":\"Makron Ukrayna il\u0259 ba\u011fl\u0131 k\u00f6n\u00fcll\u00fcl\u0259r koalisiyas\u0131n\u0131n iclas\u0131n\u0131 elan etdi\"}]},{\"@type\":\"WebSite\",\"@id\":\"https:\\\/\\\/ictimai.az\\\/#website\",\"url\":\"https:\\\/\\\/ictimai.az\\\/\",\"name\":\"\u0130CT\u0130MA\u0130.AZ\",\"description\":\"\",\"publisher\":{\"@id\":\"https:\\\/\\\/ictimai.az\\\/#organization\"},\"potentialAction\":[{\"@type\":\"SearchAction\",\"target\":{\"@type\":\"EntryPoint\",\"urlTemplate\":\"https:\\\/\\\/ictimai.az\\\/?s={search_term_string}\"},\"query-input\":{\"@type\":\"PropertyValueSpecification\",\"valueRequired\":true,\"valueName\":\"search_term_string\"}}],\"inLanguage\":\"az\"},{\"@type\":\"Organization\",\"@id\":\"https:\\\/\\\/ictimai.az\\\/#organization\",\"name\":\"\u0130CT\u0130MA\u0130.AZ\",\"url\":\"https:\\\/\\\/ictimai.az\\\/\",\"logo\":{\"@type\":\"ImageObject\",\"inLanguage\":\"az\",\"@id\":\"https:\\\/\\\/ictimai.az\\\/#\\\/schema\\\/logo\\\/image\\\/\",\"url\":\"https:\\\/\\\/ictimai.az\\\/core\\\/uploads\\\/2026\\\/06\\\/cropped-ictimai_0380d81099c6fe3baae753faceb5481f_p41rg2mzq0uyvextfh3k-768x768-1-3.png\",\"contentUrl\":\"https:\\\/\\\/ictimai.az\\\/core\\\/uploads\\\/2026\\\/06\\\/cropped-ictimai_0380d81099c6fe3baae753faceb5481f_p41rg2mzq0uyvextfh3k-768x768-1-3.png\",\"width\":768,\"height\":768,\"caption\":\"\u0130CT\u0130MA\u0130.AZ\"},\"image\":{\"@id\":\"https:\\\/\\\/ictimai.az\\\/#\\\/schema\\\/logo\\\/image\\\/\"}},{\"@type\":\"Person\",\"@id\":\"https:\\\/\\\/ictimai.az\\\/#\\\/schema\\\/person\\\/1da94bf2c7ab5d83ad349237bec1e6af\",\"name\":\"R\u0259\u015fad Bayramov\",\"image\":{\"@type\":\"ImageObject\",\"inLanguage\":\"az\",\"@id\":\"https:\\\/\\\/secure.gravatar.com\\\/avatar\\\/83c075605ba0a4d35d59726aaad89cfa8008d1f01603342c56f1dd79784491bc?s=96&d=mm&r=g\",\"url\":\"https:\\\/\\\/secure.gravatar.com\\\/avatar\\\/83c075605ba0a4d35d59726aaad89cfa8008d1f01603342c56f1dd79784491bc?s=96&d=mm&r=g\",\"contentUrl\":\"https:\\\/\\\/secure.gravatar.com\\\/avatar\\\/83c075605ba0a4d35d59726aaad89cfa8008d1f01603342c56f1dd79784491bc?s=96&d=mm&r=g\",\"caption\":\"R\u0259\u015fad Bayramov\"},\"sameAs\":[\"https:\\\/\\\/ictimai.az\\\/\"],\"url\":\"https:\\\/\\\/ictimai.az\\\/?author=2\"}]}<\/script>\n<!-- \/ Yoast SEO plugin. -->","yoast_head_json":{"title":"Makron Ukrayna il\u0259 ba\u011fl\u0131 k\u00f6n\u00fcll\u00fcl\u0259r koalisiyas\u0131n\u0131n iclas\u0131n\u0131 elan etdi - \u0130CT\u0130MA\u0130.AZ","robots":{"index":"index","follow":"follow","max-snippet":"max-snippet:-1","max-image-preview":"max-image-preview:large","max-video-preview":"max-video-preview:-1"},"canonical":"https:\/\/ictimai.az\/?p=79277","og_locale":"az_AZ","og_type":"article","og_title":"Makron Ukrayna il\u0259 ba\u011fl\u0131 k\u00f6n\u00fcll\u00fcl\u0259r koalisiyas\u0131n\u0131n iclas\u0131n\u0131 elan etdi - \u0130CT\u0130MA\u0130.AZ","og_description":"Ukrayna \u00fc\u00e7\u00fcn t\u0259hl\u00fck\u0259sizlik z\u0259man\u0259tl\u0259ri \u00fczr\u0259 m\u0259suliyy\u0259tl\u0259rin b\u00f6l\u00fc\u015fd\u00fcr\u00fclm\u0259sini yekunla\u015fd\u0131rmaq \u00fc\u00e7\u00fcn k\u00f6n\u00fcll\u00fcl\u0259rin koalisiyas\u0131 yanvar\u0131n \u0259vv\u0259lind\u0259 Parisd\u0259 g\u00f6r\u00fc\u015f\u0259c\u0259k. Fransa Prezidenti Emmanuel Makron bu bar\u0259d\u0259 sosial media s\u0259hif\u0259sind\u0259 m\u0259lumat verib. Onun s\u00f6zl\u0259rin\u0259 g\u00f6r\u0259, Ukraynan\u0131n Avropa t\u0259r\u0259fda\u015flar\u0131 &#8220;\u0259dal\u0259tli v\u0259 davaml\u0131 s\u00fclh\u00fcn qurulmas\u0131nda \u0259sas rol oynayacaq&#8221; t\u0259hl\u00fck\u0259sizlik z\u0259man\u0259tl\u0259ri m\u0259s\u0259l\u0259sind\u0259 ir\u0259lil\u0259yi\u015f \u0259ld\u0259 edirl\u0259r.","og_url":"https:\/\/ictimai.az\/?p=79277","og_site_name":"\u0130CT\u0130MA\u0130.AZ","article_published_time":"2025-12-29T04:02:33+00:00","article_modified_time":"2025-12-29T07:40:47+00:00","og_image":[{"width":1200,"height":800,"url":"https:\/\/ictimai.az\/core\/uploads\/2024\/06\/ictimai_9f66ec823563377c094eb51bdcf4ca80_7ktqoj5b6s28f1rnzaw9.jpg","type":"image\/jpeg"}],"author":"R\u0259\u015fad Bayramov","twitter_card":"summary_large_image","twitter_misc":{"Written by":"R\u0259\u015fad Bayramov"},"schema":{"@context":"https:\/\/schema.org","@graph":[{"@type":"Article","@id":"https:\/\/ictimai.az\/?p=79277#article","isPartOf":{"@id":"https:\/\/ictimai.az\/?p=79277"},"author":{"name":"R\u0259\u015fad Bayramov","@id":"https:\/\/ictimai.az\/#\/schema\/person\/1da94bf2c7ab5d83ad349237bec1e6af"},"headline":"Makron Ukrayna il\u0259 ba\u011fl\u0131 k\u00f6n\u00fcll\u00fcl\u0259r koalisiyas\u0131n\u0131n iclas\u0131n\u0131 elan etdi","datePublished":"2025-12-29T04:02:33+00:00","dateModified":"2025-12-29T07:40:47+00:00","mainEntityOfPage":{"@id":"https:\/\/ictimai.az\/?p=79277"},"wordCount":115,"publisher":{"@id":"https:\/\/ictimai.az\/#organization"},"image":{"@id":"https:\/\/ictimai.az\/?p=79277#primaryimage"},"thumbnailUrl":"https:\/\/ictimai.az\/core\/uploads\/2024\/06\/ictimai_9f66ec823563377c094eb51bdcf4ca80_7ktqoj5b6s28f1rnzaw9.jpg","articleSection":["MED\u0130A","Siyas\u0259t"],"inLanguage":"az"},{"@type":"WebPage","@id":"https:\/\/ictimai.az\/?p=79277","url":"https:\/\/ictimai.az\/?p=79277","name":"Makron Ukrayna il\u0259 ba\u011fl\u0131 k\u00f6n\u00fcll\u00fcl\u0259r koalisiyas\u0131n\u0131n iclas\u0131n\u0131 elan etdi - \u0130CT\u0130MA\u0130.AZ","isPartOf":{"@id":"https:\/\/ictimai.az\/#website"},"primaryImageOfPage":{"@id":"https:\/\/ictimai.az\/?p=79277#primaryimage"},"image":{"@id":"https:\/\/ictimai.az\/?p=79277#primaryimage"},"thumbnailUrl":"https:\/\/ictimai.az\/core\/uploads\/2024\/06\/ictimai_9f66ec823563377c094eb51bdcf4ca80_7ktqoj5b6s28f1rnzaw9.jpg","datePublished":"2025-12-29T04:02:33+00:00","dateModified":"2025-12-29T07:40:47+00:00","breadcrumb":{"@id":"https:\/\/ictimai.az\/?p=79277#breadcrumb"},"inLanguage":"az","potentialAction":[{"@type":"ReadAction","target":["https:\/\/ictimai.az\/?p=79277"]}]},{"@type":"ImageObject","inLanguage":"az","@id":"https:\/\/ictimai.az\/?p=79277#primaryimage","url":"https:\/\/ictimai.az\/core\/uploads\/2024\/06\/ictimai_9f66ec823563377c094eb51bdcf4ca80_7ktqoj5b6s28f1rnzaw9.jpg","contentUrl":"https:\/\/ictimai.az\/core\/uploads\/2024\/06\/ictimai_9f66ec823563377c094eb51bdcf4ca80_7ktqoj5b6s28f1rnzaw9.jpg","width":1200,"height":800},{"@type":"BreadcrumbList","@id":"https:\/\/ictimai.az\/?p=79277#breadcrumb","itemListElement":[{"@type":"ListItem","position":1,"name":"Home","item":"https:\/\/ictimai.az\/"},{"@type":"ListItem","position":2,"name":"Makron Ukrayna il\u0259 ba\u011fl\u0131 k\u00f6n\u00fcll\u00fcl\u0259r koalisiyas\u0131n\u0131n iclas\u0131n\u0131 elan etdi"}]},{"@type":"WebSite","@id":"https:\/\/ictimai.az\/#website","url":"https:\/\/ictimai.az\/","name":"\u0130CT\u0130MA\u0130.AZ","description":"","publisher":{"@id":"https:\/\/ictimai.az\/#organization"},"potentialAction":[{"@type":"SearchAction","target":{"@type":"EntryPoint","urlTemplate":"https:\/\/ictimai.az\/?s={search_term_string}"},"query-input":{"@type":"PropertyValueSpecification","valueRequired":true,"valueName":"search_term_string"}}],"inLanguage":"az"},{"@type":"Organization","@id":"https:\/\/ictimai.az\/#organization","name":"\u0130CT\u0130MA\u0130.AZ","url":"https:\/\/ictimai.az\/","logo":{"@type":"ImageObject","inLanguage":"az","@id":"https:\/\/ictimai.az\/#\/schema\/logo\/image\/","url":"https:\/\/ictimai.az\/core\/uploads\/2026\/06\/cropped-ictimai_0380d81099c6fe3baae753faceb5481f_p41rg2mzq0uyvextfh3k-768x768-1-3.png","contentUrl":"https:\/\/ictimai.az\/core\/uploads\/2026\/06\/cropped-ictimai_0380d81099c6fe3baae753faceb5481f_p41rg2mzq0uyvextfh3k-768x768-1-3.png","width":768,"height":768,"caption":"\u0130CT\u0130MA\u0130.AZ"},"image":{"@id":"https:\/\/ictimai.az\/#\/schema\/logo\/image\/"}},{"@type":"Person","@id":"https:\/\/ictimai.az\/#\/schema\/person\/1da94bf2c7ab5d83ad349237bec1e6af","name":"R\u0259\u015fad Bayramov","image":{"@type":"ImageObject","inLanguage":"az","@id":"https:\/\/secure.gravatar.com\/avatar\/83c075605ba0a4d35d59726aaad89cfa8008d1f01603342c56f1dd79784491bc?s=96&d=mm&r=g","url":"https:\/\/secure.gravatar.com\/avatar\/83c075605ba0a4d35d59726aaad89cfa8008d1f01603342c56f1dd79784491bc?s=96&d=mm&r=g","contentUrl":"https:\/\/secure.gravatar.com\/avatar\/83c075605ba0a4d35d59726aaad89cfa8008d1f01603342c56f1dd79784491bc?s=96&d=mm&r=g","caption":"R\u0259\u015fad Bayramov"},"sameAs":["https:\/\/ictimai.az\/"],"url":"https:\/\/ictimai.az\/?author=2"}]}},"_links":{"self":[{"href":"https:\/\/ictimai.az\/index.php?rest_route=\/wp\/v2\/posts\/79277","targetHints":{"allow":["GET"]}}],"collection":[{"href":"https:\/\/ictimai.az\/index.php?rest_route=\/wp\/v2\/posts"}],"about":[{"href":"https:\/\/ictimai.az\/index.php?rest_route=\/wp\/v2\/types\/post"}],"author":[{"embeddable":true,"href":"https:\/\/ictimai.az\/index.php?rest_route=\/wp\/v2\/users\/2"}],"replies":[{"embeddable":true,"href":"https:\/\/ictimai.az\/index.php?rest_route=%2Fwp%2Fv2%2Fcomments&post=79277"}],"version-history":[{"count":0,"href":"https:\/\/ictimai.az\/index.php?rest_route=\/wp\/v2\/posts\/79277\/revisions"}],"wp:featuredmedia":[{"embeddable":true,"href":"https:\/\/ictimai.az\/index.php?rest_route=\/wp\/v2\/media\/49232"}],"wp:attachment":[{"href":"https:\/\/ictimai.az\/index.php?rest_route=%2Fwp%2Fv2%2Fmedia&parent=79277"}],"wp:term":[{"taxonomy":"category","embeddable":true,"href":"https:\/\/ictimai.az\/index.php?rest_route=%2Fwp%2Fv2%2Fcategories&post=79277"},{"taxonomy":"post_tag","embeddable":true,"href":"https:\/\/ictimai.az\/index.php?rest_route=%2Fwp%2Fv2%2Ftags&post=79277"}],"curies":[{"name":"wp","href":"https:\/\/api.w.org\/{rel}","templated":true}]}}