{"id":8027,"date":"2020-12-14T20:49:52","date_gmt":"2020-12-14T16:49:52","guid":{"rendered":"https:\/\/ictimai.az\/?p=8027"},"modified":"2020-12-16T12:32:14","modified_gmt":"2020-12-16T08:32:14","slug":"men-azerbaycani-gelecekde-azad-musteqil-bir-dovlet-kimi-gorurem-adli-onlayn-tedbir-kecirilib","status":"publish","type":"post","link":"https:\/\/ictimai.az\/?p=8027","title":{"rendered":"\u201cM\u0259n Az\u0259rbaycan\u0131 g\u0259l\u0259c\u0259kd\u0259 azad, m\u00fcst\u0259qil bir d\u00f6vl\u0259t kimi g\u00f6r\u00fcr\u0259m\u201d adl\u0131 onlayn t\u0259dbir ke\u00e7irilib"},"content":{"rendered":"<p>13.12.2020 &#8211; ci il tarixind\u0259 ADU &#8211; nun Magistratura \u015f\u00f6b\u0259sinin t\u0259\u015fkilat\u00e7\u0131l\u0131\u011f\u0131 il\u0259 \u00dcmummilli lider Heyd\u0259r \u018fliyevin an\u0131m g\u00fcn\u00fcn\u0259 h\u0259sr olunmu\u015f \u201cM\u0259n Az\u0259rbaycan\u0131 g\u0259l\u0259c\u0259kd\u0259 azad, m\u00fcst\u0259qil bir d\u00f6vl\u0259t kimi g\u00f6r\u00fcr\u0259m\u201d adl\u0131 onlayn t\u0259dbir ke\u00e7irilmi\u015fdir.<br \/>\nAz\u0259rbaycan d\u00f6vl\u0259tinin memar\u0131 v\u0259 qurucusu, d\u00fcnya \u015f\u00f6hr\u0259tli siyasi xadim Heyd\u0259r \u018fliyevin xatir\u0259sini yad etm\u0259k \u00fc\u00e7\u00fcn onlayn t\u0259dbir\u0259 Qaraba\u011f m\u00fcharib\u0259sinin qazil\u0259ri, magistratura \u015f\u00f6b\u0259sinin t\u0259l\u0259b\u0259l\u0259ri, m\u00fc\u0259llim v\u0259 i\u015f\u00e7i hey\u0259ti d\u0259 qo\u015fularaq i\u015ftirak etmi\u015fdirl\u0259r.<br \/>\nT\u0259dbird\u0259 Qaraba\u011f m\u00fcharib\u0259sind\u0259 q\u0259hr\u0259mancas\u0131na d\u00fc\u015fm\u0259n\u0259 qar\u015f\u0131 vuru\u015fmu\u015f qazil\u0259rimiz: ehtiyatda olan ba\u015f leytenant Mehdiyev \u018fhliy\u0259t , XTQ-n\u0131n ehtiyatda olan giziri Qaraba\u011f qazisi \u018fsg\u0259rov Zamiq , ba\u015f gizir C\u0259biyev El\u015f\u0259n, ehtiyyatda olan kapitan M\u0259mm\u0259dov Anar onlayn t\u0259dbir\u0259 qo\u015fulmu\u015fdur.<br \/>\nT\u0259dbiri giri\u015f s\u00f6z\u00fc il\u0259 a\u00e7an \u015f\u00f6b\u0259 m\u00fcdiri dos. Firuz\u0259 Rzayeva ilk olaraq v\u0259t\u0259n u\u011frunda canlar\u0131ndan ke\u00e7\u0259n \u015f\u0259hidl\u0259rimizin xatir\u0259sin\u0259 bir d\u0259qiq\u0259lik s\u00fckut elan etdi.<br \/>\ndos. Firuz\u0259 Rzayeva h\u0259m\u00e7inin Ulu \u00d6nd\u0259rin xatir\u0259 g\u00fcn\u00fcn\u00fcn m\u0259hz V\u0259t\u0259n m\u00fcharib\u0259sind\u0259 qazan\u0131lan b\u00f6y\u00fck Z\u0259f\u0259rin sevinc v\u0259 q\u00fcrurunu ya\u015fad\u0131\u011f\u0131m\u0131z bir vaxta t\u0259sad\u00fcf etdiyini qeyd ed\u0259r\u0259k Qaraba\u011f qazil\u0259rini v\u0259 g\u00f6r\u00fc\u015f i\u015ftirak\u00e7\u0131lar\u0131n\u0131 x\u00fcsusil\u0259 salamlad\u0131.<br \/>\nDaha sonra s\u00f6z onlayn g\u00f6r\u00fc\u015fd\u0259 i\u015ftirak ed\u0259n Qaraba\u011f qazil\u0259rin\u0259 verildi. Onlar \u00f6z n\u00f6vb\u0259l\u0259rind\u0259 v\u0259t\u0259nimizin h\u0259r bir u\u011furunun v\u0259 z\u0259f\u0259rinin ulu \u00f6nd\u0259r Heyd\u0259r \u018fliyevin ad\u0131 il\u0259 ba\u011fl\u0131 oldu\u011funu qeyd ed\u0259r\u0259k, hal-haz\u0131rda \u00fc\u00e7r\u0259ngli bayra\u011f\u0131m\u0131z\u0131n V\u0259t\u0259n torpaqlar\u0131nda, Qaraba\u011f\u0131n tac\u0131 olan \u015eu\u015fada q\u00fcrurla dal\u011faland\u0131\u011f\u0131n\u0131 bildirdil\u0259r.<br \/>\nT\u0259dbird\u0259 i\u015ftirak ed\u0259n Magistratura \u015f\u00f6b\u0259sinin t\u0259l\u0259b\u0259l\u0259ri, Hac\u0131yeva Leyla, C\u0259f\u0259rzad\u0259 Elnur\u0259 v\u0259 \u018flib\u0259yova Selcan \u00dcmummilli lider Heyd\u0259r \u018fliyevin m\u00fcdrik siyas\u0259t\u0259, d\u00f6nm\u0259z \u0259qid\u0259y\u0259 v\u0259 tarixi uzaqg\u00f6r\u0259nliy\u0259 malik \u015f\u0259xsiyy\u0259t kimi m\u00fcasir Az\u0259rbaycan d\u00f6vl\u0259tinin qurulmas\u0131 istiqam\u0259tind\u0259 atd\u0131\u011f\u0131 add\u0131mlardan b\u0259hs ed\u0259r\u0259k, onun parlaq xatir\u0259sinin q\u0259lbl\u0259rd\u0259 \u0259b\u0259di ya\u015fayaca\u011f\u0131n\u0131 qeyd etdil\u0259r.<br \/>\nT\u0259dbirin sonunda t\u0259l\u0259b\u0259l\u0259r Qaraba\u011f d\u00f6y\u00fc\u015fl\u0259rind\u0259 b\u00f6y\u00fck \u015f\u00fcca\u0259t g\u00f6st\u0259rmi\u015f qazil\u0259r\u0259 \u00f6z suallar\u0131n\u0131 veril\u0259r. T\u0259dbir m\u00f6vzu \u00e7\u0259r\u00e7iv\u0259sind\u0259 geni\u015f m\u00fczakir\u0259 il\u0259 sona \u00e7atd\u0131.<\/p>\n<p><strong>\u0130ctimai.az\u00a0<\/strong><\/p>\n<p><img loading=\"lazy\" decoding=\"async\" class=\"alignnone size-medium wp-image-8028\" src=\"https:\/\/ictimai.az\/core\/uploads\/2020\/12\/ictimai_ff76462fde1cb99557616a345f232693_wb6mfvs4c79y5ut3pl2x-135x300.jpg\" alt=\"\" width=\"135\" height=\"300\" srcset=\"https:\/\/ictimai.az\/core\/uploads\/2020\/12\/ictimai_ff76462fde1cb99557616a345f232693_wb6mfvs4c79y5ut3pl2x-135x300.jpg 135w, https:\/\/ictimai.az\/core\/uploads\/2020\/12\/ictimai_ff76462fde1cb99557616a345f232693_wb6mfvs4c79y5ut3pl2x-461x1024.jpg 461w, https:\/\/ictimai.az\/core\/uploads\/2020\/12\/ictimai_ff76462fde1cb99557616a345f232693_wb6mfvs4c79y5ut3pl2x-768x1707.jpg 768w, https:\/\/ictimai.az\/core\/uploads\/2020\/12\/ictimai_ff76462fde1cb99557616a345f232693_wb6mfvs4c79y5ut3pl2x-691x1536.jpg 691w, https:\/\/ictimai.az\/core\/uploads\/2020\/12\/ictimai_ff76462fde1cb99557616a345f232693_wb6mfvs4c79y5ut3pl2x.jpg 810w\" sizes=\"auto, (max-width: 135px) 100vw, 135px\" \/><\/p>\n<p><img loading=\"lazy\" decoding=\"async\" class=\"alignnone size-medium wp-image-8029\" src=\"https:\/\/ictimai.az\/core\/uploads\/2020\/12\/ictimai_2a7467f75055b5190186876c1f902006_ujcam6tvlg5nzh4yw9b1-135x300.jpg\" alt=\"\" width=\"135\" height=\"300\" srcset=\"https:\/\/ictimai.az\/core\/uploads\/2020\/12\/ictimai_2a7467f75055b5190186876c1f902006_ujcam6tvlg5nzh4yw9b1-135x300.jpg 135w, https:\/\/ictimai.az\/core\/uploads\/2020\/12\/ictimai_2a7467f75055b5190186876c1f902006_ujcam6tvlg5nzh4yw9b1-461x1024.jpg 461w, https:\/\/ictimai.az\/core\/uploads\/2020\/12\/ictimai_2a7467f75055b5190186876c1f902006_ujcam6tvlg5nzh4yw9b1-768x1707.jpg 768w, https:\/\/ictimai.az\/core\/uploads\/2020\/12\/ictimai_2a7467f75055b5190186876c1f902006_ujcam6tvlg5nzh4yw9b1-691x1536.jpg 691w, https:\/\/ictimai.az\/core\/uploads\/2020\/12\/ictimai_2a7467f75055b5190186876c1f902006_ujcam6tvlg5nzh4yw9b1.jpg 810w\" sizes=\"auto, (max-width: 135px) 100vw, 135px\" \/><\/p>\n<p><img loading=\"lazy\" decoding=\"async\" class=\"alignnone size-medium wp-image-8030\" src=\"https:\/\/ictimai.az\/core\/uploads\/2020\/12\/ictimai_7f6837b341486248f90b3a4227c735da_xjmv7qgtbs5wuifrc43a-135x300.jpg\" alt=\"\" width=\"135\" height=\"300\" srcset=\"https:\/\/ictimai.az\/core\/uploads\/2020\/12\/ictimai_7f6837b341486248f90b3a4227c735da_xjmv7qgtbs5wuifrc43a-135x300.jpg 135w, https:\/\/ictimai.az\/core\/uploads\/2020\/12\/ictimai_7f6837b341486248f90b3a4227c735da_xjmv7qgtbs5wuifrc43a-461x1024.jpg 461w, https:\/\/ictimai.az\/core\/uploads\/2020\/12\/ictimai_7f6837b341486248f90b3a4227c735da_xjmv7qgtbs5wuifrc43a-768x1707.jpg 768w, https:\/\/ictimai.az\/core\/uploads\/2020\/12\/ictimai_7f6837b341486248f90b3a4227c735da_xjmv7qgtbs5wuifrc43a-691x1536.jpg 691w, https:\/\/ictimai.az\/core\/uploads\/2020\/12\/ictimai_7f6837b341486248f90b3a4227c735da_xjmv7qgtbs5wuifrc43a.jpg 810w\" sizes=\"auto, (max-width: 135px) 100vw, 135px\" \/><\/p>\n","protected":false},"excerpt":{"rendered":"<p>13.12.2020 &#8211; ci il tarixind\u0259 ADU &#8211; nun Magistratura \u015f\u00f6b\u0259sinin t\u0259\u015fkilat\u00e7\u0131l\u0131\u011f\u0131 il\u0259 \u00dcmummilli lider Heyd\u0259r \u018fliyevin an\u0131m g\u00fcn\u00fcn\u0259 h\u0259sr olunmu\u015f \u201cM\u0259n Az\u0259rbaycan\u0131 g\u0259l\u0259c\u0259kd\u0259 azad, m\u00fcst\u0259qil bir d\u00f6vl\u0259t kimi g\u00f6r\u00fcr\u0259m\u201d adl\u0131 onlayn t\u0259dbir ke\u00e7irilmi\u015fdir. Az\u0259rbaycan d\u00f6vl\u0259tinin memar\u0131 v\u0259 qurucusu, d\u00fcnya \u015f\u00f6hr\u0259tli siyasi xadim Heyd\u0259r \u018fliyevin xatir\u0259sini yad etm\u0259k \u00fc\u00e7\u00fcn onlayn t\u0259dbir\u0259 Qaraba\u011f m\u00fcharib\u0259sinin qazil\u0259ri, magistratura \u015f\u00f6b\u0259sinin [&hellip;]<\/p>\n","protected":false},"author":2,"featured_media":8031,"comment_status":"closed","ping_status":"closed","sticky":false,"template":"","format":"standard","meta":{"footnotes":""},"categories":[54],"tags":[],"class_list":["post-8027","post","type-post","status-publish","format-standard","has-post-thumbnail","hentry","category-education"],"yoast_head":"<!-- This site is optimized with the Yoast SEO plugin v28.2 - https:\/\/yoast.com\/product\/yoast-seo-wordpress\/ -->\n<title>\u201cM\u0259n Az\u0259rbaycan\u0131 g\u0259l\u0259c\u0259kd\u0259 azad, m\u00fcst\u0259qil bir d\u00f6vl\u0259t kimi g\u00f6r\u00fcr\u0259m\u201d adl\u0131 onlayn t\u0259dbir ke\u00e7irilib - \u0130CT\u0130MA\u0130.AZ<\/title>\n<meta name=\"robots\" content=\"index, follow, max-snippet:-1, max-image-preview:large, max-video-preview:-1\" \/>\n<link rel=\"canonical\" href=\"https:\/\/ictimai.az\/?p=8027\" \/>\n<meta property=\"og:locale\" content=\"az_AZ\" \/>\n<meta property=\"og:type\" content=\"article\" \/>\n<meta property=\"og:title\" content=\"\u201cM\u0259n Az\u0259rbaycan\u0131 g\u0259l\u0259c\u0259kd\u0259 azad, m\u00fcst\u0259qil bir d\u00f6vl\u0259t kimi g\u00f6r\u00fcr\u0259m\u201d adl\u0131 onlayn t\u0259dbir ke\u00e7irilib - \u0130CT\u0130MA\u0130.AZ\" \/>\n<meta property=\"og:description\" content=\"13.12.2020 &#8211; ci il tarixind\u0259 ADU &#8211; nun Magistratura \u015f\u00f6b\u0259sinin t\u0259\u015fkilat\u00e7\u0131l\u0131\u011f\u0131 il\u0259 \u00dcmummilli lider Heyd\u0259r \u018fliyevin an\u0131m g\u00fcn\u00fcn\u0259 h\u0259sr olunmu\u015f \u201cM\u0259n Az\u0259rbaycan\u0131 g\u0259l\u0259c\u0259kd\u0259 azad, m\u00fcst\u0259qil bir d\u00f6vl\u0259t kimi g\u00f6r\u00fcr\u0259m\u201d adl\u0131 onlayn t\u0259dbir ke\u00e7irilmi\u015fdir. Az\u0259rbaycan d\u00f6vl\u0259tinin memar\u0131 v\u0259 qurucusu, d\u00fcnya \u015f\u00f6hr\u0259tli siyasi xadim Heyd\u0259r \u018fliyevin xatir\u0259sini yad etm\u0259k \u00fc\u00e7\u00fcn onlayn t\u0259dbir\u0259 Qaraba\u011f m\u00fcharib\u0259sinin qazil\u0259ri, magistratura \u015f\u00f6b\u0259sinin [&hellip;]\" \/>\n<meta property=\"og:url\" content=\"https:\/\/ictimai.az\/?p=8027\" \/>\n<meta property=\"og:site_name\" content=\"\u0130CT\u0130MA\u0130.AZ\" \/>\n<meta property=\"article:published_time\" content=\"2020-12-14T16:49:52+00:00\" \/>\n<meta property=\"article:modified_time\" content=\"2020-12-16T08:32:14+00:00\" \/>\n<meta property=\"og:image\" content=\"https:\/\/ictimai.az\/core\/uploads\/2020\/12\/ictimai_ddaf56025dd544002bf37bf7df8edbd0_rsgoyznfv98uiw537the.jpg\" \/>\n\t<meta property=\"og:image:width\" content=\"700\" \/>\n\t<meta property=\"og:image:height\" content=\"647\" \/>\n\t<meta property=\"og:image:type\" content=\"image\/jpeg\" \/>\n<meta name=\"author\" content=\"R\u0259\u015fad Bayramov\" \/>\n<meta name=\"twitter:card\" content=\"summary_large_image\" \/>\n<meta name=\"twitter:label1\" content=\"Written by\" \/>\n\t<meta name=\"twitter:data1\" content=\"R\u0259\u015fad Bayramov\" \/>\n\t<meta name=\"twitter:label2\" content=\"Est. reading time\" \/>\n\t<meta name=\"twitter:data2\" content=\"2 minutes\" \/>\n<script type=\"application\/ld+json\" class=\"yoast-schema-graph\">{\"@context\":\"https:\\\/\\\/schema.org\",\"@graph\":[{\"@type\":\"Article\",\"@id\":\"https:\\\/\\\/ictimai.az\\\/?p=8027#article\",\"isPartOf\":{\"@id\":\"https:\\\/\\\/ictimai.az\\\/?p=8027\"},\"author\":{\"name\":\"R\u0259\u015fad Bayramov\",\"@id\":\"https:\\\/\\\/ictimai.az\\\/#\\\/schema\\\/person\\\/1da94bf2c7ab5d83ad349237bec1e6af\"},\"headline\":\"\u201cM\u0259n Az\u0259rbaycan\u0131 g\u0259l\u0259c\u0259kd\u0259 azad, m\u00fcst\u0259qil bir d\u00f6vl\u0259t kimi g\u00f6r\u00fcr\u0259m\u201d adl\u0131 onlayn t\u0259dbir ke\u00e7irilib\",\"datePublished\":\"2020-12-14T16:49:52+00:00\",\"dateModified\":\"2020-12-16T08:32:14+00:00\",\"mainEntityOfPage\":{\"@id\":\"https:\\\/\\\/ictimai.az\\\/?p=8027\"},\"wordCount\":489,\"publisher\":{\"@id\":\"https:\\\/\\\/ictimai.az\\\/#organization\"},\"image\":{\"@id\":\"https:\\\/\\\/ictimai.az\\\/?p=8027#primaryimage\"},\"thumbnailUrl\":\"https:\\\/\\\/ictimai.az\\\/core\\\/uploads\\\/2020\\\/12\\\/ictimai_ddaf56025dd544002bf37bf7df8edbd0_rsgoyznfv98uiw537the.jpg\",\"articleSection\":[\"T\u0259hsil\"],\"inLanguage\":\"az\"},{\"@type\":\"WebPage\",\"@id\":\"https:\\\/\\\/ictimai.az\\\/?p=8027\",\"url\":\"https:\\\/\\\/ictimai.az\\\/?p=8027\",\"name\":\"\u201cM\u0259n Az\u0259rbaycan\u0131 g\u0259l\u0259c\u0259kd\u0259 azad, m\u00fcst\u0259qil bir d\u00f6vl\u0259t kimi g\u00f6r\u00fcr\u0259m\u201d adl\u0131 onlayn t\u0259dbir ke\u00e7irilib - \u0130CT\u0130MA\u0130.AZ\",\"isPartOf\":{\"@id\":\"https:\\\/\\\/ictimai.az\\\/#website\"},\"primaryImageOfPage\":{\"@id\":\"https:\\\/\\\/ictimai.az\\\/?p=8027#primaryimage\"},\"image\":{\"@id\":\"https:\\\/\\\/ictimai.az\\\/?p=8027#primaryimage\"},\"thumbnailUrl\":\"https:\\\/\\\/ictimai.az\\\/core\\\/uploads\\\/2020\\\/12\\\/ictimai_ddaf56025dd544002bf37bf7df8edbd0_rsgoyznfv98uiw537the.jpg\",\"datePublished\":\"2020-12-14T16:49:52+00:00\",\"dateModified\":\"2020-12-16T08:32:14+00:00\",\"breadcrumb\":{\"@id\":\"https:\\\/\\\/ictimai.az\\\/?p=8027#breadcrumb\"},\"inLanguage\":\"az\",\"potentialAction\":[{\"@type\":\"ReadAction\",\"target\":[\"https:\\\/\\\/ictimai.az\\\/?p=8027\"]}]},{\"@type\":\"ImageObject\",\"inLanguage\":\"az\",\"@id\":\"https:\\\/\\\/ictimai.az\\\/?p=8027#primaryimage\",\"url\":\"https:\\\/\\\/ictimai.az\\\/core\\\/uploads\\\/2020\\\/12\\\/ictimai_ddaf56025dd544002bf37bf7df8edbd0_rsgoyznfv98uiw537the.jpg\",\"contentUrl\":\"https:\\\/\\\/ictimai.az\\\/core\\\/uploads\\\/2020\\\/12\\\/ictimai_ddaf56025dd544002bf37bf7df8edbd0_rsgoyznfv98uiw537the.jpg\",\"width\":700,\"height\":647},{\"@type\":\"BreadcrumbList\",\"@id\":\"https:\\\/\\\/ictimai.az\\\/?p=8027#breadcrumb\",\"itemListElement\":[{\"@type\":\"ListItem\",\"position\":1,\"name\":\"Home\",\"item\":\"https:\\\/\\\/ictimai.az\\\/\"},{\"@type\":\"ListItem\",\"position\":2,\"name\":\"\u201cM\u0259n Az\u0259rbaycan\u0131 g\u0259l\u0259c\u0259kd\u0259 azad, m\u00fcst\u0259qil bir d\u00f6vl\u0259t kimi g\u00f6r\u00fcr\u0259m\u201d adl\u0131 onlayn t\u0259dbir ke\u00e7irilib\"}]},{\"@type\":\"WebSite\",\"@id\":\"https:\\\/\\\/ictimai.az\\\/#website\",\"url\":\"https:\\\/\\\/ictimai.az\\\/\",\"name\":\"\u0130CT\u0130MA\u0130.AZ\",\"description\":\"\",\"publisher\":{\"@id\":\"https:\\\/\\\/ictimai.az\\\/#organization\"},\"potentialAction\":[{\"@type\":\"SearchAction\",\"target\":{\"@type\":\"EntryPoint\",\"urlTemplate\":\"https:\\\/\\\/ictimai.az\\\/?s={search_term_string}\"},\"query-input\":{\"@type\":\"PropertyValueSpecification\",\"valueRequired\":true,\"valueName\":\"search_term_string\"}}],\"inLanguage\":\"az\"},{\"@type\":\"Organization\",\"@id\":\"https:\\\/\\\/ictimai.az\\\/#organization\",\"name\":\"\u0130CT\u0130MA\u0130.AZ\",\"url\":\"https:\\\/\\\/ictimai.az\\\/\",\"logo\":{\"@type\":\"ImageObject\",\"inLanguage\":\"az\",\"@id\":\"https:\\\/\\\/ictimai.az\\\/#\\\/schema\\\/logo\\\/image\\\/\",\"url\":\"https:\\\/\\\/ictimai.az\\\/core\\\/uploads\\\/2026\\\/06\\\/cropped-ictimai_0380d81099c6fe3baae753faceb5481f_p41rg2mzq0uyvextfh3k-768x768-1-3.png\",\"contentUrl\":\"https:\\\/\\\/ictimai.az\\\/core\\\/uploads\\\/2026\\\/06\\\/cropped-ictimai_0380d81099c6fe3baae753faceb5481f_p41rg2mzq0uyvextfh3k-768x768-1-3.png\",\"width\":768,\"height\":768,\"caption\":\"\u0130CT\u0130MA\u0130.AZ\"},\"image\":{\"@id\":\"https:\\\/\\\/ictimai.az\\\/#\\\/schema\\\/logo\\\/image\\\/\"}},{\"@type\":\"Person\",\"@id\":\"https:\\\/\\\/ictimai.az\\\/#\\\/schema\\\/person\\\/1da94bf2c7ab5d83ad349237bec1e6af\",\"name\":\"R\u0259\u015fad Bayramov\",\"image\":{\"@type\":\"ImageObject\",\"inLanguage\":\"az\",\"@id\":\"https:\\\/\\\/secure.gravatar.com\\\/avatar\\\/83c075605ba0a4d35d59726aaad89cfa8008d1f01603342c56f1dd79784491bc?s=96&d=mm&r=g\",\"url\":\"https:\\\/\\\/secure.gravatar.com\\\/avatar\\\/83c075605ba0a4d35d59726aaad89cfa8008d1f01603342c56f1dd79784491bc?s=96&d=mm&r=g\",\"contentUrl\":\"https:\\\/\\\/secure.gravatar.com\\\/avatar\\\/83c075605ba0a4d35d59726aaad89cfa8008d1f01603342c56f1dd79784491bc?s=96&d=mm&r=g\",\"caption\":\"R\u0259\u015fad Bayramov\"},\"sameAs\":[\"https:\\\/\\\/ictimai.az\\\/\"],\"url\":\"https:\\\/\\\/ictimai.az\\\/?author=2\"}]}<\/script>\n<!-- \/ Yoast SEO plugin. -->","yoast_head_json":{"title":"\u201cM\u0259n Az\u0259rbaycan\u0131 g\u0259l\u0259c\u0259kd\u0259 azad, m\u00fcst\u0259qil bir d\u00f6vl\u0259t kimi g\u00f6r\u00fcr\u0259m\u201d adl\u0131 onlayn t\u0259dbir ke\u00e7irilib - \u0130CT\u0130MA\u0130.AZ","robots":{"index":"index","follow":"follow","max-snippet":"max-snippet:-1","max-image-preview":"max-image-preview:large","max-video-preview":"max-video-preview:-1"},"canonical":"https:\/\/ictimai.az\/?p=8027","og_locale":"az_AZ","og_type":"article","og_title":"\u201cM\u0259n Az\u0259rbaycan\u0131 g\u0259l\u0259c\u0259kd\u0259 azad, m\u00fcst\u0259qil bir d\u00f6vl\u0259t kimi g\u00f6r\u00fcr\u0259m\u201d adl\u0131 onlayn t\u0259dbir ke\u00e7irilib - \u0130CT\u0130MA\u0130.AZ","og_description":"13.12.2020 &#8211; ci il tarixind\u0259 ADU &#8211; nun Magistratura \u015f\u00f6b\u0259sinin t\u0259\u015fkilat\u00e7\u0131l\u0131\u011f\u0131 il\u0259 \u00dcmummilli lider Heyd\u0259r \u018fliyevin an\u0131m g\u00fcn\u00fcn\u0259 h\u0259sr olunmu\u015f \u201cM\u0259n Az\u0259rbaycan\u0131 g\u0259l\u0259c\u0259kd\u0259 azad, m\u00fcst\u0259qil bir d\u00f6vl\u0259t kimi g\u00f6r\u00fcr\u0259m\u201d adl\u0131 onlayn t\u0259dbir ke\u00e7irilmi\u015fdir. Az\u0259rbaycan d\u00f6vl\u0259tinin memar\u0131 v\u0259 qurucusu, d\u00fcnya \u015f\u00f6hr\u0259tli siyasi xadim Heyd\u0259r \u018fliyevin xatir\u0259sini yad etm\u0259k \u00fc\u00e7\u00fcn onlayn t\u0259dbir\u0259 Qaraba\u011f m\u00fcharib\u0259sinin qazil\u0259ri, magistratura \u015f\u00f6b\u0259sinin [&hellip;]","og_url":"https:\/\/ictimai.az\/?p=8027","og_site_name":"\u0130CT\u0130MA\u0130.AZ","article_published_time":"2020-12-14T16:49:52+00:00","article_modified_time":"2020-12-16T08:32:14+00:00","og_image":[{"width":700,"height":647,"url":"https:\/\/ictimai.az\/core\/uploads\/2020\/12\/ictimai_ddaf56025dd544002bf37bf7df8edbd0_rsgoyznfv98uiw537the.jpg","type":"image\/jpeg"}],"author":"R\u0259\u015fad Bayramov","twitter_card":"summary_large_image","twitter_misc":{"Written by":"R\u0259\u015fad Bayramov","Est. reading time":"2 minutes"},"schema":{"@context":"https:\/\/schema.org","@graph":[{"@type":"Article","@id":"https:\/\/ictimai.az\/?p=8027#article","isPartOf":{"@id":"https:\/\/ictimai.az\/?p=8027"},"author":{"name":"R\u0259\u015fad Bayramov","@id":"https:\/\/ictimai.az\/#\/schema\/person\/1da94bf2c7ab5d83ad349237bec1e6af"},"headline":"\u201cM\u0259n Az\u0259rbaycan\u0131 g\u0259l\u0259c\u0259kd\u0259 azad, m\u00fcst\u0259qil bir d\u00f6vl\u0259t kimi g\u00f6r\u00fcr\u0259m\u201d adl\u0131 onlayn t\u0259dbir ke\u00e7irilib","datePublished":"2020-12-14T16:49:52+00:00","dateModified":"2020-12-16T08:32:14+00:00","mainEntityOfPage":{"@id":"https:\/\/ictimai.az\/?p=8027"},"wordCount":489,"publisher":{"@id":"https:\/\/ictimai.az\/#organization"},"image":{"@id":"https:\/\/ictimai.az\/?p=8027#primaryimage"},"thumbnailUrl":"https:\/\/ictimai.az\/core\/uploads\/2020\/12\/ictimai_ddaf56025dd544002bf37bf7df8edbd0_rsgoyznfv98uiw537the.jpg","articleSection":["T\u0259hsil"],"inLanguage":"az"},{"@type":"WebPage","@id":"https:\/\/ictimai.az\/?p=8027","url":"https:\/\/ictimai.az\/?p=8027","name":"\u201cM\u0259n Az\u0259rbaycan\u0131 g\u0259l\u0259c\u0259kd\u0259 azad, m\u00fcst\u0259qil bir d\u00f6vl\u0259t kimi g\u00f6r\u00fcr\u0259m\u201d adl\u0131 onlayn t\u0259dbir ke\u00e7irilib - \u0130CT\u0130MA\u0130.AZ","isPartOf":{"@id":"https:\/\/ictimai.az\/#website"},"primaryImageOfPage":{"@id":"https:\/\/ictimai.az\/?p=8027#primaryimage"},"image":{"@id":"https:\/\/ictimai.az\/?p=8027#primaryimage"},"thumbnailUrl":"https:\/\/ictimai.az\/core\/uploads\/2020\/12\/ictimai_ddaf56025dd544002bf37bf7df8edbd0_rsgoyznfv98uiw537the.jpg","datePublished":"2020-12-14T16:49:52+00:00","dateModified":"2020-12-16T08:32:14+00:00","breadcrumb":{"@id":"https:\/\/ictimai.az\/?p=8027#breadcrumb"},"inLanguage":"az","potentialAction":[{"@type":"ReadAction","target":["https:\/\/ictimai.az\/?p=8027"]}]},{"@type":"ImageObject","inLanguage":"az","@id":"https:\/\/ictimai.az\/?p=8027#primaryimage","url":"https:\/\/ictimai.az\/core\/uploads\/2020\/12\/ictimai_ddaf56025dd544002bf37bf7df8edbd0_rsgoyznfv98uiw537the.jpg","contentUrl":"https:\/\/ictimai.az\/core\/uploads\/2020\/12\/ictimai_ddaf56025dd544002bf37bf7df8edbd0_rsgoyznfv98uiw537the.jpg","width":700,"height":647},{"@type":"BreadcrumbList","@id":"https:\/\/ictimai.az\/?p=8027#breadcrumb","itemListElement":[{"@type":"ListItem","position":1,"name":"Home","item":"https:\/\/ictimai.az\/"},{"@type":"ListItem","position":2,"name":"\u201cM\u0259n Az\u0259rbaycan\u0131 g\u0259l\u0259c\u0259kd\u0259 azad, m\u00fcst\u0259qil bir d\u00f6vl\u0259t kimi g\u00f6r\u00fcr\u0259m\u201d adl\u0131 onlayn t\u0259dbir ke\u00e7irilib"}]},{"@type":"WebSite","@id":"https:\/\/ictimai.az\/#website","url":"https:\/\/ictimai.az\/","name":"\u0130CT\u0130MA\u0130.AZ","description":"","publisher":{"@id":"https:\/\/ictimai.az\/#organization"},"potentialAction":[{"@type":"SearchAction","target":{"@type":"EntryPoint","urlTemplate":"https:\/\/ictimai.az\/?s={search_term_string}"},"query-input":{"@type":"PropertyValueSpecification","valueRequired":true,"valueName":"search_term_string"}}],"inLanguage":"az"},{"@type":"Organization","@id":"https:\/\/ictimai.az\/#organization","name":"\u0130CT\u0130MA\u0130.AZ","url":"https:\/\/ictimai.az\/","logo":{"@type":"ImageObject","inLanguage":"az","@id":"https:\/\/ictimai.az\/#\/schema\/logo\/image\/","url":"https:\/\/ictimai.az\/core\/uploads\/2026\/06\/cropped-ictimai_0380d81099c6fe3baae753faceb5481f_p41rg2mzq0uyvextfh3k-768x768-1-3.png","contentUrl":"https:\/\/ictimai.az\/core\/uploads\/2026\/06\/cropped-ictimai_0380d81099c6fe3baae753faceb5481f_p41rg2mzq0uyvextfh3k-768x768-1-3.png","width":768,"height":768,"caption":"\u0130CT\u0130MA\u0130.AZ"},"image":{"@id":"https:\/\/ictimai.az\/#\/schema\/logo\/image\/"}},{"@type":"Person","@id":"https:\/\/ictimai.az\/#\/schema\/person\/1da94bf2c7ab5d83ad349237bec1e6af","name":"R\u0259\u015fad Bayramov","image":{"@type":"ImageObject","inLanguage":"az","@id":"https:\/\/secure.gravatar.com\/avatar\/83c075605ba0a4d35d59726aaad89cfa8008d1f01603342c56f1dd79784491bc?s=96&d=mm&r=g","url":"https:\/\/secure.gravatar.com\/avatar\/83c075605ba0a4d35d59726aaad89cfa8008d1f01603342c56f1dd79784491bc?s=96&d=mm&r=g","contentUrl":"https:\/\/secure.gravatar.com\/avatar\/83c075605ba0a4d35d59726aaad89cfa8008d1f01603342c56f1dd79784491bc?s=96&d=mm&r=g","caption":"R\u0259\u015fad Bayramov"},"sameAs":["https:\/\/ictimai.az\/"],"url":"https:\/\/ictimai.az\/?author=2"}]}},"_links":{"self":[{"href":"https:\/\/ictimai.az\/index.php?rest_route=\/wp\/v2\/posts\/8027","targetHints":{"allow":["GET"]}}],"collection":[{"href":"https:\/\/ictimai.az\/index.php?rest_route=\/wp\/v2\/posts"}],"about":[{"href":"https:\/\/ictimai.az\/index.php?rest_route=\/wp\/v2\/types\/post"}],"author":[{"embeddable":true,"href":"https:\/\/ictimai.az\/index.php?rest_route=\/wp\/v2\/users\/2"}],"replies":[{"embeddable":true,"href":"https:\/\/ictimai.az\/index.php?rest_route=%2Fwp%2Fv2%2Fcomments&post=8027"}],"version-history":[{"count":0,"href":"https:\/\/ictimai.az\/index.php?rest_route=\/wp\/v2\/posts\/8027\/revisions"}],"wp:featuredmedia":[{"embeddable":true,"href":"https:\/\/ictimai.az\/index.php?rest_route=\/wp\/v2\/media\/8031"}],"wp:attachment":[{"href":"https:\/\/ictimai.az\/index.php?rest_route=%2Fwp%2Fv2%2Fmedia&parent=8027"}],"wp:term":[{"taxonomy":"category","embeddable":true,"href":"https:\/\/ictimai.az\/index.php?rest_route=%2Fwp%2Fv2%2Fcategories&post=8027"},{"taxonomy":"post_tag","embeddable":true,"href":"https:\/\/ictimai.az\/index.php?rest_route=%2Fwp%2Fv2%2Ftags&post=8027"}],"curies":[{"name":"wp","href":"https:\/\/api.w.org\/{rel}","templated":true}]}}