{"id":81425,"date":"2026-03-05T15:52:25","date_gmt":"2026-03-05T11:52:25","guid":{"rendered":"https:\/\/ictimai.az\/?p=81425"},"modified":"2026-03-05T16:59:21","modified_gmt":"2026-03-05T12:59:21","slug":"receb-rehimli-asagi-eylis-kend-sakinlerinin-muracietlerini-dinledi","status":"publish","type":"post","link":"https:\/\/ictimai.az\/?p=81425","title":{"rendered":"R\u0259c\u0259b R\u0259himli A\u015fa\u011f\u0131 \u018fylis k\u0259nd sakinl\u0259rinin m\u00fcraci\u0259tl\u0259rini dinl\u0259di"},"content":{"rendered":"<div>Ordubad Rayon \u0130cra Hakimiyy\u0259tinin ba\u015f\u00e7\u0131s\u0131 R\u0259c\u0259b R\u0259himli yerl\u0259rd\u0259 v\u0259t\u0259nda\u015flar\u0131n m\u00fcraci\u0259tl\u0259rinin dinl\u0259nilm\u0259si v\u0259 m\u00f6vcud \u00e7\u0259tinlikl\u0259rin yerind\u0259c\u0259 \u00f6yr\u0259nilm\u0259si m\u0259qs\u0259dil\u0259 n\u00f6vb\u0259ti s\u0259yyar q\u0259bulunu A\u015fa\u011f\u0131 \u018fylis k\u0259ndind\u0259 ke\u00e7irib. Q\u0259bulda \u0130cra Hakimiyy\u0259tinin m\u0259sul \u015f\u0259xsl\u0259ri, rayonun xidm\u0259t sah\u0259l\u0259rinin r\u0259hb\u0259rl\u0259ri, k\u0259nd icra n\u00fcmay\u0259nd\u0259si, b\u0259l\u0259diyy\u0259 s\u0259dri v\u0259 k\u0259nd sakinl\u0259ri i\u015ftirak edibl\u0259r.<\/div>\n<div><\/div>\n<div>Q\u0259bul zaman\u0131 \u00e7\u0131x\u0131\u015f ed\u0259n R\u0259c\u0259b R\u0259himli bildirib ki, \u00f6lk\u0259mizd\u0259 h\u0259yata ke\u00e7iril\u0259n sosial-iqtisadi inki\u015faf siyas\u0259tinin \u0259sas prioritetl\u0259rind\u0259n biri regionlar\u0131n davaml\u0131 inki\u015faf\u0131n\u0131n t\u0259min olunmas\u0131, v\u0259t\u0259nda\u015f rifah\u0131n\u0131n y\u00fcks\u0259ldilm\u0259si, v\u0259t\u0259nda\u015f m\u0259mnunlu\u011funun art\u0131r\u0131lmas\u0131 v\u0259 m\u00fcraci\u0259tl\u0259rin yerind\u0259 h\u0259llidir.\u00a0 \u0130cra ba\u015f\u00e7\u0131s\u0131, \u00f6lk\u0259d\u0259 h\u0259yata ke\u00e7iril\u0259n geni\u015fmiqyasl\u0131 islahatlardan b\u0259hs ed\u0259r\u0259k \u201cNax\u00e7\u0131van Muxtar Respublikas\u0131n\u0131n sosial-iqtisadi inki\u015faf\u0131na dair 2023\u20132027-ci ill\u0259r \u00fc\u00e7\u00fcn D\u00f6vl\u0259t Proqram\u0131\u201dn\u0131n icras\u0131n\u0131n regionda m\u00fcasir infrastrukturun qurulmas\u0131 v\u0259 h\u0259rt\u0259r\u0259fli inki\u015faf\u0131n t\u0259min olunmas\u0131nda m\u00fch\u00fcm rol oynad\u0131\u011f\u0131n\u0131 bildirib. Qeyd olunub ki, bu \u00e7\u0259r\u00e7iv\u0259d\u0259 Ordubad rayonunda \u015f\u0259h\u0259r v\u0259 k\u0259nddaxili yol ifrastrukturunun yenid\u0259n qurulmas\u0131, meliorasiya v\u0259 su t\u0259s\u0259rr\u00fcfat\u0131 sisteml\u0259rinin yax\u015f\u0131la\u015fd\u0131r\u0131lmas\u0131, k\u0259nd t\u0259s\u0259rr\u00fcfat\u0131n\u0131n intensivliyinin art\u0131r\u0131lmas\u0131, sahibkarl\u0131\u011f\u0131n inki\u015faf\u0131, yeni istehsal sah\u0259l\u0259rinin yarad\u0131lmas\u0131, m\u0259\u015f\u011fulluq imkanlar\u0131n\u0131n geni\u015fl\u0259ndirilm\u0259si, turizmin inki\u015faf\u0131, tarix-m\u0259d\u0259niyy\u0259t abid\u0259l\u0259rinin qorunmas\u0131 v\u0259 b\u0259rpas\u0131, \u0259halinin rifah\u0131n\u0131n y\u00fcks\u0259ldilm\u0259si prioritet istiqam\u0259tl\u0259rdir. G\u00f6r\u00fc\u015fd\u0259 qeyd olunub ki, Az\u0259rbaycan Respublikas\u0131 Prezidenti c\u0259nab \u0130lham \u018fliyevin \u201cNax\u00e7\u0131van Muxtar Respublikas\u0131nda su ehtiyatlar\u0131ndan s\u0259m\u0259r\u0259li istifad\u0259nin t\u0259min edilm\u0259sin\u0259 dair 2026\u22122030-cu ill\u0259r \u00fc\u00e7\u00fcn T\u0259dbirl\u0259r Plan\u0131\u201dn\u0131n t\u0259sdiq edilm\u0259si haqq\u0131nda S\u0259r\u0259ncam\u0131n\u0131n icras\u0131 \u00e7\u0259r\u00e7iv\u0259sind\u0259 Yuxar\u0131 v\u0259 A\u015fa\u011f\u0131 \u018fylis k\u0259ndl\u0259rind\u0259 i\u00e7m\u0259li v\u0259 suvarma suyu t\u0259minat\u0131n\u0131n \u0259sasl\u0131 \u015f\u0259kild\u0259 yax\u015f\u0131la\u015fd\u0131r\u0131lmas\u0131 n\u0259z\u0259rd\u0259 tutulur.\u00a0 Bildirilib ki, Z\u0259ng\u0259zur d\u0259hlizinin a\u00e7\u0131lmas\u0131 regionun investisiya c\u0259lbediciliyini art\u0131rmaqla, yeni infrastruktur layih\u0259l\u0259rinin icras\u0131na, sahibkarl\u0131\u011f\u0131n geni\u015fl\u0259nm\u0259sin\u0259 v\u0259 \u0259halinin m\u0259\u015f\u011fulluq s\u0259viyy\u0259sinin y\u00fcks\u0259lm\u0259sin\u0259 birba\u015fa t\u0259sir g\u00f6st\u0259r\u0259c\u0259kdir.<\/div>\n<div><\/div>\n<div>Daha sonra sakinl\u0259r t\u0259r\u0259find\u0259n s\u0259sl\u0259ndiril\u0259n m\u0259rasim evinin tikintisi, k\u0259hrizl\u0259rin lil v\u0259 da\u015flardan t\u0259mizl\u0259nm\u0259si, suvarma suyu x\u0259ttind\u0259 t\u0259mir i\u015fl\u0259rinin apar\u0131lmas\u0131, m\u0259\u015f\u011fulluq, k\u0259nd \u0259razisind\u0259 su arxlar\u0131n\u0131n t\u0259mizl\u0259nm\u0259si v\u0259 s. m\u0259s\u0259l\u0259l\u0259rl\u0259\u00a0 ba\u011fl\u0131 qald\u0131r\u0131lan m\u00fcraci\u0259t v\u0259 t\u0259klifl\u0259rin bir qismi yerind\u0259c\u0259 h\u0259ll edilib. Ara\u015fd\u0131rma t\u0259l\u0259b ed\u0259n dig\u0259r m\u00fcraci\u0259tl\u0259rin qanunvericilik \u00e7\u0259r\u00e7iv\u0259sind\u0259 operativ \u015f\u0259kild\u0259 h\u0259lli \u00fc\u00e7\u00fcn aidiyy\u0259ti qurumlar\u0131n r\u0259hb\u0259rl\u0259rin\u0259 konkret tap\u015f\u0131r\u0131qlar verilib v\u0259 icras\u0131 n\u0259zar\u0259t\u0259 g\u00f6t\u00fcr\u00fcl\u00fcb.<\/div>\n<div><\/div>\n<div>K\u0259nd sakinl\u0259ri onlara g\u00f6st\u0259ril\u0259n diqq\u0259t v\u0259 qay\u011f\u0131ya, el\u0259c\u0259 d\u0259 rayonun inki\u015faf\u0131 istiqam\u0259tind\u0259 g\u00f6r\u00fcl\u0259n i\u015fl\u0259r\u0259 g\u00f6r\u0259 \u00f6lk\u0259 ba\u015f\u00e7\u0131s\u0131na minn\u0259tdarl\u0131qlar\u0131n\u0131 bildiribl\u0259r.<\/div>\n<div><\/div>\n<div class=\"current pwb-slide\" data-photo-id=\"\" data-photo-title=\"Foto 0\"><img decoding=\"async\" src=\"https:\/\/img.faktor.az\/gallery\/2026\/03\/big\/20260305020301-12688-41.jpeg\" alt=\"1\" \/><\/div>\n<div class=\"current pwb-slide\" data-photo-id=\"\" data-photo-title=\"Foto 1\"><img decoding=\"async\" src=\"https:\/\/img.faktor.az\/gallery\/2026\/03\/big\/20260305020302-23865-41.jpeg\" alt=\"1\" \/><\/div>\n<div class=\"current pwb-slide\" data-photo-id=\"\" data-photo-title=\"Foto 2\"><img decoding=\"async\" src=\"https:\/\/img.faktor.az\/gallery\/2026\/03\/big\/20260305020302-69116-41.jpeg\" alt=\"1\" \/><\/div>\n<div class=\"current pwb-slide\" data-photo-id=\"\" data-photo-title=\"Foto 3\"><img decoding=\"async\" src=\"https:\/\/img.faktor.az\/gallery\/2026\/03\/big\/20260305020303-95025-41.jpeg\" alt=\"1\" \/><\/div>\n<div class=\"current pwb-slide\" data-photo-id=\"\" data-photo-title=\"Foto 4\"><img decoding=\"async\" src=\"https:\/\/img.faktor.az\/gallery\/2026\/03\/big\/20260305020303-51062-41.jpeg\" alt=\"1\" \/><\/div>\n<div class=\"current pwb-slide\" data-photo-id=\"\" data-photo-title=\"Foto 5\"><img decoding=\"async\" src=\"https:\/\/img.faktor.az\/gallery\/2026\/03\/big\/20260305020304-91788-41.jpeg\" alt=\"1\" \/><\/div>\n<div class=\"current pwb-slide\" data-photo-id=\"\" data-photo-title=\"Foto 6\"><img decoding=\"async\" src=\"https:\/\/img.faktor.az\/gallery\/2026\/03\/big\/20260305020304-5570-41.jpeg\" alt=\"1\" \/><\/div>\n","protected":false},"excerpt":{"rendered":"<p>Ordubad Rayon \u0130cra Hakimiyy\u0259tinin ba\u015f\u00e7\u0131s\u0131 R\u0259c\u0259b R\u0259himli yerl\u0259rd\u0259 v\u0259t\u0259nda\u015flar\u0131n m\u00fcraci\u0259tl\u0259rinin dinl\u0259nilm\u0259si v\u0259 m\u00f6vcud \u00e7\u0259tinlikl\u0259rin yerind\u0259c\u0259 \u00f6yr\u0259nilm\u0259si m\u0259qs\u0259dil\u0259 n\u00f6vb\u0259ti s\u0259yyar q\u0259bulunu A\u015fa\u011f\u0131 \u018fylis k\u0259ndind\u0259 ke\u00e7irib. Q\u0259bulda \u0130cra Hakimiyy\u0259tinin m\u0259sul \u015f\u0259xsl\u0259ri, rayonun xidm\u0259t sah\u0259l\u0259rinin r\u0259hb\u0259rl\u0259ri, k\u0259nd icra n\u00fcmay\u0259nd\u0259si, b\u0259l\u0259diyy\u0259 s\u0259dri v\u0259 k\u0259nd sakinl\u0259ri i\u015ftirak edibl\u0259r. Q\u0259bul zaman\u0131 \u00e7\u0131x\u0131\u015f ed\u0259n R\u0259c\u0259b R\u0259himli bildirib ki, \u00f6lk\u0259mizd\u0259 h\u0259yata ke\u00e7iril\u0259n sosial-iqtisadi [&hellip;]<\/p>\n","protected":false},"author":3,"featured_media":81426,"comment_status":"closed","ping_status":"closed","sticky":false,"template":"","format":"standard","meta":{"footnotes":""},"categories":[2],"tags":[],"class_list":["post-81425","post","type-post","status-publish","format-standard","has-post-thumbnail","hentry","category-trend"],"yoast_head":"<!-- This site is optimized with the Yoast SEO plugin v28.2 - https:\/\/yoast.com\/product\/yoast-seo-wordpress\/ -->\n<title>R\u0259c\u0259b R\u0259himli A\u015fa\u011f\u0131 \u018fylis k\u0259nd sakinl\u0259rinin m\u00fcraci\u0259tl\u0259rini dinl\u0259di - \u0130CT\u0130MA\u0130.AZ<\/title>\n<meta name=\"robots\" content=\"index, follow, max-snippet:-1, max-image-preview:large, max-video-preview:-1\" \/>\n<link rel=\"canonical\" href=\"https:\/\/ictimai.az\/?p=81425\" \/>\n<meta property=\"og:locale\" content=\"az_AZ\" \/>\n<meta property=\"og:type\" content=\"article\" \/>\n<meta property=\"og:title\" content=\"R\u0259c\u0259b R\u0259himli A\u015fa\u011f\u0131 \u018fylis k\u0259nd sakinl\u0259rinin m\u00fcraci\u0259tl\u0259rini dinl\u0259di - \u0130CT\u0130MA\u0130.AZ\" \/>\n<meta property=\"og:description\" content=\"Ordubad Rayon \u0130cra Hakimiyy\u0259tinin ba\u015f\u00e7\u0131s\u0131 R\u0259c\u0259b R\u0259himli yerl\u0259rd\u0259 v\u0259t\u0259nda\u015flar\u0131n m\u00fcraci\u0259tl\u0259rinin dinl\u0259nilm\u0259si v\u0259 m\u00f6vcud \u00e7\u0259tinlikl\u0259rin yerind\u0259c\u0259 \u00f6yr\u0259nilm\u0259si m\u0259qs\u0259dil\u0259 n\u00f6vb\u0259ti s\u0259yyar q\u0259bulunu A\u015fa\u011f\u0131 \u018fylis k\u0259ndind\u0259 ke\u00e7irib. Q\u0259bulda \u0130cra Hakimiyy\u0259tinin m\u0259sul \u015f\u0259xsl\u0259ri, rayonun xidm\u0259t sah\u0259l\u0259rinin r\u0259hb\u0259rl\u0259ri, k\u0259nd icra n\u00fcmay\u0259nd\u0259si, b\u0259l\u0259diyy\u0259 s\u0259dri v\u0259 k\u0259nd sakinl\u0259ri i\u015ftirak edibl\u0259r. Q\u0259bul zaman\u0131 \u00e7\u0131x\u0131\u015f ed\u0259n R\u0259c\u0259b R\u0259himli bildirib ki, \u00f6lk\u0259mizd\u0259 h\u0259yata ke\u00e7iril\u0259n sosial-iqtisadi [&hellip;]\" \/>\n<meta property=\"og:url\" content=\"https:\/\/ictimai.az\/?p=81425\" \/>\n<meta property=\"og:site_name\" content=\"\u0130CT\u0130MA\u0130.AZ\" \/>\n<meta property=\"article:published_time\" content=\"2026-03-05T11:52:25+00:00\" \/>\n<meta property=\"article:modified_time\" content=\"2026-03-05T12:59:21+00:00\" \/>\n<meta property=\"og:image\" content=\"https:\/\/ictimai.az\/core\/uploads\/2026\/03\/ictimai_3e229a90329942e6b8486eaf806a2294_ovj2yw3trc8m09uabh4z.jpeg\" \/>\n\t<meta property=\"og:image:width\" content=\"800\" \/>\n\t<meta property=\"og:image:height\" content=\"534\" \/>\n\t<meta property=\"og:image:type\" content=\"image\/jpeg\" \/>\n<meta name=\"author\" content=\"Rashad Bayramov\" \/>\n<meta name=\"twitter:card\" content=\"summary_large_image\" \/>\n<meta name=\"twitter:label1\" content=\"Written by\" \/>\n\t<meta name=\"twitter:data1\" content=\"Rashad Bayramov\" \/>\n\t<meta name=\"twitter:label2\" content=\"Est. reading time\" \/>\n\t<meta name=\"twitter:data2\" content=\"3 minutes\" \/>\n<script type=\"application\/ld+json\" class=\"yoast-schema-graph\">{\"@context\":\"https:\\\/\\\/schema.org\",\"@graph\":[{\"@type\":\"Article\",\"@id\":\"https:\\\/\\\/ictimai.az\\\/?p=81425#article\",\"isPartOf\":{\"@id\":\"https:\\\/\\\/ictimai.az\\\/?p=81425\"},\"author\":{\"name\":\"Rashad Bayramov\",\"@id\":\"https:\\\/\\\/ictimai.az\\\/#\\\/schema\\\/person\\\/9ac6f26569a9ae9806130a33903085b7\"},\"headline\":\"R\u0259c\u0259b R\u0259himli A\u015fa\u011f\u0131 \u018fylis k\u0259nd sakinl\u0259rinin m\u00fcraci\u0259tl\u0259rini dinl\u0259di\",\"datePublished\":\"2026-03-05T11:52:25+00:00\",\"dateModified\":\"2026-03-05T12:59:21+00:00\",\"mainEntityOfPage\":{\"@id\":\"https:\\\/\\\/ictimai.az\\\/?p=81425\"},\"wordCount\":634,\"publisher\":{\"@id\":\"https:\\\/\\\/ictimai.az\\\/#organization\"},\"image\":{\"@id\":\"https:\\\/\\\/ictimai.az\\\/?p=81425#primaryimage\"},\"thumbnailUrl\":\"https:\\\/\\\/ictimai.az\\\/core\\\/uploads\\\/2026\\\/03\\\/ictimai_3e229a90329942e6b8486eaf806a2294_ovj2yw3trc8m09uabh4z.jpeg\",\"articleSection\":[\"G\u00fcnd\u0259m\"],\"inLanguage\":\"az\"},{\"@type\":\"WebPage\",\"@id\":\"https:\\\/\\\/ictimai.az\\\/?p=81425\",\"url\":\"https:\\\/\\\/ictimai.az\\\/?p=81425\",\"name\":\"R\u0259c\u0259b R\u0259himli A\u015fa\u011f\u0131 \u018fylis k\u0259nd sakinl\u0259rinin m\u00fcraci\u0259tl\u0259rini dinl\u0259di - \u0130CT\u0130MA\u0130.AZ\",\"isPartOf\":{\"@id\":\"https:\\\/\\\/ictimai.az\\\/#website\"},\"primaryImageOfPage\":{\"@id\":\"https:\\\/\\\/ictimai.az\\\/?p=81425#primaryimage\"},\"image\":{\"@id\":\"https:\\\/\\\/ictimai.az\\\/?p=81425#primaryimage\"},\"thumbnailUrl\":\"https:\\\/\\\/ictimai.az\\\/core\\\/uploads\\\/2026\\\/03\\\/ictimai_3e229a90329942e6b8486eaf806a2294_ovj2yw3trc8m09uabh4z.jpeg\",\"datePublished\":\"2026-03-05T11:52:25+00:00\",\"dateModified\":\"2026-03-05T12:59:21+00:00\",\"breadcrumb\":{\"@id\":\"https:\\\/\\\/ictimai.az\\\/?p=81425#breadcrumb\"},\"inLanguage\":\"az\",\"potentialAction\":[{\"@type\":\"ReadAction\",\"target\":[\"https:\\\/\\\/ictimai.az\\\/?p=81425\"]}]},{\"@type\":\"ImageObject\",\"inLanguage\":\"az\",\"@id\":\"https:\\\/\\\/ictimai.az\\\/?p=81425#primaryimage\",\"url\":\"https:\\\/\\\/ictimai.az\\\/core\\\/uploads\\\/2026\\\/03\\\/ictimai_3e229a90329942e6b8486eaf806a2294_ovj2yw3trc8m09uabh4z.jpeg\",\"contentUrl\":\"https:\\\/\\\/ictimai.az\\\/core\\\/uploads\\\/2026\\\/03\\\/ictimai_3e229a90329942e6b8486eaf806a2294_ovj2yw3trc8m09uabh4z.jpeg\",\"width\":800,\"height\":534},{\"@type\":\"BreadcrumbList\",\"@id\":\"https:\\\/\\\/ictimai.az\\\/?p=81425#breadcrumb\",\"itemListElement\":[{\"@type\":\"ListItem\",\"position\":1,\"name\":\"Home\",\"item\":\"https:\\\/\\\/ictimai.az\\\/\"},{\"@type\":\"ListItem\",\"position\":2,\"name\":\"R\u0259c\u0259b R\u0259himli A\u015fa\u011f\u0131 \u018fylis k\u0259nd sakinl\u0259rinin m\u00fcraci\u0259tl\u0259rini dinl\u0259di\"}]},{\"@type\":\"WebSite\",\"@id\":\"https:\\\/\\\/ictimai.az\\\/#website\",\"url\":\"https:\\\/\\\/ictimai.az\\\/\",\"name\":\"\u0130CT\u0130MA\u0130.AZ\",\"description\":\"\",\"publisher\":{\"@id\":\"https:\\\/\\\/ictimai.az\\\/#organization\"},\"potentialAction\":[{\"@type\":\"SearchAction\",\"target\":{\"@type\":\"EntryPoint\",\"urlTemplate\":\"https:\\\/\\\/ictimai.az\\\/?s={search_term_string}\"},\"query-input\":{\"@type\":\"PropertyValueSpecification\",\"valueRequired\":true,\"valueName\":\"search_term_string\"}}],\"inLanguage\":\"az\"},{\"@type\":\"Organization\",\"@id\":\"https:\\\/\\\/ictimai.az\\\/#organization\",\"name\":\"\u0130CT\u0130MA\u0130.AZ\",\"url\":\"https:\\\/\\\/ictimai.az\\\/\",\"logo\":{\"@type\":\"ImageObject\",\"inLanguage\":\"az\",\"@id\":\"https:\\\/\\\/ictimai.az\\\/#\\\/schema\\\/logo\\\/image\\\/\",\"url\":\"https:\\\/\\\/ictimai.az\\\/core\\\/uploads\\\/2026\\\/06\\\/cropped-ictimai_0380d81099c6fe3baae753faceb5481f_p41rg2mzq0uyvextfh3k-768x768-1-3.png\",\"contentUrl\":\"https:\\\/\\\/ictimai.az\\\/core\\\/uploads\\\/2026\\\/06\\\/cropped-ictimai_0380d81099c6fe3baae753faceb5481f_p41rg2mzq0uyvextfh3k-768x768-1-3.png\",\"width\":768,\"height\":768,\"caption\":\"\u0130CT\u0130MA\u0130.AZ\"},\"image\":{\"@id\":\"https:\\\/\\\/ictimai.az\\\/#\\\/schema\\\/logo\\\/image\\\/\"}},{\"@type\":\"Person\",\"@id\":\"https:\\\/\\\/ictimai.az\\\/#\\\/schema\\\/person\\\/9ac6f26569a9ae9806130a33903085b7\",\"name\":\"Rashad Bayramov\",\"image\":{\"@type\":\"ImageObject\",\"inLanguage\":\"az\",\"@id\":\"https:\\\/\\\/secure.gravatar.com\\\/avatar\\\/2c457cabf3c9d5b2c92c284169c1d34874f3316e1802b973e88e91d4a9df5ee8?s=96&d=mm&r=g\",\"url\":\"https:\\\/\\\/secure.gravatar.com\\\/avatar\\\/2c457cabf3c9d5b2c92c284169c1d34874f3316e1802b973e88e91d4a9df5ee8?s=96&d=mm&r=g\",\"contentUrl\":\"https:\\\/\\\/secure.gravatar.com\\\/avatar\\\/2c457cabf3c9d5b2c92c284169c1d34874f3316e1802b973e88e91d4a9df5ee8?s=96&d=mm&r=g\",\"caption\":\"Rashad Bayramov\"},\"sameAs\":[\"https:\\\/\\\/ictimai.az\\\/\"],\"url\":\"https:\\\/\\\/ictimai.az\\\/?author=3\"}]}<\/script>\n<!-- \/ Yoast SEO plugin. -->","yoast_head_json":{"title":"R\u0259c\u0259b R\u0259himli A\u015fa\u011f\u0131 \u018fylis k\u0259nd sakinl\u0259rinin m\u00fcraci\u0259tl\u0259rini dinl\u0259di - \u0130CT\u0130MA\u0130.AZ","robots":{"index":"index","follow":"follow","max-snippet":"max-snippet:-1","max-image-preview":"max-image-preview:large","max-video-preview":"max-video-preview:-1"},"canonical":"https:\/\/ictimai.az\/?p=81425","og_locale":"az_AZ","og_type":"article","og_title":"R\u0259c\u0259b R\u0259himli A\u015fa\u011f\u0131 \u018fylis k\u0259nd sakinl\u0259rinin m\u00fcraci\u0259tl\u0259rini dinl\u0259di - \u0130CT\u0130MA\u0130.AZ","og_description":"Ordubad Rayon \u0130cra Hakimiyy\u0259tinin ba\u015f\u00e7\u0131s\u0131 R\u0259c\u0259b R\u0259himli yerl\u0259rd\u0259 v\u0259t\u0259nda\u015flar\u0131n m\u00fcraci\u0259tl\u0259rinin dinl\u0259nilm\u0259si v\u0259 m\u00f6vcud \u00e7\u0259tinlikl\u0259rin yerind\u0259c\u0259 \u00f6yr\u0259nilm\u0259si m\u0259qs\u0259dil\u0259 n\u00f6vb\u0259ti s\u0259yyar q\u0259bulunu A\u015fa\u011f\u0131 \u018fylis k\u0259ndind\u0259 ke\u00e7irib. Q\u0259bulda \u0130cra Hakimiyy\u0259tinin m\u0259sul \u015f\u0259xsl\u0259ri, rayonun xidm\u0259t sah\u0259l\u0259rinin r\u0259hb\u0259rl\u0259ri, k\u0259nd icra n\u00fcmay\u0259nd\u0259si, b\u0259l\u0259diyy\u0259 s\u0259dri v\u0259 k\u0259nd sakinl\u0259ri i\u015ftirak edibl\u0259r. Q\u0259bul zaman\u0131 \u00e7\u0131x\u0131\u015f ed\u0259n R\u0259c\u0259b R\u0259himli bildirib ki, \u00f6lk\u0259mizd\u0259 h\u0259yata ke\u00e7iril\u0259n sosial-iqtisadi [&hellip;]","og_url":"https:\/\/ictimai.az\/?p=81425","og_site_name":"\u0130CT\u0130MA\u0130.AZ","article_published_time":"2026-03-05T11:52:25+00:00","article_modified_time":"2026-03-05T12:59:21+00:00","og_image":[{"width":800,"height":534,"url":"https:\/\/ictimai.az\/core\/uploads\/2026\/03\/ictimai_3e229a90329942e6b8486eaf806a2294_ovj2yw3trc8m09uabh4z.jpeg","type":"image\/jpeg"}],"author":"Rashad Bayramov","twitter_card":"summary_large_image","twitter_misc":{"Written by":"Rashad Bayramov","Est. reading time":"3 minutes"},"schema":{"@context":"https:\/\/schema.org","@graph":[{"@type":"Article","@id":"https:\/\/ictimai.az\/?p=81425#article","isPartOf":{"@id":"https:\/\/ictimai.az\/?p=81425"},"author":{"name":"Rashad Bayramov","@id":"https:\/\/ictimai.az\/#\/schema\/person\/9ac6f26569a9ae9806130a33903085b7"},"headline":"R\u0259c\u0259b R\u0259himli A\u015fa\u011f\u0131 \u018fylis k\u0259nd sakinl\u0259rinin m\u00fcraci\u0259tl\u0259rini dinl\u0259di","datePublished":"2026-03-05T11:52:25+00:00","dateModified":"2026-03-05T12:59:21+00:00","mainEntityOfPage":{"@id":"https:\/\/ictimai.az\/?p=81425"},"wordCount":634,"publisher":{"@id":"https:\/\/ictimai.az\/#organization"},"image":{"@id":"https:\/\/ictimai.az\/?p=81425#primaryimage"},"thumbnailUrl":"https:\/\/ictimai.az\/core\/uploads\/2026\/03\/ictimai_3e229a90329942e6b8486eaf806a2294_ovj2yw3trc8m09uabh4z.jpeg","articleSection":["G\u00fcnd\u0259m"],"inLanguage":"az"},{"@type":"WebPage","@id":"https:\/\/ictimai.az\/?p=81425","url":"https:\/\/ictimai.az\/?p=81425","name":"R\u0259c\u0259b R\u0259himli A\u015fa\u011f\u0131 \u018fylis k\u0259nd sakinl\u0259rinin m\u00fcraci\u0259tl\u0259rini dinl\u0259di - \u0130CT\u0130MA\u0130.AZ","isPartOf":{"@id":"https:\/\/ictimai.az\/#website"},"primaryImageOfPage":{"@id":"https:\/\/ictimai.az\/?p=81425#primaryimage"},"image":{"@id":"https:\/\/ictimai.az\/?p=81425#primaryimage"},"thumbnailUrl":"https:\/\/ictimai.az\/core\/uploads\/2026\/03\/ictimai_3e229a90329942e6b8486eaf806a2294_ovj2yw3trc8m09uabh4z.jpeg","datePublished":"2026-03-05T11:52:25+00:00","dateModified":"2026-03-05T12:59:21+00:00","breadcrumb":{"@id":"https:\/\/ictimai.az\/?p=81425#breadcrumb"},"inLanguage":"az","potentialAction":[{"@type":"ReadAction","target":["https:\/\/ictimai.az\/?p=81425"]}]},{"@type":"ImageObject","inLanguage":"az","@id":"https:\/\/ictimai.az\/?p=81425#primaryimage","url":"https:\/\/ictimai.az\/core\/uploads\/2026\/03\/ictimai_3e229a90329942e6b8486eaf806a2294_ovj2yw3trc8m09uabh4z.jpeg","contentUrl":"https:\/\/ictimai.az\/core\/uploads\/2026\/03\/ictimai_3e229a90329942e6b8486eaf806a2294_ovj2yw3trc8m09uabh4z.jpeg","width":800,"height":534},{"@type":"BreadcrumbList","@id":"https:\/\/ictimai.az\/?p=81425#breadcrumb","itemListElement":[{"@type":"ListItem","position":1,"name":"Home","item":"https:\/\/ictimai.az\/"},{"@type":"ListItem","position":2,"name":"R\u0259c\u0259b R\u0259himli A\u015fa\u011f\u0131 \u018fylis k\u0259nd sakinl\u0259rinin m\u00fcraci\u0259tl\u0259rini dinl\u0259di"}]},{"@type":"WebSite","@id":"https:\/\/ictimai.az\/#website","url":"https:\/\/ictimai.az\/","name":"\u0130CT\u0130MA\u0130.AZ","description":"","publisher":{"@id":"https:\/\/ictimai.az\/#organization"},"potentialAction":[{"@type":"SearchAction","target":{"@type":"EntryPoint","urlTemplate":"https:\/\/ictimai.az\/?s={search_term_string}"},"query-input":{"@type":"PropertyValueSpecification","valueRequired":true,"valueName":"search_term_string"}}],"inLanguage":"az"},{"@type":"Organization","@id":"https:\/\/ictimai.az\/#organization","name":"\u0130CT\u0130MA\u0130.AZ","url":"https:\/\/ictimai.az\/","logo":{"@type":"ImageObject","inLanguage":"az","@id":"https:\/\/ictimai.az\/#\/schema\/logo\/image\/","url":"https:\/\/ictimai.az\/core\/uploads\/2026\/06\/cropped-ictimai_0380d81099c6fe3baae753faceb5481f_p41rg2mzq0uyvextfh3k-768x768-1-3.png","contentUrl":"https:\/\/ictimai.az\/core\/uploads\/2026\/06\/cropped-ictimai_0380d81099c6fe3baae753faceb5481f_p41rg2mzq0uyvextfh3k-768x768-1-3.png","width":768,"height":768,"caption":"\u0130CT\u0130MA\u0130.AZ"},"image":{"@id":"https:\/\/ictimai.az\/#\/schema\/logo\/image\/"}},{"@type":"Person","@id":"https:\/\/ictimai.az\/#\/schema\/person\/9ac6f26569a9ae9806130a33903085b7","name":"Rashad Bayramov","image":{"@type":"ImageObject","inLanguage":"az","@id":"https:\/\/secure.gravatar.com\/avatar\/2c457cabf3c9d5b2c92c284169c1d34874f3316e1802b973e88e91d4a9df5ee8?s=96&d=mm&r=g","url":"https:\/\/secure.gravatar.com\/avatar\/2c457cabf3c9d5b2c92c284169c1d34874f3316e1802b973e88e91d4a9df5ee8?s=96&d=mm&r=g","contentUrl":"https:\/\/secure.gravatar.com\/avatar\/2c457cabf3c9d5b2c92c284169c1d34874f3316e1802b973e88e91d4a9df5ee8?s=96&d=mm&r=g","caption":"Rashad Bayramov"},"sameAs":["https:\/\/ictimai.az\/"],"url":"https:\/\/ictimai.az\/?author=3"}]}},"_links":{"self":[{"href":"https:\/\/ictimai.az\/index.php?rest_route=\/wp\/v2\/posts\/81425","targetHints":{"allow":["GET"]}}],"collection":[{"href":"https:\/\/ictimai.az\/index.php?rest_route=\/wp\/v2\/posts"}],"about":[{"href":"https:\/\/ictimai.az\/index.php?rest_route=\/wp\/v2\/types\/post"}],"author":[{"embeddable":true,"href":"https:\/\/ictimai.az\/index.php?rest_route=\/wp\/v2\/users\/3"}],"replies":[{"embeddable":true,"href":"https:\/\/ictimai.az\/index.php?rest_route=%2Fwp%2Fv2%2Fcomments&post=81425"}],"version-history":[{"count":0,"href":"https:\/\/ictimai.az\/index.php?rest_route=\/wp\/v2\/posts\/81425\/revisions"}],"wp:featuredmedia":[{"embeddable":true,"href":"https:\/\/ictimai.az\/index.php?rest_route=\/wp\/v2\/media\/81426"}],"wp:attachment":[{"href":"https:\/\/ictimai.az\/index.php?rest_route=%2Fwp%2Fv2%2Fmedia&parent=81425"}],"wp:term":[{"taxonomy":"category","embeddable":true,"href":"https:\/\/ictimai.az\/index.php?rest_route=%2Fwp%2Fv2%2Fcategories&post=81425"},{"taxonomy":"post_tag","embeddable":true,"href":"https:\/\/ictimai.az\/index.php?rest_route=%2Fwp%2Fv2%2Ftags&post=81425"}],"curies":[{"name":"wp","href":"https:\/\/api.w.org\/{rel}","templated":true}]}}