{"id":81429,"date":"2026-03-05T16:30:03","date_gmt":"2026-03-05T12:30:03","guid":{"rendered":"https:\/\/ictimai.az\/?p=81429"},"modified":"2026-03-05T16:28:05","modified_gmt":"2026-03-05T12:28:05","slug":"naxcivanla-neqliyyat-elaqesinin-temin-edilmesi-ucun-alternativ-reyslerin-cedveli","status":"publish","type":"post","link":"https:\/\/ictimai.az\/?p=81429","title":{"rendered":"Nax\u00e7\u0131vanla n\u0259qliyyat \u0259laq\u0259sinin t\u0259min edilm\u0259si \u00fc\u00e7\u00fcn alternativ reysl\u0259rin &#8211; C\u0259dv\u0259li"},"content":{"rendered":"<p>Son hadis\u0259l\u0259rl\u0259 \u0259laq\u0259dar olaraq, Bak\u0131-Nax\u00e7\u0131van-Bak\u0131 mar\u015frutu \u00fczr\u0259 5 mart tarixin\u0259 planla\u015fd\u0131r\u0131lan b\u00fct\u00fcn reysl\u0259r l\u0259\u011fv olunub.<\/p>\n<p>\u0130ctimai.az x\u0259b\u0259r verir ki, bu bar\u0259d\u0259 \u201cAz\u0259rbaycan Hava Yollar\u0131\u201d QSC m\u0259lumat yay\u0131b.<\/p>\n<p>Bildirilib ki, Az\u0259rbaycan v\u0259t\u0259nda\u015flar\u0131 \u00fc\u00e7\u00fcn Bak\u0131dan Nax\u00e7\u0131vana n\u0259qliyyat \u0259laq\u0259sinin t\u0259min edilm\u0259si m\u0259qs\u0259dil\u0259 Bak\u0131dan T\u00fcrkiy\u0259nin \u0130\u011fd\u0131r \u015f\u0259h\u0259rin\u0259 v\u0259 \u0259ks istiqam\u0259td\u0259 aviareysl\u0259r t\u0259yin edilib. S\u0259rni\u015finl\u0259rin \u0130\u011fd\u0131r aeroportundan Nax\u00e7\u0131vana v\u0259 \u0259ks istiqam\u0259t\u0259 da\u015f\u0131nmas\u0131 \u00fc\u00e7\u00fcn x\u00fcsusi avtobuslar t\u0259\u015fkil olunub. Avtobus reysl\u0259ri Nax\u00e7\u0131van avtova\u011fzal\u0131 vasit\u0259sil\u0259 h\u0259yata ke\u00e7iril\u0259c\u0259k.<\/p>\n<p>Mart\u0131n 5-d\u0259 Bak\u0131-\u0130\u011fd\u0131r-Bak\u0131 mar\u015frutu \u00fczr\u0259 planla\u015fd\u0131r\u0131lm\u0131\u015f u\u00e7u\u015f c\u0259dv\u0259li (b\u00fct\u00fcn saatlar yerli vaxtla qeyd edilib):<\/p>\n<p><img decoding=\"async\" src=\"https:\/\/qafqazinfo.az\/uploads\/images\/Picture1.png\" alt=\"\" width=\"100%\" \/><\/p>\n<p>S\u0259rni\u015finl\u0259rd\u0259n u\u00e7u\u015fdan \u0259n az\u0131 bir saat yar\u0131m \u0259vv\u0259ld\u0259n aeroporta g\u0259lm\u0259l\u0259ri v\u0259 \u00fcz\u0259rl\u0259rind\u0259 xarici pasport v\u0259 ya yeni n\u0259sil \u015f\u0259xsiyy\u0259t v\u0259siq\u0259l\u0259rinin olmas\u0131 xahi\u015f edilir.<\/p>\n<p>AZAL m\u00f6vcud v\u0259ziyy\u0259ti diqq\u0259tl\u0259 izl\u0259m\u0259y\u0259 davam edir v\u0259 reysl\u0259rin t\u0259hl\u00fck\u0259sizliyinin t\u0259min edilm\u0259si \u00fc\u00e7\u00fcn b\u00fct\u00fcn laz\u0131mi t\u0259dbirl\u0259ri g\u00f6r\u00fcr. S\u0259rni\u015finl\u0259r u\u00e7u\u015f c\u0259dv\u0259lind\u0259ki d\u0259yi\u015fiklikl\u0259r bar\u0259d\u0259 operativ \u015f\u0259kild\u0259 m\u0259lumatland\u0131r\u0131lacaqlar.<\/p>\n","protected":false},"excerpt":{"rendered":"<p>Son hadis\u0259l\u0259rl\u0259 \u0259laq\u0259dar olaraq, Bak\u0131-Nax\u00e7\u0131van-Bak\u0131 mar\u015frutu \u00fczr\u0259 5 mart tarixin\u0259 planla\u015fd\u0131r\u0131lan b\u00fct\u00fcn reysl\u0259r l\u0259\u011fv olunub. \u0130ctimai.az x\u0259b\u0259r verir ki, bu bar\u0259d\u0259 \u201cAz\u0259rbaycan Hava Yollar\u0131\u201d QSC m\u0259lumat yay\u0131b. Bildirilib ki, Az\u0259rbaycan v\u0259t\u0259nda\u015flar\u0131 \u00fc\u00e7\u00fcn Bak\u0131dan Nax\u00e7\u0131vana n\u0259qliyyat \u0259laq\u0259sinin t\u0259min edilm\u0259si m\u0259qs\u0259dil\u0259 Bak\u0131dan T\u00fcrkiy\u0259nin \u0130\u011fd\u0131r \u015f\u0259h\u0259rin\u0259 v\u0259 \u0259ks istiqam\u0259td\u0259 aviareysl\u0259r t\u0259yin edilib. S\u0259rni\u015finl\u0259rin \u0130\u011fd\u0131r aeroportundan Nax\u00e7\u0131vana v\u0259 \u0259ks [&hellip;]<\/p>\n","protected":false},"author":3,"featured_media":63146,"comment_status":"closed","ping_status":"closed","sticky":false,"template":"","format":"standard","meta":{"footnotes":""},"categories":[2],"tags":[],"class_list":["post-81429","post","type-post","status-publish","format-standard","has-post-thumbnail","hentry","category-trend"],"yoast_head":"<!-- This site is optimized with the Yoast SEO plugin v28.2 - https:\/\/yoast.com\/product\/yoast-seo-wordpress\/ -->\n<title>Nax\u00e7\u0131vanla n\u0259qliyyat \u0259laq\u0259sinin t\u0259min edilm\u0259si \u00fc\u00e7\u00fcn alternativ reysl\u0259rin - C\u0259dv\u0259li - \u0130CT\u0130MA\u0130.AZ<\/title>\n<meta name=\"robots\" content=\"index, follow, max-snippet:-1, max-image-preview:large, max-video-preview:-1\" \/>\n<link rel=\"canonical\" href=\"https:\/\/ictimai.az\/?p=81429\" \/>\n<meta property=\"og:locale\" content=\"az_AZ\" \/>\n<meta property=\"og:type\" content=\"article\" \/>\n<meta property=\"og:title\" content=\"Nax\u00e7\u0131vanla n\u0259qliyyat \u0259laq\u0259sinin t\u0259min edilm\u0259si \u00fc\u00e7\u00fcn alternativ reysl\u0259rin - C\u0259dv\u0259li - \u0130CT\u0130MA\u0130.AZ\" \/>\n<meta property=\"og:description\" content=\"Son hadis\u0259l\u0259rl\u0259 \u0259laq\u0259dar olaraq, Bak\u0131-Nax\u00e7\u0131van-Bak\u0131 mar\u015frutu \u00fczr\u0259 5 mart tarixin\u0259 planla\u015fd\u0131r\u0131lan b\u00fct\u00fcn reysl\u0259r l\u0259\u011fv olunub. \u0130ctimai.az x\u0259b\u0259r verir ki, bu bar\u0259d\u0259 \u201cAz\u0259rbaycan Hava Yollar\u0131\u201d QSC m\u0259lumat yay\u0131b. Bildirilib ki, Az\u0259rbaycan v\u0259t\u0259nda\u015flar\u0131 \u00fc\u00e7\u00fcn Bak\u0131dan Nax\u00e7\u0131vana n\u0259qliyyat \u0259laq\u0259sinin t\u0259min edilm\u0259si m\u0259qs\u0259dil\u0259 Bak\u0131dan T\u00fcrkiy\u0259nin \u0130\u011fd\u0131r \u015f\u0259h\u0259rin\u0259 v\u0259 \u0259ks istiqam\u0259td\u0259 aviareysl\u0259r t\u0259yin edilib. S\u0259rni\u015finl\u0259rin \u0130\u011fd\u0131r aeroportundan Nax\u00e7\u0131vana v\u0259 \u0259ks [&hellip;]\" \/>\n<meta property=\"og:url\" content=\"https:\/\/ictimai.az\/?p=81429\" \/>\n<meta property=\"og:site_name\" content=\"\u0130CT\u0130MA\u0130.AZ\" \/>\n<meta property=\"article:published_time\" content=\"2026-03-05T12:30:03+00:00\" \/>\n<meta property=\"og:image\" content=\"https:\/\/ictimai.az\/core\/uploads\/2024\/12\/ictimai_d970083210962fb1b8f5e9680fd60be5_guebz2fsvq67pjiomxc1.jpg\" \/>\n\t<meta property=\"og:image:width\" content=\"637\" \/>\n\t<meta property=\"og:image:height\" content=\"400\" \/>\n\t<meta property=\"og:image:type\" content=\"image\/jpeg\" \/>\n<meta name=\"author\" content=\"Rashad Bayramov\" \/>\n<meta name=\"twitter:card\" content=\"summary_large_image\" \/>\n<meta name=\"twitter:label1\" content=\"Written by\" \/>\n\t<meta name=\"twitter:data1\" content=\"Rashad Bayramov\" \/>\n\t<meta name=\"twitter:label2\" content=\"Est. reading time\" \/>\n\t<meta name=\"twitter:data2\" content=\"1 minute\" \/>\n<script type=\"application\/ld+json\" class=\"yoast-schema-graph\">{\"@context\":\"https:\\\/\\\/schema.org\",\"@graph\":[{\"@type\":\"Article\",\"@id\":\"https:\\\/\\\/ictimai.az\\\/?p=81429#article\",\"isPartOf\":{\"@id\":\"https:\\\/\\\/ictimai.az\\\/?p=81429\"},\"author\":{\"name\":\"Rashad Bayramov\",\"@id\":\"https:\\\/\\\/ictimai.az\\\/#\\\/schema\\\/person\\\/9ac6f26569a9ae9806130a33903085b7\"},\"headline\":\"Nax\u00e7\u0131vanla n\u0259qliyyat \u0259laq\u0259sinin t\u0259min edilm\u0259si \u00fc\u00e7\u00fcn alternativ reysl\u0259rin &#8211; C\u0259dv\u0259li\",\"datePublished\":\"2026-03-05T12:30:03+00:00\",\"mainEntityOfPage\":{\"@id\":\"https:\\\/\\\/ictimai.az\\\/?p=81429\"},\"wordCount\":270,\"publisher\":{\"@id\":\"https:\\\/\\\/ictimai.az\\\/#organization\"},\"image\":{\"@id\":\"https:\\\/\\\/ictimai.az\\\/?p=81429#primaryimage\"},\"thumbnailUrl\":\"https:\\\/\\\/ictimai.az\\\/core\\\/uploads\\\/2024\\\/12\\\/ictimai_d970083210962fb1b8f5e9680fd60be5_guebz2fsvq67pjiomxc1.jpg\",\"articleSection\":[\"G\u00fcnd\u0259m\"],\"inLanguage\":\"az\"},{\"@type\":\"WebPage\",\"@id\":\"https:\\\/\\\/ictimai.az\\\/?p=81429\",\"url\":\"https:\\\/\\\/ictimai.az\\\/?p=81429\",\"name\":\"Nax\u00e7\u0131vanla n\u0259qliyyat \u0259laq\u0259sinin t\u0259min edilm\u0259si \u00fc\u00e7\u00fcn alternativ reysl\u0259rin - C\u0259dv\u0259li - \u0130CT\u0130MA\u0130.AZ\",\"isPartOf\":{\"@id\":\"https:\\\/\\\/ictimai.az\\\/#website\"},\"primaryImageOfPage\":{\"@id\":\"https:\\\/\\\/ictimai.az\\\/?p=81429#primaryimage\"},\"image\":{\"@id\":\"https:\\\/\\\/ictimai.az\\\/?p=81429#primaryimage\"},\"thumbnailUrl\":\"https:\\\/\\\/ictimai.az\\\/core\\\/uploads\\\/2024\\\/12\\\/ictimai_d970083210962fb1b8f5e9680fd60be5_guebz2fsvq67pjiomxc1.jpg\",\"datePublished\":\"2026-03-05T12:30:03+00:00\",\"breadcrumb\":{\"@id\":\"https:\\\/\\\/ictimai.az\\\/?p=81429#breadcrumb\"},\"inLanguage\":\"az\",\"potentialAction\":[{\"@type\":\"ReadAction\",\"target\":[\"https:\\\/\\\/ictimai.az\\\/?p=81429\"]}]},{\"@type\":\"ImageObject\",\"inLanguage\":\"az\",\"@id\":\"https:\\\/\\\/ictimai.az\\\/?p=81429#primaryimage\",\"url\":\"https:\\\/\\\/ictimai.az\\\/core\\\/uploads\\\/2024\\\/12\\\/ictimai_d970083210962fb1b8f5e9680fd60be5_guebz2fsvq67pjiomxc1.jpg\",\"contentUrl\":\"https:\\\/\\\/ictimai.az\\\/core\\\/uploads\\\/2024\\\/12\\\/ictimai_d970083210962fb1b8f5e9680fd60be5_guebz2fsvq67pjiomxc1.jpg\",\"width\":637,\"height\":400},{\"@type\":\"BreadcrumbList\",\"@id\":\"https:\\\/\\\/ictimai.az\\\/?p=81429#breadcrumb\",\"itemListElement\":[{\"@type\":\"ListItem\",\"position\":1,\"name\":\"Home\",\"item\":\"https:\\\/\\\/ictimai.az\\\/\"},{\"@type\":\"ListItem\",\"position\":2,\"name\":\"Nax\u00e7\u0131vanla n\u0259qliyyat \u0259laq\u0259sinin t\u0259min edilm\u0259si \u00fc\u00e7\u00fcn alternativ reysl\u0259rin &#8211; C\u0259dv\u0259li\"}]},{\"@type\":\"WebSite\",\"@id\":\"https:\\\/\\\/ictimai.az\\\/#website\",\"url\":\"https:\\\/\\\/ictimai.az\\\/\",\"name\":\"\u0130CT\u0130MA\u0130.AZ\",\"description\":\"\",\"publisher\":{\"@id\":\"https:\\\/\\\/ictimai.az\\\/#organization\"},\"potentialAction\":[{\"@type\":\"SearchAction\",\"target\":{\"@type\":\"EntryPoint\",\"urlTemplate\":\"https:\\\/\\\/ictimai.az\\\/?s={search_term_string}\"},\"query-input\":{\"@type\":\"PropertyValueSpecification\",\"valueRequired\":true,\"valueName\":\"search_term_string\"}}],\"inLanguage\":\"az\"},{\"@type\":\"Organization\",\"@id\":\"https:\\\/\\\/ictimai.az\\\/#organization\",\"name\":\"\u0130CT\u0130MA\u0130.AZ\",\"url\":\"https:\\\/\\\/ictimai.az\\\/\",\"logo\":{\"@type\":\"ImageObject\",\"inLanguage\":\"az\",\"@id\":\"https:\\\/\\\/ictimai.az\\\/#\\\/schema\\\/logo\\\/image\\\/\",\"url\":\"https:\\\/\\\/ictimai.az\\\/core\\\/uploads\\\/2026\\\/06\\\/cropped-ictimai_0380d81099c6fe3baae753faceb5481f_p41rg2mzq0uyvextfh3k-768x768-1-3.png\",\"contentUrl\":\"https:\\\/\\\/ictimai.az\\\/core\\\/uploads\\\/2026\\\/06\\\/cropped-ictimai_0380d81099c6fe3baae753faceb5481f_p41rg2mzq0uyvextfh3k-768x768-1-3.png\",\"width\":768,\"height\":768,\"caption\":\"\u0130CT\u0130MA\u0130.AZ\"},\"image\":{\"@id\":\"https:\\\/\\\/ictimai.az\\\/#\\\/schema\\\/logo\\\/image\\\/\"}},{\"@type\":\"Person\",\"@id\":\"https:\\\/\\\/ictimai.az\\\/#\\\/schema\\\/person\\\/9ac6f26569a9ae9806130a33903085b7\",\"name\":\"Rashad Bayramov\",\"image\":{\"@type\":\"ImageObject\",\"inLanguage\":\"az\",\"@id\":\"https:\\\/\\\/secure.gravatar.com\\\/avatar\\\/2c457cabf3c9d5b2c92c284169c1d34874f3316e1802b973e88e91d4a9df5ee8?s=96&d=mm&r=g\",\"url\":\"https:\\\/\\\/secure.gravatar.com\\\/avatar\\\/2c457cabf3c9d5b2c92c284169c1d34874f3316e1802b973e88e91d4a9df5ee8?s=96&d=mm&r=g\",\"contentUrl\":\"https:\\\/\\\/secure.gravatar.com\\\/avatar\\\/2c457cabf3c9d5b2c92c284169c1d34874f3316e1802b973e88e91d4a9df5ee8?s=96&d=mm&r=g\",\"caption\":\"Rashad Bayramov\"},\"sameAs\":[\"https:\\\/\\\/ictimai.az\\\/\"],\"url\":\"https:\\\/\\\/ictimai.az\\\/?author=3\"}]}<\/script>\n<!-- \/ Yoast SEO plugin. -->","yoast_head_json":{"title":"Nax\u00e7\u0131vanla n\u0259qliyyat \u0259laq\u0259sinin t\u0259min edilm\u0259si \u00fc\u00e7\u00fcn alternativ reysl\u0259rin - C\u0259dv\u0259li - \u0130CT\u0130MA\u0130.AZ","robots":{"index":"index","follow":"follow","max-snippet":"max-snippet:-1","max-image-preview":"max-image-preview:large","max-video-preview":"max-video-preview:-1"},"canonical":"https:\/\/ictimai.az\/?p=81429","og_locale":"az_AZ","og_type":"article","og_title":"Nax\u00e7\u0131vanla n\u0259qliyyat \u0259laq\u0259sinin t\u0259min edilm\u0259si \u00fc\u00e7\u00fcn alternativ reysl\u0259rin - C\u0259dv\u0259li - \u0130CT\u0130MA\u0130.AZ","og_description":"Son hadis\u0259l\u0259rl\u0259 \u0259laq\u0259dar olaraq, Bak\u0131-Nax\u00e7\u0131van-Bak\u0131 mar\u015frutu \u00fczr\u0259 5 mart tarixin\u0259 planla\u015fd\u0131r\u0131lan b\u00fct\u00fcn reysl\u0259r l\u0259\u011fv olunub. \u0130ctimai.az x\u0259b\u0259r verir ki, bu bar\u0259d\u0259 \u201cAz\u0259rbaycan Hava Yollar\u0131\u201d QSC m\u0259lumat yay\u0131b. Bildirilib ki, Az\u0259rbaycan v\u0259t\u0259nda\u015flar\u0131 \u00fc\u00e7\u00fcn Bak\u0131dan Nax\u00e7\u0131vana n\u0259qliyyat \u0259laq\u0259sinin t\u0259min edilm\u0259si m\u0259qs\u0259dil\u0259 Bak\u0131dan T\u00fcrkiy\u0259nin \u0130\u011fd\u0131r \u015f\u0259h\u0259rin\u0259 v\u0259 \u0259ks istiqam\u0259td\u0259 aviareysl\u0259r t\u0259yin edilib. S\u0259rni\u015finl\u0259rin \u0130\u011fd\u0131r aeroportundan Nax\u00e7\u0131vana v\u0259 \u0259ks [&hellip;]","og_url":"https:\/\/ictimai.az\/?p=81429","og_site_name":"\u0130CT\u0130MA\u0130.AZ","article_published_time":"2026-03-05T12:30:03+00:00","og_image":[{"width":637,"height":400,"url":"https:\/\/ictimai.az\/core\/uploads\/2024\/12\/ictimai_d970083210962fb1b8f5e9680fd60be5_guebz2fsvq67pjiomxc1.jpg","type":"image\/jpeg"}],"author":"Rashad Bayramov","twitter_card":"summary_large_image","twitter_misc":{"Written by":"Rashad Bayramov","Est. reading time":"1 minute"},"schema":{"@context":"https:\/\/schema.org","@graph":[{"@type":"Article","@id":"https:\/\/ictimai.az\/?p=81429#article","isPartOf":{"@id":"https:\/\/ictimai.az\/?p=81429"},"author":{"name":"Rashad Bayramov","@id":"https:\/\/ictimai.az\/#\/schema\/person\/9ac6f26569a9ae9806130a33903085b7"},"headline":"Nax\u00e7\u0131vanla n\u0259qliyyat \u0259laq\u0259sinin t\u0259min edilm\u0259si \u00fc\u00e7\u00fcn alternativ reysl\u0259rin &#8211; C\u0259dv\u0259li","datePublished":"2026-03-05T12:30:03+00:00","mainEntityOfPage":{"@id":"https:\/\/ictimai.az\/?p=81429"},"wordCount":270,"publisher":{"@id":"https:\/\/ictimai.az\/#organization"},"image":{"@id":"https:\/\/ictimai.az\/?p=81429#primaryimage"},"thumbnailUrl":"https:\/\/ictimai.az\/core\/uploads\/2024\/12\/ictimai_d970083210962fb1b8f5e9680fd60be5_guebz2fsvq67pjiomxc1.jpg","articleSection":["G\u00fcnd\u0259m"],"inLanguage":"az"},{"@type":"WebPage","@id":"https:\/\/ictimai.az\/?p=81429","url":"https:\/\/ictimai.az\/?p=81429","name":"Nax\u00e7\u0131vanla n\u0259qliyyat \u0259laq\u0259sinin t\u0259min edilm\u0259si \u00fc\u00e7\u00fcn alternativ reysl\u0259rin - C\u0259dv\u0259li - \u0130CT\u0130MA\u0130.AZ","isPartOf":{"@id":"https:\/\/ictimai.az\/#website"},"primaryImageOfPage":{"@id":"https:\/\/ictimai.az\/?p=81429#primaryimage"},"image":{"@id":"https:\/\/ictimai.az\/?p=81429#primaryimage"},"thumbnailUrl":"https:\/\/ictimai.az\/core\/uploads\/2024\/12\/ictimai_d970083210962fb1b8f5e9680fd60be5_guebz2fsvq67pjiomxc1.jpg","datePublished":"2026-03-05T12:30:03+00:00","breadcrumb":{"@id":"https:\/\/ictimai.az\/?p=81429#breadcrumb"},"inLanguage":"az","potentialAction":[{"@type":"ReadAction","target":["https:\/\/ictimai.az\/?p=81429"]}]},{"@type":"ImageObject","inLanguage":"az","@id":"https:\/\/ictimai.az\/?p=81429#primaryimage","url":"https:\/\/ictimai.az\/core\/uploads\/2024\/12\/ictimai_d970083210962fb1b8f5e9680fd60be5_guebz2fsvq67pjiomxc1.jpg","contentUrl":"https:\/\/ictimai.az\/core\/uploads\/2024\/12\/ictimai_d970083210962fb1b8f5e9680fd60be5_guebz2fsvq67pjiomxc1.jpg","width":637,"height":400},{"@type":"BreadcrumbList","@id":"https:\/\/ictimai.az\/?p=81429#breadcrumb","itemListElement":[{"@type":"ListItem","position":1,"name":"Home","item":"https:\/\/ictimai.az\/"},{"@type":"ListItem","position":2,"name":"Nax\u00e7\u0131vanla n\u0259qliyyat \u0259laq\u0259sinin t\u0259min edilm\u0259si \u00fc\u00e7\u00fcn alternativ reysl\u0259rin &#8211; C\u0259dv\u0259li"}]},{"@type":"WebSite","@id":"https:\/\/ictimai.az\/#website","url":"https:\/\/ictimai.az\/","name":"\u0130CT\u0130MA\u0130.AZ","description":"","publisher":{"@id":"https:\/\/ictimai.az\/#organization"},"potentialAction":[{"@type":"SearchAction","target":{"@type":"EntryPoint","urlTemplate":"https:\/\/ictimai.az\/?s={search_term_string}"},"query-input":{"@type":"PropertyValueSpecification","valueRequired":true,"valueName":"search_term_string"}}],"inLanguage":"az"},{"@type":"Organization","@id":"https:\/\/ictimai.az\/#organization","name":"\u0130CT\u0130MA\u0130.AZ","url":"https:\/\/ictimai.az\/","logo":{"@type":"ImageObject","inLanguage":"az","@id":"https:\/\/ictimai.az\/#\/schema\/logo\/image\/","url":"https:\/\/ictimai.az\/core\/uploads\/2026\/06\/cropped-ictimai_0380d81099c6fe3baae753faceb5481f_p41rg2mzq0uyvextfh3k-768x768-1-3.png","contentUrl":"https:\/\/ictimai.az\/core\/uploads\/2026\/06\/cropped-ictimai_0380d81099c6fe3baae753faceb5481f_p41rg2mzq0uyvextfh3k-768x768-1-3.png","width":768,"height":768,"caption":"\u0130CT\u0130MA\u0130.AZ"},"image":{"@id":"https:\/\/ictimai.az\/#\/schema\/logo\/image\/"}},{"@type":"Person","@id":"https:\/\/ictimai.az\/#\/schema\/person\/9ac6f26569a9ae9806130a33903085b7","name":"Rashad Bayramov","image":{"@type":"ImageObject","inLanguage":"az","@id":"https:\/\/secure.gravatar.com\/avatar\/2c457cabf3c9d5b2c92c284169c1d34874f3316e1802b973e88e91d4a9df5ee8?s=96&d=mm&r=g","url":"https:\/\/secure.gravatar.com\/avatar\/2c457cabf3c9d5b2c92c284169c1d34874f3316e1802b973e88e91d4a9df5ee8?s=96&d=mm&r=g","contentUrl":"https:\/\/secure.gravatar.com\/avatar\/2c457cabf3c9d5b2c92c284169c1d34874f3316e1802b973e88e91d4a9df5ee8?s=96&d=mm&r=g","caption":"Rashad Bayramov"},"sameAs":["https:\/\/ictimai.az\/"],"url":"https:\/\/ictimai.az\/?author=3"}]}},"_links":{"self":[{"href":"https:\/\/ictimai.az\/index.php?rest_route=\/wp\/v2\/posts\/81429","targetHints":{"allow":["GET"]}}],"collection":[{"href":"https:\/\/ictimai.az\/index.php?rest_route=\/wp\/v2\/posts"}],"about":[{"href":"https:\/\/ictimai.az\/index.php?rest_route=\/wp\/v2\/types\/post"}],"author":[{"embeddable":true,"href":"https:\/\/ictimai.az\/index.php?rest_route=\/wp\/v2\/users\/3"}],"replies":[{"embeddable":true,"href":"https:\/\/ictimai.az\/index.php?rest_route=%2Fwp%2Fv2%2Fcomments&post=81429"}],"version-history":[{"count":0,"href":"https:\/\/ictimai.az\/index.php?rest_route=\/wp\/v2\/posts\/81429\/revisions"}],"wp:featuredmedia":[{"embeddable":true,"href":"https:\/\/ictimai.az\/index.php?rest_route=\/wp\/v2\/media\/63146"}],"wp:attachment":[{"href":"https:\/\/ictimai.az\/index.php?rest_route=%2Fwp%2Fv2%2Fmedia&parent=81429"}],"wp:term":[{"taxonomy":"category","embeddable":true,"href":"https:\/\/ictimai.az\/index.php?rest_route=%2Fwp%2Fv2%2Fcategories&post=81429"},{"taxonomy":"post_tag","embeddable":true,"href":"https:\/\/ictimai.az\/index.php?rest_route=%2Fwp%2Fv2%2Ftags&post=81429"}],"curies":[{"name":"wp","href":"https:\/\/api.w.org\/{rel}","templated":true}]}}