{"id":8159,"date":"2020-12-18T21:03:29","date_gmt":"2020-12-18T17:03:29","guid":{"rendered":"https:\/\/ictimai.az\/?p=8159"},"modified":"2020-12-18T21:30:15","modified_gmt":"2020-12-18T17:30:15","slug":"millet-vekili-sehid-atasi-ile-gorusub","status":"publish","type":"post","link":"https:\/\/ictimai.az\/?p=8159","title":{"rendered":"Mill\u0259t v\u0259kili \u015f\u0259hid atas\u0131 il\u0259 g\u00f6r\u00fc\u015f\u00fcb"},"content":{"rendered":"<p>Milli M\u0259clisin M\u0259d\u0259niyy\u0259t Komit\u0259sinin s\u0259dri Q\u0259nir\u0259 Pa\u015fayeva Az\u0259rbaycan B\u00f6y\u00fck V\u0259t\u0259n M\u00fcharib\u0259sind\u0259 \u015f\u0259hid olmu\u015f Elxan Muradovun atas\u0131, Sabirabad rayonunun \u018fhm\u0259dabad k\u0259nd sakini Murad Muradovla g\u00f6r\u00fc\u015f\u00fcb.<br \/>\n\u015e\u0259hid atas\u0131n\u0131 Az\u0259rbaycan Silahl\u0131 Q\u00fcvv\u0259l\u0259rinin d\u00fc\u015fm\u0259n \u00fcz\u0259rind\u0259 Tarixi Z\u0259f\u0259ri m\u00fcnasib\u0259ti il\u0259 t\u0259brik ed\u0259n Komit\u0259 s\u0259dri, \u201cV\u0259t\u0259n M\u00fcharib\u0259sind\u0259 parlaq q\u0259l\u0259b\u0259miz m\u00fcnasib\u0259ti il\u0259 t\u0259briki \u0259n \u00e7ox haqq ed\u0259n insanlar siz \u015f\u0259hid ail\u0259l\u0259risiz\u201d deyib.<br \/>\n\u015e\u0259hid atas\u0131 il\u0259 \u0259trafl\u0131 s\u00f6hb\u0259t ed\u0259n Q.Pa\u015fayeva, ona Tarixi Z\u0259f\u0259r m\u00fcnasib\u0259ti il\u0259 M\u0259d\u0259niyy\u0259t Komit\u0259si ad\u0131ndan M\u0259ktub v\u0259 \u00fcz\u0259rin\u0259 \u201cQaraba\u011f Az\u0259rbaycand\u0131r!\u201d yaz\u0131lm\u0131\u015f, x\u00fcsusi haz\u0131rlanm\u0131\u015f saat t\u0259qdim edib.<br \/>\nG\u00f6r\u00fc\u015fd\u0259 Ax\u0131ska T\u00fcrkl\u0259ri &#8220;V\u0259t\u0259n&#8221; \u0130ctimai Birliyinin ba\u015fqan\u0131 \u0130smay\u0131l R\u0259himov ba\u015fda olmaqla Birliyin r\u0259hb\u0259rliyi, &#8220;N\u0259f\u0259s&#8221; Xeyriyy\u0259 \u0130ctimai Birliyinin s\u0259dri Fir\u0259ngiz Balaki\u015fiyeva, Regional H\u00fcquqi v\u0259 \u0130qtisadi maarifl\u0259ndirm\u0259 ictimai birliyinin s\u0259dri Arzu Ba\u011f\u0131rova i\u015ftirak edib.<br \/>\nQ.Pa\u015fayevan\u0131n \u015f\u0259hid Elxan Murad o\u011flu Muradovla ba\u011fl\u0131 yaz\u0131s\u0131n\u0131 t\u0259qdim edirik:<br \/>\nQ\u0259nir\u0259 PA\u015eAYEVA<br \/>\nMilli M\u0259clisin M\u0259d\u0259niyy\u0259t Komit\u0259sinin s\u0259dri<br \/>\n\u0130NANCIMIZ G\u00dcC\u00dcM\u00dcZD\u00dcR<br \/>\n19 ya\u015f\u0131nda V\u0259t\u0259nin azadl\u0131\u011f\u0131 u\u011frunda can\u0131ndan ke\u00e7mi\u015f o\u011fullar\u0131m\u0131zdan biri d\u0259 ad\u0131 kimi, soyad\u0131 kimi elcanl\u0131, v\u0259t\u0259nmuradl\u0131 Elxan Murad o\u011flu Muradovdur.<br \/>\nElxan 2001-ci ilin may ay\u0131n\u0131n 15-d\u0259 Sabirabad rayonunun \u018fhm\u0259dabad k\u0259ndind\u0259 do\u011fulub. Bahadur \u015eabanov ad\u0131na \u018fhm\u0259dabad k\u0259nd tam orta m\u0259kt\u0259bind\u0259 t\u0259hsil al\u0131b. M\u0259kt\u0259bi bitirdikd\u0259n sonra 2019-cu ilin oktyabr ay\u0131n\u0131n 7-d\u0259 h\u0259qiqi h\u0259rbi xidm\u0259t\u0259 \u00e7a\u011f\u0131r\u0131l\u0131b v\u0259 A\u011fdamda yerl\u0259\u015f\u0259n \u201cN\u201d sayl\u0131 h\u0259rbi hiss\u0259d\u0259 xidm\u0259t\u0259 ba\u015flay\u0131b. Zabitl\u0259r t\u0259r\u0259find\u0259n h\u0259mi\u015f\u0259 t\u0259qdir g\u00f6r\u0259n g\u0259nc \u0259sg\u0259r, yolda\u015flar\u0131 aras\u0131nda da h\u00f6rm\u0259t sahibi olub. Elxan\u0131n oxudu\u011fu m\u0259kt\u0259b\u0259 ad\u0131 veril\u0259n Bahadur \u015eabanov I Qaraba\u011f M\u00fcharib\u0259sinin \u015f\u0259hididir. \u2013 V\u0259t\u0259ncanl\u0131l\u0131q, \u0259hd\u0259 v\u0259fa, d\u00f6vl\u0259ti, bayra\u011f\u0131 m\u00fcq\u0259dd\u0259s bilm\u0259k Ax\u0131skal\u0131 soyda\u015flar\u0131m\u0131z\u0131n can\u0131nda-qan\u0131ndad\u0131r.<br \/>\nBug\u00fcnl\u0259rd\u0259 Elxan\u0131n atas\u0131 il\u0259 g\u00f6r\u00fc\u015fd\u00fck, d\u0259drl\u0259\u015fdirk, u\u011furla\u015fd\u0131q. \u015e\u0259hid atas\u0131n\u0131n duru\u015fu, \u201cV\u0259t\u0259n sa\u011f olsun!\u201d dem\u0259si \u00e7ox t\u0259sirli, q\u00fcrurvericidir.<br \/>\nSizl\u0259r\u0259 minn\u0259tdar\u0131q, \u0259ziz \u015e\u0259hid valideynl\u0259ri!<br \/>\nAz\u0259rbaycan B\u00f6y\u00fck V\u0259t\u0259n M\u00fcharib\u0259sinin ilk g\u00fcn\u00fcnd\u0259n d\u00f6y\u00fc\u015fl\u0259r\u0259 c\u0259lb olunan \u0259sg\u0259r Muradov A\u011fdam istiqam\u0259tind\u0259 ged\u0259n a\u011f\u0131r d\u00f6y\u00fc\u015fl\u0259rd\u0259, 2020-ci il oktyabr ay\u0131n\u0131n 7-d\u0259 \u015f\u0259hidlik zirv\u0259sin\u0259 ucal\u0131b.<br \/>\nH\u0259rbi xidm\u0259t\u0259 yola d\u00fc\u015fm\u0259sind\u0259n 1 il 3 ay ke\u00e7mi\u015f \u015f\u0259had\u0259t \u015f\u0259rb\u0259ti i\u00e7\u0259n Elxan, b\u00f6y\u00fcy\u00fcb boya-ba\u015fa \u00e7atd\u0131\u011f\u0131 \u018fhm\u0259dabad k\u0259nd q\u0259birstanl\u0131\u011f\u0131nda torpa\u011fa tap\u015f\u0131r\u0131l\u0131b. \u0130ndi \u018fhm\u0259dabad k\u0259nd q\u0259birstanl\u0131\u011f\u0131 ziyar\u0259t ed\u0259nl\u0259r m\u00fctl\u0259q Elxan\u0131n q\u0259brin\u0259 ba\u015f \u00e7\u0259kir, ruhuna dualar oxuyur.<br \/>\nElxan\u0131n m\u00fc\u0259llimi, Ax\u0131ska T\u00fcrkl\u0259rinin \u201cV\u0259t\u0259n\u201d C\u0259miyy\u0259tinin tan\u0131nm\u0131\u015f \u00fczv\u00fc, \u018fhm\u0259dabad k\u0259nd sakini G\u00fcl\u0259hm\u0259d M\u00f6vludo\u011flu \u00f6z \u015f\u0259hid \u015fagirdi haqq\u0131nda \u00fcr\u0259k s\u00f6zl\u0259rini biziml\u0259 b\u00f6l\u00fc\u015fd\u00fc:<br \/>\n\u201cElxan Muradov m\u0259kt\u0259bd\u0259 oxudu\u011fu m\u00fcdd\u0259t \u0259rzind\u0259 intizaml\u0131, \u00e7al\u0131\u015fqan \u015fagird olub; m\u0259kt\u0259bin b\u00fct\u00fcn ictimai i\u015fl\u0259rind\u0259 f\u0259al i\u015ftirak edib; \u015fagird kollektivinin v\u0259 m\u00fc\u0259lliml\u0259rinin h\u00f6rm\u0259tini qazan\u0131b.<br \/>\nM\u00fcharib\u0259 \u00f6l\u00fcm, qan-qada dem\u0259kdir. M\u00fcharib\u0259d\u0259 itirdiyimiz o\u011fullar \u00fc\u00e7\u00fcn q\u0259lbimiz s\u0131zlay\u0131r, \u00fcr\u0259yimiz g\u00f6yn\u0259yir. Ancaq biz itirs\u0259k d\u0259 c\u0259nn\u0259t qazand\u0131\u201d&#8230;<br \/>\nB\u0259li, m\u0259n d\u0259 G\u00fcl\u0259hm\u0259d m\u00fc\u0259llimin fikirl\u0259rin\u0259 qo\u015fuluram.<br \/>\nBir ail\u0259 o\u011ful itir\u0259s\u0259 d\u0259, o o\u011ful art\u0131q b\u00fct\u00fcn xalq\u0131n \u0259zizi, V\u0259t\u0259nin o\u011flu olursa, bu ayr\u0131 bir nem\u0259tdir, s\u0131radan c\u00fcml\u0259l\u0259rl\u0259 anlad\u0131lmas\u0131 \u00e7\u0259tindir.<br \/>\n\u015e\u0259hidl\u0259rin \u00f6zlm\u0259zliyi, ruhlar\u0131n \u0259b\u0259diliyi \u2013 inanc\u0131m\u0131zd\u0131r!<br \/>\nC\u0259nn\u0259tm\u0259kan \u015f\u0259hidl\u0259rin ruh \u015fadl\u0131\u011f\u0131na inan\u0131r\u0131r<br \/>\n\u0130nam biz\u0259 t\u0259s\u0259lli verir, taq\u0259t verir, g\u00fcc verir.<br \/>\n\u0130nanm\u0131\u015f insan yenilm\u0259zdir.<br \/>\nElxan\u0131n qan\u0131 yerd\u0259 qalmay\u0131b. Onun u\u011frunda can verdiyi torpaqlarda bug\u00fcn \u00fc\u00e7r\u0259ngli m\u00fcq\u0259dd\u0259s bayra\u011f\u0131m\u0131z dal\u011falan\u0131r.<br \/>\nBAYRA\u011eIMIZ H\u018fM\u0130\u015e\u018f UCA OLSUN!<br \/>\nV\u018fT\u018fN SA\u011e OLSUN!<\/p>\n<p><img loading=\"lazy\" decoding=\"async\" class=\"alignnone size-medium wp-image-8160\" src=\"https:\/\/ictimai.az\/core\/uploads\/2020\/12\/ictimai_5e5d452ec08f1ff4bed20bb2cd14e5a4_r6elzb1gic3v94jtpk2f-300x199.jpg\" alt=\"\" width=\"300\" height=\"199\" srcset=\"https:\/\/ictimai.az\/core\/uploads\/2020\/12\/ictimai_5e5d452ec08f1ff4bed20bb2cd14e5a4_r6elzb1gic3v94jtpk2f-300x199.jpg 300w, https:\/\/ictimai.az\/core\/uploads\/2020\/12\/ictimai_5e5d452ec08f1ff4bed20bb2cd14e5a4_r6elzb1gic3v94jtpk2f-768x510.jpg 768w, https:\/\/ictimai.az\/core\/uploads\/2020\/12\/ictimai_5e5d452ec08f1ff4bed20bb2cd14e5a4_r6elzb1gic3v94jtpk2f.jpg 960w\" sizes=\"auto, (max-width: 300px) 100vw, 300px\" \/><\/p>\n<p><img loading=\"lazy\" decoding=\"async\" class=\"alignnone size-medium wp-image-8161\" src=\"https:\/\/ictimai.az\/core\/uploads\/2020\/12\/ictimai_c8bd1d262637ce3ae37167662faa20f0_k21w4i9exoqatgb5fvrm-300x199.jpg\" alt=\"\" width=\"300\" height=\"199\" srcset=\"https:\/\/ictimai.az\/core\/uploads\/2020\/12\/ictimai_c8bd1d262637ce3ae37167662faa20f0_k21w4i9exoqatgb5fvrm-300x199.jpg 300w, https:\/\/ictimai.az\/core\/uploads\/2020\/12\/ictimai_c8bd1d262637ce3ae37167662faa20f0_k21w4i9exoqatgb5fvrm-768x510.jpg 768w, https:\/\/ictimai.az\/core\/uploads\/2020\/12\/ictimai_c8bd1d262637ce3ae37167662faa20f0_k21w4i9exoqatgb5fvrm.jpg 960w\" sizes=\"auto, (max-width: 300px) 100vw, 300px\" \/><\/p>\n","protected":false},"excerpt":{"rendered":"<p>Milli M\u0259clisin M\u0259d\u0259niyy\u0259t Komit\u0259sinin s\u0259dri Q\u0259nir\u0259 Pa\u015fayeva Az\u0259rbaycan B\u00f6y\u00fck V\u0259t\u0259n M\u00fcharib\u0259sind\u0259 \u015f\u0259hid olmu\u015f Elxan Muradovun atas\u0131, Sabirabad rayonunun \u018fhm\u0259dabad k\u0259nd sakini Murad Muradovla g\u00f6r\u00fc\u015f\u00fcb. \u015e\u0259hid atas\u0131n\u0131 Az\u0259rbaycan Silahl\u0131 Q\u00fcvv\u0259l\u0259rinin d\u00fc\u015fm\u0259n \u00fcz\u0259rind\u0259 Tarixi Z\u0259f\u0259ri m\u00fcnasib\u0259ti il\u0259 t\u0259brik ed\u0259n Komit\u0259 s\u0259dri, \u201cV\u0259t\u0259n M\u00fcharib\u0259sind\u0259 parlaq q\u0259l\u0259b\u0259miz m\u00fcnasib\u0259ti il\u0259 t\u0259briki \u0259n \u00e7ox haqq ed\u0259n insanlar siz \u015f\u0259hid ail\u0259l\u0259risiz\u201d deyib. [&hellip;]<\/p>\n","protected":false},"author":2,"featured_media":8161,"comment_status":"closed","ping_status":"closed","sticky":false,"template":"","format":"standard","meta":{"footnotes":""},"categories":[2],"tags":[],"class_list":["post-8159","post","type-post","status-publish","format-standard","has-post-thumbnail","hentry","category-trend"],"yoast_head":"<!-- This site is optimized with the Yoast SEO plugin v28.2 - https:\/\/yoast.com\/product\/yoast-seo-wordpress\/ -->\n<title>Mill\u0259t v\u0259kili \u015f\u0259hid atas\u0131 il\u0259 g\u00f6r\u00fc\u015f\u00fcb - \u0130CT\u0130MA\u0130.AZ<\/title>\n<meta name=\"robots\" content=\"index, follow, max-snippet:-1, max-image-preview:large, max-video-preview:-1\" \/>\n<link rel=\"canonical\" href=\"https:\/\/ictimai.az\/?p=8159\" \/>\n<meta property=\"og:locale\" content=\"az_AZ\" \/>\n<meta property=\"og:type\" content=\"article\" \/>\n<meta property=\"og:title\" content=\"Mill\u0259t v\u0259kili \u015f\u0259hid atas\u0131 il\u0259 g\u00f6r\u00fc\u015f\u00fcb - \u0130CT\u0130MA\u0130.AZ\" \/>\n<meta property=\"og:description\" content=\"Milli M\u0259clisin M\u0259d\u0259niyy\u0259t Komit\u0259sinin s\u0259dri Q\u0259nir\u0259 Pa\u015fayeva Az\u0259rbaycan B\u00f6y\u00fck V\u0259t\u0259n M\u00fcharib\u0259sind\u0259 \u015f\u0259hid olmu\u015f Elxan Muradovun atas\u0131, Sabirabad rayonunun \u018fhm\u0259dabad k\u0259nd sakini Murad Muradovla g\u00f6r\u00fc\u015f\u00fcb. \u015e\u0259hid atas\u0131n\u0131 Az\u0259rbaycan Silahl\u0131 Q\u00fcvv\u0259l\u0259rinin d\u00fc\u015fm\u0259n \u00fcz\u0259rind\u0259 Tarixi Z\u0259f\u0259ri m\u00fcnasib\u0259ti il\u0259 t\u0259brik ed\u0259n Komit\u0259 s\u0259dri, \u201cV\u0259t\u0259n M\u00fcharib\u0259sind\u0259 parlaq q\u0259l\u0259b\u0259miz m\u00fcnasib\u0259ti il\u0259 t\u0259briki \u0259n \u00e7ox haqq ed\u0259n insanlar siz \u015f\u0259hid ail\u0259l\u0259risiz\u201d deyib. [&hellip;]\" \/>\n<meta property=\"og:url\" content=\"https:\/\/ictimai.az\/?p=8159\" \/>\n<meta property=\"og:site_name\" content=\"\u0130CT\u0130MA\u0130.AZ\" \/>\n<meta property=\"article:published_time\" content=\"2020-12-18T17:03:29+00:00\" \/>\n<meta property=\"article:modified_time\" content=\"2020-12-18T17:30:15+00:00\" \/>\n<meta property=\"og:image\" content=\"https:\/\/ictimai.az\/core\/uploads\/2020\/12\/ictimai_c8bd1d262637ce3ae37167662faa20f0_k21w4i9exoqatgb5fvrm.jpg\" \/>\n\t<meta property=\"og:image:width\" content=\"960\" \/>\n\t<meta property=\"og:image:height\" content=\"638\" \/>\n\t<meta property=\"og:image:type\" content=\"image\/jpeg\" \/>\n<meta name=\"author\" content=\"R\u0259\u015fad Bayramov\" \/>\n<meta name=\"twitter:card\" content=\"summary_large_image\" \/>\n<meta name=\"twitter:label1\" content=\"Written by\" \/>\n\t<meta name=\"twitter:data1\" content=\"R\u0259\u015fad Bayramov\" \/>\n\t<meta name=\"twitter:label2\" content=\"Est. reading time\" \/>\n\t<meta name=\"twitter:data2\" content=\"4 minutes\" \/>\n<script type=\"application\/ld+json\" class=\"yoast-schema-graph\">{\"@context\":\"https:\\\/\\\/schema.org\",\"@graph\":[{\"@type\":\"Article\",\"@id\":\"https:\\\/\\\/ictimai.az\\\/?p=8159#article\",\"isPartOf\":{\"@id\":\"https:\\\/\\\/ictimai.az\\\/?p=8159\"},\"author\":{\"name\":\"R\u0259\u015fad Bayramov\",\"@id\":\"https:\\\/\\\/ictimai.az\\\/#\\\/schema\\\/person\\\/1da94bf2c7ab5d83ad349237bec1e6af\"},\"headline\":\"Mill\u0259t v\u0259kili \u015f\u0259hid atas\u0131 il\u0259 g\u00f6r\u00fc\u015f\u00fcb\",\"datePublished\":\"2020-12-18T17:03:29+00:00\",\"dateModified\":\"2020-12-18T17:30:15+00:00\",\"mainEntityOfPage\":{\"@id\":\"https:\\\/\\\/ictimai.az\\\/?p=8159\"},\"wordCount\":839,\"publisher\":{\"@id\":\"https:\\\/\\\/ictimai.az\\\/#organization\"},\"image\":{\"@id\":\"https:\\\/\\\/ictimai.az\\\/?p=8159#primaryimage\"},\"thumbnailUrl\":\"https:\\\/\\\/ictimai.az\\\/core\\\/uploads\\\/2020\\\/12\\\/ictimai_c8bd1d262637ce3ae37167662faa20f0_k21w4i9exoqatgb5fvrm.jpg\",\"articleSection\":[\"G\u00fcnd\u0259m\"],\"inLanguage\":\"az\"},{\"@type\":\"WebPage\",\"@id\":\"https:\\\/\\\/ictimai.az\\\/?p=8159\",\"url\":\"https:\\\/\\\/ictimai.az\\\/?p=8159\",\"name\":\"Mill\u0259t v\u0259kili \u015f\u0259hid atas\u0131 il\u0259 g\u00f6r\u00fc\u015f\u00fcb - \u0130CT\u0130MA\u0130.AZ\",\"isPartOf\":{\"@id\":\"https:\\\/\\\/ictimai.az\\\/#website\"},\"primaryImageOfPage\":{\"@id\":\"https:\\\/\\\/ictimai.az\\\/?p=8159#primaryimage\"},\"image\":{\"@id\":\"https:\\\/\\\/ictimai.az\\\/?p=8159#primaryimage\"},\"thumbnailUrl\":\"https:\\\/\\\/ictimai.az\\\/core\\\/uploads\\\/2020\\\/12\\\/ictimai_c8bd1d262637ce3ae37167662faa20f0_k21w4i9exoqatgb5fvrm.jpg\",\"datePublished\":\"2020-12-18T17:03:29+00:00\",\"dateModified\":\"2020-12-18T17:30:15+00:00\",\"breadcrumb\":{\"@id\":\"https:\\\/\\\/ictimai.az\\\/?p=8159#breadcrumb\"},\"inLanguage\":\"az\",\"potentialAction\":[{\"@type\":\"ReadAction\",\"target\":[\"https:\\\/\\\/ictimai.az\\\/?p=8159\"]}]},{\"@type\":\"ImageObject\",\"inLanguage\":\"az\",\"@id\":\"https:\\\/\\\/ictimai.az\\\/?p=8159#primaryimage\",\"url\":\"https:\\\/\\\/ictimai.az\\\/core\\\/uploads\\\/2020\\\/12\\\/ictimai_c8bd1d262637ce3ae37167662faa20f0_k21w4i9exoqatgb5fvrm.jpg\",\"contentUrl\":\"https:\\\/\\\/ictimai.az\\\/core\\\/uploads\\\/2020\\\/12\\\/ictimai_c8bd1d262637ce3ae37167662faa20f0_k21w4i9exoqatgb5fvrm.jpg\",\"width\":960,\"height\":638},{\"@type\":\"BreadcrumbList\",\"@id\":\"https:\\\/\\\/ictimai.az\\\/?p=8159#breadcrumb\",\"itemListElement\":[{\"@type\":\"ListItem\",\"position\":1,\"name\":\"Home\",\"item\":\"https:\\\/\\\/ictimai.az\\\/\"},{\"@type\":\"ListItem\",\"position\":2,\"name\":\"Mill\u0259t v\u0259kili \u015f\u0259hid atas\u0131 il\u0259 g\u00f6r\u00fc\u015f\u00fcb\"}]},{\"@type\":\"WebSite\",\"@id\":\"https:\\\/\\\/ictimai.az\\\/#website\",\"url\":\"https:\\\/\\\/ictimai.az\\\/\",\"name\":\"\u0130CT\u0130MA\u0130.AZ\",\"description\":\"\",\"publisher\":{\"@id\":\"https:\\\/\\\/ictimai.az\\\/#organization\"},\"potentialAction\":[{\"@type\":\"SearchAction\",\"target\":{\"@type\":\"EntryPoint\",\"urlTemplate\":\"https:\\\/\\\/ictimai.az\\\/?s={search_term_string}\"},\"query-input\":{\"@type\":\"PropertyValueSpecification\",\"valueRequired\":true,\"valueName\":\"search_term_string\"}}],\"inLanguage\":\"az\"},{\"@type\":\"Organization\",\"@id\":\"https:\\\/\\\/ictimai.az\\\/#organization\",\"name\":\"\u0130CT\u0130MA\u0130.AZ\",\"url\":\"https:\\\/\\\/ictimai.az\\\/\",\"logo\":{\"@type\":\"ImageObject\",\"inLanguage\":\"az\",\"@id\":\"https:\\\/\\\/ictimai.az\\\/#\\\/schema\\\/logo\\\/image\\\/\",\"url\":\"https:\\\/\\\/ictimai.az\\\/core\\\/uploads\\\/2026\\\/06\\\/cropped-ictimai_0380d81099c6fe3baae753faceb5481f_p41rg2mzq0uyvextfh3k-768x768-1-3.png\",\"contentUrl\":\"https:\\\/\\\/ictimai.az\\\/core\\\/uploads\\\/2026\\\/06\\\/cropped-ictimai_0380d81099c6fe3baae753faceb5481f_p41rg2mzq0uyvextfh3k-768x768-1-3.png\",\"width\":768,\"height\":768,\"caption\":\"\u0130CT\u0130MA\u0130.AZ\"},\"image\":{\"@id\":\"https:\\\/\\\/ictimai.az\\\/#\\\/schema\\\/logo\\\/image\\\/\"}},{\"@type\":\"Person\",\"@id\":\"https:\\\/\\\/ictimai.az\\\/#\\\/schema\\\/person\\\/1da94bf2c7ab5d83ad349237bec1e6af\",\"name\":\"R\u0259\u015fad Bayramov\",\"image\":{\"@type\":\"ImageObject\",\"inLanguage\":\"az\",\"@id\":\"https:\\\/\\\/secure.gravatar.com\\\/avatar\\\/83c075605ba0a4d35d59726aaad89cfa8008d1f01603342c56f1dd79784491bc?s=96&d=mm&r=g\",\"url\":\"https:\\\/\\\/secure.gravatar.com\\\/avatar\\\/83c075605ba0a4d35d59726aaad89cfa8008d1f01603342c56f1dd79784491bc?s=96&d=mm&r=g\",\"contentUrl\":\"https:\\\/\\\/secure.gravatar.com\\\/avatar\\\/83c075605ba0a4d35d59726aaad89cfa8008d1f01603342c56f1dd79784491bc?s=96&d=mm&r=g\",\"caption\":\"R\u0259\u015fad Bayramov\"},\"sameAs\":[\"https:\\\/\\\/ictimai.az\\\/\"],\"url\":\"https:\\\/\\\/ictimai.az\\\/?author=2\"}]}<\/script>\n<!-- \/ Yoast SEO plugin. -->","yoast_head_json":{"title":"Mill\u0259t v\u0259kili \u015f\u0259hid atas\u0131 il\u0259 g\u00f6r\u00fc\u015f\u00fcb - \u0130CT\u0130MA\u0130.AZ","robots":{"index":"index","follow":"follow","max-snippet":"max-snippet:-1","max-image-preview":"max-image-preview:large","max-video-preview":"max-video-preview:-1"},"canonical":"https:\/\/ictimai.az\/?p=8159","og_locale":"az_AZ","og_type":"article","og_title":"Mill\u0259t v\u0259kili \u015f\u0259hid atas\u0131 il\u0259 g\u00f6r\u00fc\u015f\u00fcb - \u0130CT\u0130MA\u0130.AZ","og_description":"Milli M\u0259clisin M\u0259d\u0259niyy\u0259t Komit\u0259sinin s\u0259dri Q\u0259nir\u0259 Pa\u015fayeva Az\u0259rbaycan B\u00f6y\u00fck V\u0259t\u0259n M\u00fcharib\u0259sind\u0259 \u015f\u0259hid olmu\u015f Elxan Muradovun atas\u0131, Sabirabad rayonunun \u018fhm\u0259dabad k\u0259nd sakini Murad Muradovla g\u00f6r\u00fc\u015f\u00fcb. \u015e\u0259hid atas\u0131n\u0131 Az\u0259rbaycan Silahl\u0131 Q\u00fcvv\u0259l\u0259rinin d\u00fc\u015fm\u0259n \u00fcz\u0259rind\u0259 Tarixi Z\u0259f\u0259ri m\u00fcnasib\u0259ti il\u0259 t\u0259brik ed\u0259n Komit\u0259 s\u0259dri, \u201cV\u0259t\u0259n M\u00fcharib\u0259sind\u0259 parlaq q\u0259l\u0259b\u0259miz m\u00fcnasib\u0259ti il\u0259 t\u0259briki \u0259n \u00e7ox haqq ed\u0259n insanlar siz \u015f\u0259hid ail\u0259l\u0259risiz\u201d deyib. [&hellip;]","og_url":"https:\/\/ictimai.az\/?p=8159","og_site_name":"\u0130CT\u0130MA\u0130.AZ","article_published_time":"2020-12-18T17:03:29+00:00","article_modified_time":"2020-12-18T17:30:15+00:00","og_image":[{"width":960,"height":638,"url":"https:\/\/ictimai.az\/core\/uploads\/2020\/12\/ictimai_c8bd1d262637ce3ae37167662faa20f0_k21w4i9exoqatgb5fvrm.jpg","type":"image\/jpeg"}],"author":"R\u0259\u015fad Bayramov","twitter_card":"summary_large_image","twitter_misc":{"Written by":"R\u0259\u015fad Bayramov","Est. reading time":"4 minutes"},"schema":{"@context":"https:\/\/schema.org","@graph":[{"@type":"Article","@id":"https:\/\/ictimai.az\/?p=8159#article","isPartOf":{"@id":"https:\/\/ictimai.az\/?p=8159"},"author":{"name":"R\u0259\u015fad Bayramov","@id":"https:\/\/ictimai.az\/#\/schema\/person\/1da94bf2c7ab5d83ad349237bec1e6af"},"headline":"Mill\u0259t v\u0259kili \u015f\u0259hid atas\u0131 il\u0259 g\u00f6r\u00fc\u015f\u00fcb","datePublished":"2020-12-18T17:03:29+00:00","dateModified":"2020-12-18T17:30:15+00:00","mainEntityOfPage":{"@id":"https:\/\/ictimai.az\/?p=8159"},"wordCount":839,"publisher":{"@id":"https:\/\/ictimai.az\/#organization"},"image":{"@id":"https:\/\/ictimai.az\/?p=8159#primaryimage"},"thumbnailUrl":"https:\/\/ictimai.az\/core\/uploads\/2020\/12\/ictimai_c8bd1d262637ce3ae37167662faa20f0_k21w4i9exoqatgb5fvrm.jpg","articleSection":["G\u00fcnd\u0259m"],"inLanguage":"az"},{"@type":"WebPage","@id":"https:\/\/ictimai.az\/?p=8159","url":"https:\/\/ictimai.az\/?p=8159","name":"Mill\u0259t v\u0259kili \u015f\u0259hid atas\u0131 il\u0259 g\u00f6r\u00fc\u015f\u00fcb - \u0130CT\u0130MA\u0130.AZ","isPartOf":{"@id":"https:\/\/ictimai.az\/#website"},"primaryImageOfPage":{"@id":"https:\/\/ictimai.az\/?p=8159#primaryimage"},"image":{"@id":"https:\/\/ictimai.az\/?p=8159#primaryimage"},"thumbnailUrl":"https:\/\/ictimai.az\/core\/uploads\/2020\/12\/ictimai_c8bd1d262637ce3ae37167662faa20f0_k21w4i9exoqatgb5fvrm.jpg","datePublished":"2020-12-18T17:03:29+00:00","dateModified":"2020-12-18T17:30:15+00:00","breadcrumb":{"@id":"https:\/\/ictimai.az\/?p=8159#breadcrumb"},"inLanguage":"az","potentialAction":[{"@type":"ReadAction","target":["https:\/\/ictimai.az\/?p=8159"]}]},{"@type":"ImageObject","inLanguage":"az","@id":"https:\/\/ictimai.az\/?p=8159#primaryimage","url":"https:\/\/ictimai.az\/core\/uploads\/2020\/12\/ictimai_c8bd1d262637ce3ae37167662faa20f0_k21w4i9exoqatgb5fvrm.jpg","contentUrl":"https:\/\/ictimai.az\/core\/uploads\/2020\/12\/ictimai_c8bd1d262637ce3ae37167662faa20f0_k21w4i9exoqatgb5fvrm.jpg","width":960,"height":638},{"@type":"BreadcrumbList","@id":"https:\/\/ictimai.az\/?p=8159#breadcrumb","itemListElement":[{"@type":"ListItem","position":1,"name":"Home","item":"https:\/\/ictimai.az\/"},{"@type":"ListItem","position":2,"name":"Mill\u0259t v\u0259kili \u015f\u0259hid atas\u0131 il\u0259 g\u00f6r\u00fc\u015f\u00fcb"}]},{"@type":"WebSite","@id":"https:\/\/ictimai.az\/#website","url":"https:\/\/ictimai.az\/","name":"\u0130CT\u0130MA\u0130.AZ","description":"","publisher":{"@id":"https:\/\/ictimai.az\/#organization"},"potentialAction":[{"@type":"SearchAction","target":{"@type":"EntryPoint","urlTemplate":"https:\/\/ictimai.az\/?s={search_term_string}"},"query-input":{"@type":"PropertyValueSpecification","valueRequired":true,"valueName":"search_term_string"}}],"inLanguage":"az"},{"@type":"Organization","@id":"https:\/\/ictimai.az\/#organization","name":"\u0130CT\u0130MA\u0130.AZ","url":"https:\/\/ictimai.az\/","logo":{"@type":"ImageObject","inLanguage":"az","@id":"https:\/\/ictimai.az\/#\/schema\/logo\/image\/","url":"https:\/\/ictimai.az\/core\/uploads\/2026\/06\/cropped-ictimai_0380d81099c6fe3baae753faceb5481f_p41rg2mzq0uyvextfh3k-768x768-1-3.png","contentUrl":"https:\/\/ictimai.az\/core\/uploads\/2026\/06\/cropped-ictimai_0380d81099c6fe3baae753faceb5481f_p41rg2mzq0uyvextfh3k-768x768-1-3.png","width":768,"height":768,"caption":"\u0130CT\u0130MA\u0130.AZ"},"image":{"@id":"https:\/\/ictimai.az\/#\/schema\/logo\/image\/"}},{"@type":"Person","@id":"https:\/\/ictimai.az\/#\/schema\/person\/1da94bf2c7ab5d83ad349237bec1e6af","name":"R\u0259\u015fad Bayramov","image":{"@type":"ImageObject","inLanguage":"az","@id":"https:\/\/secure.gravatar.com\/avatar\/83c075605ba0a4d35d59726aaad89cfa8008d1f01603342c56f1dd79784491bc?s=96&d=mm&r=g","url":"https:\/\/secure.gravatar.com\/avatar\/83c075605ba0a4d35d59726aaad89cfa8008d1f01603342c56f1dd79784491bc?s=96&d=mm&r=g","contentUrl":"https:\/\/secure.gravatar.com\/avatar\/83c075605ba0a4d35d59726aaad89cfa8008d1f01603342c56f1dd79784491bc?s=96&d=mm&r=g","caption":"R\u0259\u015fad Bayramov"},"sameAs":["https:\/\/ictimai.az\/"],"url":"https:\/\/ictimai.az\/?author=2"}]}},"_links":{"self":[{"href":"https:\/\/ictimai.az\/index.php?rest_route=\/wp\/v2\/posts\/8159","targetHints":{"allow":["GET"]}}],"collection":[{"href":"https:\/\/ictimai.az\/index.php?rest_route=\/wp\/v2\/posts"}],"about":[{"href":"https:\/\/ictimai.az\/index.php?rest_route=\/wp\/v2\/types\/post"}],"author":[{"embeddable":true,"href":"https:\/\/ictimai.az\/index.php?rest_route=\/wp\/v2\/users\/2"}],"replies":[{"embeddable":true,"href":"https:\/\/ictimai.az\/index.php?rest_route=%2Fwp%2Fv2%2Fcomments&post=8159"}],"version-history":[{"count":0,"href":"https:\/\/ictimai.az\/index.php?rest_route=\/wp\/v2\/posts\/8159\/revisions"}],"wp:featuredmedia":[{"embeddable":true,"href":"https:\/\/ictimai.az\/index.php?rest_route=\/wp\/v2\/media\/8161"}],"wp:attachment":[{"href":"https:\/\/ictimai.az\/index.php?rest_route=%2Fwp%2Fv2%2Fmedia&parent=8159"}],"wp:term":[{"taxonomy":"category","embeddable":true,"href":"https:\/\/ictimai.az\/index.php?rest_route=%2Fwp%2Fv2%2Fcategories&post=8159"},{"taxonomy":"post_tag","embeddable":true,"href":"https:\/\/ictimai.az\/index.php?rest_route=%2Fwp%2Fv2%2Ftags&post=8159"}],"curies":[{"name":"wp","href":"https:\/\/api.w.org\/{rel}","templated":true}]}}