{"id":8207,"date":"2020-12-21T12:11:10","date_gmt":"2020-12-21T08:11:10","guid":{"rendered":"https:\/\/ictimai.az\/?p=8207"},"modified":"2020-12-21T12:52:36","modified_gmt":"2020-12-21T08:52:36","slug":"polis-mulki-geyimde-de-karantin-rejiminin-pozucularina-qarsi-tedbir-gore-biler-resmi","status":"publish","type":"post","link":"https:\/\/ictimai.az\/?p=8207","title":{"rendered":"Polis m\u00fclki geyimd\u0259 d\u0259 karantin rejiminin pozucular\u0131na qar\u015f\u0131 t\u0259dbir g\u00f6r\u0259 bil\u0259r &#8211; R\u018fSM\u0130"},"content":{"rendered":"<p>Mu\u0308lki geyimli polis \u0259m\u0259kdas\u0327lar\u0131n\u0131n karantin rejim qaydalar\u0131 il\u0259 bag\u0306l\u0131 inzibati t\u0259nbeh t\u0259dbirl\u0259ri go\u0308rm\u0259si il\u0259 bag\u0306l\u0131 sosial s\u0327\u0259b\u0259k\u0259l\u0259rd\u0259 m\u0259lumatlar yay\u0131l\u0131r.<\/p>\n<p>\u0130ddia edilir ki, mu\u0308lki geyimli polis \u0259m\u0259kdas\u0327lar\u0131 onlar\u0131 saxlay\u0131b, bar\u0259l\u0259rind\u0259 t\u0259dbir go\u0308ru\u0308r.<\/p>\n<p>Bununla bag\u0306l\u0131 DI\u0307N M\u0259tbuat Xidm\u0259tinin KI\u0307V v\u0259 ictimaiyy\u0259tl\u0259 \u0259laq\u0259l\u0259r s\u0327o\u0308b\u0259sinin r\u0259isi, polis mayoru Els\u0327ad Hac\u0131yev\u00a0 a\u00e7\u0131qlamas\u0131nda bildirib ki, bununla ba\u011fl\u0131 h\u0259r hans\u0131 m\u0259hdudiyy\u0259t yoxdu:<\/p>\n<p>\u201cI\u0307ctimai qaydan\u0131n v\u0259 ictimai t\u0259hlu\u0308k\u0259sizliyin t\u0259min olunmas\u0131nda polis \u0259m\u0259kdas\u0327lar\u0131 xidm\u0259ti v\u0259 mu\u0308lki geyimd\u0259 f\u0259aliyy\u0259t go\u0308st\u0259r\u0259 bil\u0259r. Bununla bag\u0306l\u0131 h\u0259r hans\u0131 m\u0259hdudiyy\u0259t yoxdur.<\/p>\n<p>Koronavirus infeksiyas\u0131n\u0131n ku\u0308tl\u0259vi yay\u0131lmas\u0131n\u0131n qars\u0327\u0131s\u0131n\u0131n al\u0131nmas\u0131 m\u0259qs\u0259dil\u0259 qaydalara \u0259m\u0259l etm\u0259y\u0259n s\u0327\u0259xsl\u0259ri mu\u0308\u0259yy\u0259n etm\u0259k u\u0308c\u0327u\u0308n polis \u0259m\u0259kdas\u0327lar\u0131 qanundan ir\u0259li g\u0259l\u0259n bu t\u0259cru\u0308b\u0259d\u0259n istifad\u0259 edir.<\/p>\n<p>I\u0307nzibati x\u0259tan\u0131 as\u0327kar ed\u0259n mu\u0308lki geyimli polis \u0259m\u0259kdas\u0327\u0131 xidm\u0259ti v\u0259siq\u0259sini t\u0259qdim etm\u0259kl\u0259, inzibati x\u0259ta to\u0308r\u0259d\u0259n s\u0327\u0259xsi mu\u0308vafiq polis orqan\u0131na t\u0259hvil verir.<\/p>\n<p>\u018fsas\u0259n tibbi maskalardan istifad\u0259 etm\u0259y\u0259n, sosial m\u0259saf\u0259ni go\u0308zl\u0259m\u0259y\u0259n, aktiv koronavirus x\u0259st\u0259l\u0259rinin profilaktikas\u0131nda epidemiya \u0259leyhin\u0259 rejimin, sanitariya-gigiyena karantin rejiml\u0259rinin pozulmas\u0131na z\u0259min yaradan s\u0327\u0259xsl\u0259r as\u0327karlanaraq, bar\u0259l\u0259rind\u0259 qanunvericiliy\u0259 uyg\u0306un t\u0259dbirl\u0259r\u00a0go\u0308ru\u0308lu\u0308r\u201d.<\/p>\n","protected":false},"excerpt":{"rendered":"<p>Mu\u0308lki geyimli polis \u0259m\u0259kdas\u0327lar\u0131n\u0131n karantin rejim qaydalar\u0131 il\u0259 bag\u0306l\u0131 inzibati t\u0259nbeh t\u0259dbirl\u0259ri go\u0308rm\u0259si il\u0259 bag\u0306l\u0131 sosial s\u0327\u0259b\u0259k\u0259l\u0259rd\u0259 m\u0259lumatlar yay\u0131l\u0131r. \u0130ddia edilir ki, mu\u0308lki geyimli polis \u0259m\u0259kdas\u0327lar\u0131 onlar\u0131 saxlay\u0131b, bar\u0259l\u0259rind\u0259 t\u0259dbir go\u0308ru\u0308r. Bununla bag\u0306l\u0131 DI\u0307N M\u0259tbuat Xidm\u0259tinin KI\u0307V v\u0259 ictimaiyy\u0259tl\u0259 \u0259laq\u0259l\u0259r s\u0327o\u0308b\u0259sinin r\u0259isi, polis mayoru Els\u0327ad Hac\u0131yev\u00a0 a\u00e7\u0131qlamas\u0131nda bildirib ki, bununla ba\u011fl\u0131 h\u0259r hans\u0131 m\u0259hdudiyy\u0259t yoxdu: [&hellip;]<\/p>\n","protected":false},"author":2,"featured_media":8208,"comment_status":"closed","ping_status":"closed","sticky":false,"template":"","format":"standard","meta":{"footnotes":""},"categories":[2],"tags":[],"class_list":["post-8207","post","type-post","status-publish","format-standard","has-post-thumbnail","hentry","category-trend"],"yoast_head":"<!-- This site is optimized with the Yoast SEO plugin v28.2 - https:\/\/yoast.com\/product\/yoast-seo-wordpress\/ -->\n<title>Polis m\u00fclki geyimd\u0259 d\u0259 karantin rejiminin pozucular\u0131na qar\u015f\u0131 t\u0259dbir g\u00f6r\u0259 bil\u0259r - R\u018fSM\u0130 - \u0130CT\u0130MA\u0130.AZ<\/title>\n<meta name=\"robots\" content=\"index, follow, max-snippet:-1, max-image-preview:large, max-video-preview:-1\" \/>\n<link rel=\"canonical\" href=\"https:\/\/ictimai.az\/?p=8207\" \/>\n<meta property=\"og:locale\" content=\"az_AZ\" \/>\n<meta property=\"og:type\" content=\"article\" \/>\n<meta property=\"og:title\" content=\"Polis m\u00fclki geyimd\u0259 d\u0259 karantin rejiminin pozucular\u0131na qar\u015f\u0131 t\u0259dbir g\u00f6r\u0259 bil\u0259r - R\u018fSM\u0130 - \u0130CT\u0130MA\u0130.AZ\" \/>\n<meta property=\"og:description\" content=\"Mu\u0308lki geyimli polis \u0259m\u0259kdas\u0327lar\u0131n\u0131n karantin rejim qaydalar\u0131 il\u0259 bag\u0306l\u0131 inzibati t\u0259nbeh t\u0259dbirl\u0259ri go\u0308rm\u0259si il\u0259 bag\u0306l\u0131 sosial s\u0327\u0259b\u0259k\u0259l\u0259rd\u0259 m\u0259lumatlar yay\u0131l\u0131r. \u0130ddia edilir ki, mu\u0308lki geyimli polis \u0259m\u0259kdas\u0327lar\u0131 onlar\u0131 saxlay\u0131b, bar\u0259l\u0259rind\u0259 t\u0259dbir go\u0308ru\u0308r. Bununla bag\u0306l\u0131 DI\u0307N M\u0259tbuat Xidm\u0259tinin KI\u0307V v\u0259 ictimaiyy\u0259tl\u0259 \u0259laq\u0259l\u0259r s\u0327o\u0308b\u0259sinin r\u0259isi, polis mayoru Els\u0327ad Hac\u0131yev\u00a0 a\u00e7\u0131qlamas\u0131nda bildirib ki, bununla ba\u011fl\u0131 h\u0259r hans\u0131 m\u0259hdudiyy\u0259t yoxdu: [&hellip;]\" \/>\n<meta property=\"og:url\" content=\"https:\/\/ictimai.az\/?p=8207\" \/>\n<meta property=\"og:site_name\" content=\"\u0130CT\u0130MA\u0130.AZ\" \/>\n<meta property=\"article:published_time\" content=\"2020-12-21T08:11:10+00:00\" \/>\n<meta property=\"article:modified_time\" content=\"2020-12-21T08:52:36+00:00\" \/>\n<meta property=\"og:image\" content=\"https:\/\/ictimai.az\/core\/uploads\/2020\/12\/ictimai_8dc1c86d9b639de31c0fc92131a2beeb_mb5gyeirj7lw3fh64vnz.jpg\" \/>\n\t<meta property=\"og:image:width\" content=\"620\" \/>\n\t<meta property=\"og:image:height\" content=\"335\" \/>\n\t<meta property=\"og:image:type\" content=\"image\/jpeg\" \/>\n<meta name=\"author\" content=\"R\u0259\u015fad Bayramov\" \/>\n<meta name=\"twitter:card\" content=\"summary_large_image\" \/>\n<meta name=\"twitter:label1\" content=\"Written by\" \/>\n\t<meta name=\"twitter:data1\" content=\"R\u0259\u015fad Bayramov\" \/>\n\t<meta name=\"twitter:label2\" content=\"Est. reading time\" \/>\n\t<meta name=\"twitter:data2\" content=\"1 minute\" \/>\n<script type=\"application\/ld+json\" class=\"yoast-schema-graph\">{\"@context\":\"https:\\\/\\\/schema.org\",\"@graph\":[{\"@type\":\"Article\",\"@id\":\"https:\\\/\\\/ictimai.az\\\/?p=8207#article\",\"isPartOf\":{\"@id\":\"https:\\\/\\\/ictimai.az\\\/?p=8207\"},\"author\":{\"name\":\"R\u0259\u015fad Bayramov\",\"@id\":\"https:\\\/\\\/ictimai.az\\\/#\\\/schema\\\/person\\\/1da94bf2c7ab5d83ad349237bec1e6af\"},\"headline\":\"Polis m\u00fclki geyimd\u0259 d\u0259 karantin rejiminin pozucular\u0131na qar\u015f\u0131 t\u0259dbir g\u00f6r\u0259 bil\u0259r &#8211; R\u018fSM\u0130\",\"datePublished\":\"2020-12-21T08:11:10+00:00\",\"dateModified\":\"2020-12-21T08:52:36+00:00\",\"mainEntityOfPage\":{\"@id\":\"https:\\\/\\\/ictimai.az\\\/?p=8207\"},\"wordCount\":315,\"publisher\":{\"@id\":\"https:\\\/\\\/ictimai.az\\\/#organization\"},\"image\":{\"@id\":\"https:\\\/\\\/ictimai.az\\\/?p=8207#primaryimage\"},\"thumbnailUrl\":\"https:\\\/\\\/ictimai.az\\\/core\\\/uploads\\\/2020\\\/12\\\/ictimai_8dc1c86d9b639de31c0fc92131a2beeb_mb5gyeirj7lw3fh64vnz.jpg\",\"articleSection\":[\"G\u00fcnd\u0259m\"],\"inLanguage\":\"az\"},{\"@type\":\"WebPage\",\"@id\":\"https:\\\/\\\/ictimai.az\\\/?p=8207\",\"url\":\"https:\\\/\\\/ictimai.az\\\/?p=8207\",\"name\":\"Polis m\u00fclki geyimd\u0259 d\u0259 karantin rejiminin pozucular\u0131na qar\u015f\u0131 t\u0259dbir g\u00f6r\u0259 bil\u0259r - R\u018fSM\u0130 - \u0130CT\u0130MA\u0130.AZ\",\"isPartOf\":{\"@id\":\"https:\\\/\\\/ictimai.az\\\/#website\"},\"primaryImageOfPage\":{\"@id\":\"https:\\\/\\\/ictimai.az\\\/?p=8207#primaryimage\"},\"image\":{\"@id\":\"https:\\\/\\\/ictimai.az\\\/?p=8207#primaryimage\"},\"thumbnailUrl\":\"https:\\\/\\\/ictimai.az\\\/core\\\/uploads\\\/2020\\\/12\\\/ictimai_8dc1c86d9b639de31c0fc92131a2beeb_mb5gyeirj7lw3fh64vnz.jpg\",\"datePublished\":\"2020-12-21T08:11:10+00:00\",\"dateModified\":\"2020-12-21T08:52:36+00:00\",\"breadcrumb\":{\"@id\":\"https:\\\/\\\/ictimai.az\\\/?p=8207#breadcrumb\"},\"inLanguage\":\"az\",\"potentialAction\":[{\"@type\":\"ReadAction\",\"target\":[\"https:\\\/\\\/ictimai.az\\\/?p=8207\"]}]},{\"@type\":\"ImageObject\",\"inLanguage\":\"az\",\"@id\":\"https:\\\/\\\/ictimai.az\\\/?p=8207#primaryimage\",\"url\":\"https:\\\/\\\/ictimai.az\\\/core\\\/uploads\\\/2020\\\/12\\\/ictimai_8dc1c86d9b639de31c0fc92131a2beeb_mb5gyeirj7lw3fh64vnz.jpg\",\"contentUrl\":\"https:\\\/\\\/ictimai.az\\\/core\\\/uploads\\\/2020\\\/12\\\/ictimai_8dc1c86d9b639de31c0fc92131a2beeb_mb5gyeirj7lw3fh64vnz.jpg\",\"width\":620,\"height\":335},{\"@type\":\"BreadcrumbList\",\"@id\":\"https:\\\/\\\/ictimai.az\\\/?p=8207#breadcrumb\",\"itemListElement\":[{\"@type\":\"ListItem\",\"position\":1,\"name\":\"Home\",\"item\":\"https:\\\/\\\/ictimai.az\\\/\"},{\"@type\":\"ListItem\",\"position\":2,\"name\":\"Polis m\u00fclki geyimd\u0259 d\u0259 karantin rejiminin pozucular\u0131na qar\u015f\u0131 t\u0259dbir g\u00f6r\u0259 bil\u0259r &#8211; R\u018fSM\u0130\"}]},{\"@type\":\"WebSite\",\"@id\":\"https:\\\/\\\/ictimai.az\\\/#website\",\"url\":\"https:\\\/\\\/ictimai.az\\\/\",\"name\":\"\u0130CT\u0130MA\u0130.AZ\",\"description\":\"\",\"publisher\":{\"@id\":\"https:\\\/\\\/ictimai.az\\\/#organization\"},\"potentialAction\":[{\"@type\":\"SearchAction\",\"target\":{\"@type\":\"EntryPoint\",\"urlTemplate\":\"https:\\\/\\\/ictimai.az\\\/?s={search_term_string}\"},\"query-input\":{\"@type\":\"PropertyValueSpecification\",\"valueRequired\":true,\"valueName\":\"search_term_string\"}}],\"inLanguage\":\"az\"},{\"@type\":\"Organization\",\"@id\":\"https:\\\/\\\/ictimai.az\\\/#organization\",\"name\":\"\u0130CT\u0130MA\u0130.AZ\",\"url\":\"https:\\\/\\\/ictimai.az\\\/\",\"logo\":{\"@type\":\"ImageObject\",\"inLanguage\":\"az\",\"@id\":\"https:\\\/\\\/ictimai.az\\\/#\\\/schema\\\/logo\\\/image\\\/\",\"url\":\"https:\\\/\\\/ictimai.az\\\/core\\\/uploads\\\/2026\\\/06\\\/cropped-ictimai_0380d81099c6fe3baae753faceb5481f_p41rg2mzq0uyvextfh3k-768x768-1-3.png\",\"contentUrl\":\"https:\\\/\\\/ictimai.az\\\/core\\\/uploads\\\/2026\\\/06\\\/cropped-ictimai_0380d81099c6fe3baae753faceb5481f_p41rg2mzq0uyvextfh3k-768x768-1-3.png\",\"width\":768,\"height\":768,\"caption\":\"\u0130CT\u0130MA\u0130.AZ\"},\"image\":{\"@id\":\"https:\\\/\\\/ictimai.az\\\/#\\\/schema\\\/logo\\\/image\\\/\"}},{\"@type\":\"Person\",\"@id\":\"https:\\\/\\\/ictimai.az\\\/#\\\/schema\\\/person\\\/1da94bf2c7ab5d83ad349237bec1e6af\",\"name\":\"R\u0259\u015fad Bayramov\",\"image\":{\"@type\":\"ImageObject\",\"inLanguage\":\"az\",\"@id\":\"https:\\\/\\\/secure.gravatar.com\\\/avatar\\\/83c075605ba0a4d35d59726aaad89cfa8008d1f01603342c56f1dd79784491bc?s=96&d=mm&r=g\",\"url\":\"https:\\\/\\\/secure.gravatar.com\\\/avatar\\\/83c075605ba0a4d35d59726aaad89cfa8008d1f01603342c56f1dd79784491bc?s=96&d=mm&r=g\",\"contentUrl\":\"https:\\\/\\\/secure.gravatar.com\\\/avatar\\\/83c075605ba0a4d35d59726aaad89cfa8008d1f01603342c56f1dd79784491bc?s=96&d=mm&r=g\",\"caption\":\"R\u0259\u015fad Bayramov\"},\"sameAs\":[\"https:\\\/\\\/ictimai.az\\\/\"],\"url\":\"https:\\\/\\\/ictimai.az\\\/?author=2\"}]}<\/script>\n<!-- \/ Yoast SEO plugin. -->","yoast_head_json":{"title":"Polis m\u00fclki geyimd\u0259 d\u0259 karantin rejiminin pozucular\u0131na qar\u015f\u0131 t\u0259dbir g\u00f6r\u0259 bil\u0259r - R\u018fSM\u0130 - \u0130CT\u0130MA\u0130.AZ","robots":{"index":"index","follow":"follow","max-snippet":"max-snippet:-1","max-image-preview":"max-image-preview:large","max-video-preview":"max-video-preview:-1"},"canonical":"https:\/\/ictimai.az\/?p=8207","og_locale":"az_AZ","og_type":"article","og_title":"Polis m\u00fclki geyimd\u0259 d\u0259 karantin rejiminin pozucular\u0131na qar\u015f\u0131 t\u0259dbir g\u00f6r\u0259 bil\u0259r - R\u018fSM\u0130 - \u0130CT\u0130MA\u0130.AZ","og_description":"Mu\u0308lki geyimli polis \u0259m\u0259kdas\u0327lar\u0131n\u0131n karantin rejim qaydalar\u0131 il\u0259 bag\u0306l\u0131 inzibati t\u0259nbeh t\u0259dbirl\u0259ri go\u0308rm\u0259si il\u0259 bag\u0306l\u0131 sosial s\u0327\u0259b\u0259k\u0259l\u0259rd\u0259 m\u0259lumatlar yay\u0131l\u0131r. \u0130ddia edilir ki, mu\u0308lki geyimli polis \u0259m\u0259kdas\u0327lar\u0131 onlar\u0131 saxlay\u0131b, bar\u0259l\u0259rind\u0259 t\u0259dbir go\u0308ru\u0308r. Bununla bag\u0306l\u0131 DI\u0307N M\u0259tbuat Xidm\u0259tinin KI\u0307V v\u0259 ictimaiyy\u0259tl\u0259 \u0259laq\u0259l\u0259r s\u0327o\u0308b\u0259sinin r\u0259isi, polis mayoru Els\u0327ad Hac\u0131yev\u00a0 a\u00e7\u0131qlamas\u0131nda bildirib ki, bununla ba\u011fl\u0131 h\u0259r hans\u0131 m\u0259hdudiyy\u0259t yoxdu: [&hellip;]","og_url":"https:\/\/ictimai.az\/?p=8207","og_site_name":"\u0130CT\u0130MA\u0130.AZ","article_published_time":"2020-12-21T08:11:10+00:00","article_modified_time":"2020-12-21T08:52:36+00:00","og_image":[{"width":620,"height":335,"url":"https:\/\/ictimai.az\/core\/uploads\/2020\/12\/ictimai_8dc1c86d9b639de31c0fc92131a2beeb_mb5gyeirj7lw3fh64vnz.jpg","type":"image\/jpeg"}],"author":"R\u0259\u015fad Bayramov","twitter_card":"summary_large_image","twitter_misc":{"Written by":"R\u0259\u015fad Bayramov","Est. reading time":"1 minute"},"schema":{"@context":"https:\/\/schema.org","@graph":[{"@type":"Article","@id":"https:\/\/ictimai.az\/?p=8207#article","isPartOf":{"@id":"https:\/\/ictimai.az\/?p=8207"},"author":{"name":"R\u0259\u015fad Bayramov","@id":"https:\/\/ictimai.az\/#\/schema\/person\/1da94bf2c7ab5d83ad349237bec1e6af"},"headline":"Polis m\u00fclki geyimd\u0259 d\u0259 karantin rejiminin pozucular\u0131na qar\u015f\u0131 t\u0259dbir g\u00f6r\u0259 bil\u0259r &#8211; R\u018fSM\u0130","datePublished":"2020-12-21T08:11:10+00:00","dateModified":"2020-12-21T08:52:36+00:00","mainEntityOfPage":{"@id":"https:\/\/ictimai.az\/?p=8207"},"wordCount":315,"publisher":{"@id":"https:\/\/ictimai.az\/#organization"},"image":{"@id":"https:\/\/ictimai.az\/?p=8207#primaryimage"},"thumbnailUrl":"https:\/\/ictimai.az\/core\/uploads\/2020\/12\/ictimai_8dc1c86d9b639de31c0fc92131a2beeb_mb5gyeirj7lw3fh64vnz.jpg","articleSection":["G\u00fcnd\u0259m"],"inLanguage":"az"},{"@type":"WebPage","@id":"https:\/\/ictimai.az\/?p=8207","url":"https:\/\/ictimai.az\/?p=8207","name":"Polis m\u00fclki geyimd\u0259 d\u0259 karantin rejiminin pozucular\u0131na qar\u015f\u0131 t\u0259dbir g\u00f6r\u0259 bil\u0259r - R\u018fSM\u0130 - \u0130CT\u0130MA\u0130.AZ","isPartOf":{"@id":"https:\/\/ictimai.az\/#website"},"primaryImageOfPage":{"@id":"https:\/\/ictimai.az\/?p=8207#primaryimage"},"image":{"@id":"https:\/\/ictimai.az\/?p=8207#primaryimage"},"thumbnailUrl":"https:\/\/ictimai.az\/core\/uploads\/2020\/12\/ictimai_8dc1c86d9b639de31c0fc92131a2beeb_mb5gyeirj7lw3fh64vnz.jpg","datePublished":"2020-12-21T08:11:10+00:00","dateModified":"2020-12-21T08:52:36+00:00","breadcrumb":{"@id":"https:\/\/ictimai.az\/?p=8207#breadcrumb"},"inLanguage":"az","potentialAction":[{"@type":"ReadAction","target":["https:\/\/ictimai.az\/?p=8207"]}]},{"@type":"ImageObject","inLanguage":"az","@id":"https:\/\/ictimai.az\/?p=8207#primaryimage","url":"https:\/\/ictimai.az\/core\/uploads\/2020\/12\/ictimai_8dc1c86d9b639de31c0fc92131a2beeb_mb5gyeirj7lw3fh64vnz.jpg","contentUrl":"https:\/\/ictimai.az\/core\/uploads\/2020\/12\/ictimai_8dc1c86d9b639de31c0fc92131a2beeb_mb5gyeirj7lw3fh64vnz.jpg","width":620,"height":335},{"@type":"BreadcrumbList","@id":"https:\/\/ictimai.az\/?p=8207#breadcrumb","itemListElement":[{"@type":"ListItem","position":1,"name":"Home","item":"https:\/\/ictimai.az\/"},{"@type":"ListItem","position":2,"name":"Polis m\u00fclki geyimd\u0259 d\u0259 karantin rejiminin pozucular\u0131na qar\u015f\u0131 t\u0259dbir g\u00f6r\u0259 bil\u0259r &#8211; R\u018fSM\u0130"}]},{"@type":"WebSite","@id":"https:\/\/ictimai.az\/#website","url":"https:\/\/ictimai.az\/","name":"\u0130CT\u0130MA\u0130.AZ","description":"","publisher":{"@id":"https:\/\/ictimai.az\/#organization"},"potentialAction":[{"@type":"SearchAction","target":{"@type":"EntryPoint","urlTemplate":"https:\/\/ictimai.az\/?s={search_term_string}"},"query-input":{"@type":"PropertyValueSpecification","valueRequired":true,"valueName":"search_term_string"}}],"inLanguage":"az"},{"@type":"Organization","@id":"https:\/\/ictimai.az\/#organization","name":"\u0130CT\u0130MA\u0130.AZ","url":"https:\/\/ictimai.az\/","logo":{"@type":"ImageObject","inLanguage":"az","@id":"https:\/\/ictimai.az\/#\/schema\/logo\/image\/","url":"https:\/\/ictimai.az\/core\/uploads\/2026\/06\/cropped-ictimai_0380d81099c6fe3baae753faceb5481f_p41rg2mzq0uyvextfh3k-768x768-1-3.png","contentUrl":"https:\/\/ictimai.az\/core\/uploads\/2026\/06\/cropped-ictimai_0380d81099c6fe3baae753faceb5481f_p41rg2mzq0uyvextfh3k-768x768-1-3.png","width":768,"height":768,"caption":"\u0130CT\u0130MA\u0130.AZ"},"image":{"@id":"https:\/\/ictimai.az\/#\/schema\/logo\/image\/"}},{"@type":"Person","@id":"https:\/\/ictimai.az\/#\/schema\/person\/1da94bf2c7ab5d83ad349237bec1e6af","name":"R\u0259\u015fad Bayramov","image":{"@type":"ImageObject","inLanguage":"az","@id":"https:\/\/secure.gravatar.com\/avatar\/83c075605ba0a4d35d59726aaad89cfa8008d1f01603342c56f1dd79784491bc?s=96&d=mm&r=g","url":"https:\/\/secure.gravatar.com\/avatar\/83c075605ba0a4d35d59726aaad89cfa8008d1f01603342c56f1dd79784491bc?s=96&d=mm&r=g","contentUrl":"https:\/\/secure.gravatar.com\/avatar\/83c075605ba0a4d35d59726aaad89cfa8008d1f01603342c56f1dd79784491bc?s=96&d=mm&r=g","caption":"R\u0259\u015fad Bayramov"},"sameAs":["https:\/\/ictimai.az\/"],"url":"https:\/\/ictimai.az\/?author=2"}]}},"_links":{"self":[{"href":"https:\/\/ictimai.az\/index.php?rest_route=\/wp\/v2\/posts\/8207","targetHints":{"allow":["GET"]}}],"collection":[{"href":"https:\/\/ictimai.az\/index.php?rest_route=\/wp\/v2\/posts"}],"about":[{"href":"https:\/\/ictimai.az\/index.php?rest_route=\/wp\/v2\/types\/post"}],"author":[{"embeddable":true,"href":"https:\/\/ictimai.az\/index.php?rest_route=\/wp\/v2\/users\/2"}],"replies":[{"embeddable":true,"href":"https:\/\/ictimai.az\/index.php?rest_route=%2Fwp%2Fv2%2Fcomments&post=8207"}],"version-history":[{"count":0,"href":"https:\/\/ictimai.az\/index.php?rest_route=\/wp\/v2\/posts\/8207\/revisions"}],"wp:featuredmedia":[{"embeddable":true,"href":"https:\/\/ictimai.az\/index.php?rest_route=\/wp\/v2\/media\/8208"}],"wp:attachment":[{"href":"https:\/\/ictimai.az\/index.php?rest_route=%2Fwp%2Fv2%2Fmedia&parent=8207"}],"wp:term":[{"taxonomy":"category","embeddable":true,"href":"https:\/\/ictimai.az\/index.php?rest_route=%2Fwp%2Fv2%2Fcategories&post=8207"},{"taxonomy":"post_tag","embeddable":true,"href":"https:\/\/ictimai.az\/index.php?rest_route=%2Fwp%2Fv2%2Ftags&post=8207"}],"curies":[{"name":"wp","href":"https:\/\/api.w.org\/{rel}","templated":true}]}}