{"id":8294,"date":"2020-12-23T21:07:26","date_gmt":"2020-12-23T17:07:26","guid":{"rendered":"https:\/\/ictimai.az\/?p=8294"},"modified":"2020-12-24T03:17:25","modified_gmt":"2020-12-23T23:17:25","slug":"azerbaycanlilarin-1948-1953-cu-iller-deportasiyasi-nece-bas-verdi-ii-yazi","status":"publish","type":"post","link":"https:\/\/ictimai.az\/?p=8294","title":{"rendered":"Az\u0259rbaycanl\u0131lar\u0131n 1948-1953-c\u00fc ill\u0259r deportasiyas\u0131 nec\u0259 ba\u015f verdi? \u2013 II YAZI"},"content":{"rendered":"<p><strong>\u018fziz \u018fl\u0259kb\u0259rli<\/strong><\/p>\n<p><strong><a href=\"https:\/\/modern.az\/az\/news\/270469\/azerbaycanlilarin-1948-1953-cu-iller-deportasiyasi-nece-bas-verdi-i-yazi\">\u018fvv\u0259li burada\u2026<\/a><\/strong><\/p>\n<p><strong><br \/>\nMoskvan\u0131n erm\u0259nip\u0259r\u0259st oyunlar\u0131 v\u0259<\/strong>\u00a0<strong>Az\u0259rbaycan K(b)P MK-n\u0131n katibi M.C.Ba\u011f\u0131rovun c\u0259sar\u0259tli add\u0131m\u0131<\/strong><\/p>\n<p>Qr.Arutyunovun m\u0259ktubu is\u0259 bax\u0131lmaq \u00fc\u00e7\u00fcn \u0130.Stalin t\u0259r\u0259find\u0259n o vaxtk\u0131 \u00dc\u0130K(b)P MK katibi G.Malenkova \u00fcnvanlan\u0131r. G.Malenkov da \u00f6z n\u00f6vb\u0259sind\u0259 h\u0259min m\u0259ktuba m\u00fcnasib\u0259t bildirm\u0259k \u00fc\u00e7\u00fcn 28 noyabr 1945-ci il tarixind\u0259 onu\u00a0 Az\u0259rbaycan K(b)P MK-n\u0131n katibi M.C.Ba\u011f\u0131rova \u00fcnvanlay\u0131r.<\/p>\n<p>Malenkovun m\u0259ktubunun m\u0259tni:<\/p>\n<p><strong>\u00a0<\/strong><\/p>\n<p><strong>\u201cAz\u0259rbaycan K(b)P MK-n\u0131n katibi Ba\u011f\u0131rov yolda\u015fa<\/strong><\/p>\n<p>&nbsp;<\/p>\n<p><strong>Erm\u0259nistan K(b)P MK-n\u0131n katibi Arutyunov yolda\u015f haz\u0131rda Az\u0259rbaycan SSR-nin t\u0259rkibind\u0259 olan Da\u011fl\u0131q Qaraba\u011f vilay\u0259tinin Erm\u0259nistan SSR-nin t\u0259rkibin\u0259 qat\u0131lmas\u0131 haqq\u0131nda t\u0259klifi \u00dc\u0130K(b)P MK-n\u0131n m\u00fczakir\u0259sin\u0259 t\u0259qdim edib.<\/strong><\/p>\n<p><strong>Arutyunov yolda\u015f \u00f6z m\u0259ktubunda bu bar\u0259d\u0259 a\u015fa\u011f\u0131dak\u0131lar\u0131 yaz\u0131r:<\/strong><\/p>\n<p><strong>\u201c<\/strong><strong>Erm\u0259nistan \u0259razisin\u0259 biti\u015fik olan Da\u011fl\u0131q Qaraba\u011f Muxtar Vila\u00ady\u0259ti 1923-c\u00fc ild\u0259n Az\u0259rbaycan SSR-nin t\u0259rkibin\u0259 daxildir. Bu vi\u00adlay\u0259tin \u0259halisi \u0259sas\u0259n erm\u0259nil\u0259rdir. 153 min n\u0259f\u0259r \u0259halid\u0259n 137 mini erm\u0259nidir.<\/strong><\/p>\n<p><strong>Da\u011fl\u0131q Qaraba\u011f\u0131n k\u0259nd t\u0259s\u0259rr\u00fcfat\u0131 Erm\u0259nistan\u0131n da\u011fl\u0131q hiss\u0259\u00adsinin t\u0259s\u0259rr\u00fcfat\u0131 il\u0259 eyniyy\u0259t t\u0259\u015feil ed\u0131r. Da\u011fl\u0131q Qaraba\u011f\u0131n Erm\u0259\u00adnistan\u0131n t\u0259rkibin\u0259 daxil edilm\u0259si onun inki\u015faf\u0131na xeyli k\u00f6m\u0259klik g\u00f6st\u0259r\u0259r, t\u0259s\u0259rr\u00fcfata r\u0259hb\u0259rlik i\u015fini yax\u015f\u0131la\u015fd\u0131rard\u0131. Erm\u0259nistan\u0131n respublika orqanlar\u0131 t\u0259r\u0259find\u0259n r\u0259hb\u0259rlik \u015f\u0259raitind\u0259 \u0259haliy\u0259 ana dilind\u0259 m\u0259d\u0259ni-k\u00fctl\u0259vi v\u0259 siyasi xidm\u0259t i\u015fi daha da g\u00fccl\u0259n\u0259rdi.<\/strong><\/p>\n<p><strong>Da\u011fl\u0131q Qaraba\u011f vilay\u0259tinin Erm\u0259nistan\u0131n t\u0259rkibin\u0259 qat\u0131lmas\u0131 yerli kadrlara Erm\u0259nistan\u0131n ali m\u0259kt\u0259bl\u0259rind\u0259 \u00f6z t\u0259hsill\u0259rini da\u00advam etdirm\u0259y\u0259 imkan ver\u0259rdi. Dig\u0259r t\u0259r\u0259fd\u0259n, Erm\u0259nistan SSR Da\u011fl\u0131q Qaraba\u011fdan \u00f6z i\u015fg\u00fczarl\u0131\u011f\u0131 il\u0259 se\u00e7il\u0259n milli kadrlar \u0259ld\u0259 ed\u0259 bil\u0259rdi. Halbuki haz\u0131rda onlardan Az\u0259rbaycanda, t\u0259bii ki, tam is\u00adtifad\u0259 olunmas\u0131 m\u00fcmk\u00fcn deyil.<\/strong><\/p>\n<p><strong>Da\u011fl\u0131q Qaraba\u011f \u0259halisinin bu ist\u0259yind\u0259n \u00e7\u0131x\u0131\u015f ed\u0259r\u0259k, Erm\u0259\u00adnistan MK-s\u0131 v\u0259 Xalq Komissarlar\u0131 Soveti Az\u0259rbaycan SSR-nin Da\u011fl\u0131q Qaraba\u011f Muxtar Vilay\u0259tinin Qaraba\u011f vilay\u0259ti \u015f\u0259klind\u0259 Er\u00adm\u0259nistan SSR-nin t\u0259rkibin\u0259 qat\u0131lmas\u0131 t\u0259klifini \u00dc\u0130K(b)P MK-n\u0131n v\u0259 \u0130ttifaq H\u00f6kum\u0259tinin m\u00fczakir\u0259sin\u0259 t\u0259qdim edir.<\/strong><\/p>\n<p><strong>Bu m\u0259s\u0259l\u0259nin m\u00fcsb\u0259t h\u0259lli hal\u0131nda Erm\u0259nistan MK-s\u0131 v\u0259 Xalq Komissarlar\u0131 Soveti Qaraba\u011f\u0131n ke\u00e7mi\u015f m\u0259rk\u0259zi olan v\u0259 Sovet ha\u00adkimiyy\u0259tinin qurulmas\u0131 \u0259r\u0259f\u0259sind\u0259 da\u011f\u0131d\u0131lm\u0131\u015f \u015eu\u015fa \u015f\u0259h\u0259rinin b\u0259r\u00adpas\u0131 t\u0259klifi il\u0259 H\u00f6kum\u0259t\u0259 m\u00fcraci\u0259t ed\u0259c\u0259kdir.<\/strong><strong>\u201d<\/strong><\/p>\n<p><strong>Erm\u0259nistan K(b)P MK-n\u0131n t\u0259klifi il\u0259 \u0259laq\u0259dar Sizin r\u0259yinizi bilm\u0259k ist\u0259rdik.<\/strong><\/p>\n<p><strong>\u00dc\u0130K(b)P MK katibi MALENKOV<\/strong><\/p>\n<p><strong>NR 17, Moskva, 28.XI.1945-ci ii.\u201c<\/strong><\/p>\n<p>&nbsp;<\/p>\n<p>R\u0259y \u00fc\u00e7\u00fcn Az\u0259rbaycana g\u00f6nd\u0259ril\u0259n h\u0259min m\u0259ktuba G.Malenkova 10 dekabr 1945-ci il tarixli cavab\u0131nda M.C.Ba\u011f\u0131rov o vaxt \u00fc\u00e7\u00fcn \u00e7ox risqli add\u0131m ataraq, \u201ctam m\u0259xfi\u201d qrifi il\u0259 Qaraba\u011f\u0131n Az\u0259rbaycan\u0131n ayr\u0131lmaz hiss\u0259si oldu\u011funu xat\u0131rlad\u0131r v\u0259 Da\u011fl\u0131q Qaraba\u011f\u0131n Erm\u0259nistana veril\u0259c\u0259yi t\u0259qdird\u0259 Erm\u0259nistanda qalan \u018fzizb\u0259yov, Vedi v\u0259 Qaraba\u011flar rayonlar\u0131n\u0131n da Az\u0259rabycan SSR-in t\u0259rkibin\u0259 verilm\u0259si m\u0259s\u0259l\u0259sin\u0259 bax\u0131lmal\u0131 oldu\u011funu bildirir, \u00fcst\u0259lik,\u00a0 D\u0259rb\u0259nd, Bor\u00e7al\u0131 b\u00f6lg\u0259l\u0259rinin d\u0259 Rusiya v\u0259 G\u00fcrc\u00fcstandan al\u0131n\u0131b Az\u0259rbaycana verilm\u0259li oldu\u011funa i\u015far\u0259 vurur.<\/p>\n<p>M.C.Ba\u011f\u0131rovun h\u0259min m\u0259ktubunun tam m\u0259tnini t\u0259qdim edirik:<\/p>\n<p>&nbsp;<\/p>\n<p><strong>\u201cTam m\u0259xfidir<br \/>\nMa<\/strong><strong>l<\/strong><strong>enkov yo<\/strong><strong>l<\/strong><strong>da\u015fa<\/strong><\/p>\n<p><strong>\u00a0<\/strong><\/p>\n<p><strong>Erm\u0259nistan Kommunist (bol\u015fevikl\u0259r) Partiyas\u0131 MK-n\u0131n katibi Arutyunov yolda\u015f\u0131n Da\u011fl\u0131q Qaraba\u011f Muxtar Vilay\u0259tinin Erm\u0259nis\u00adtan SSR-nin t\u0259rkibin\u0259 daxil edilm\u0259si haqq\u0131nda t\u0259klifi il\u0259 \u0259laq\u0259dar Sizin teleqram\u0131n\u0131za cavab olaraq m\u0259lumat verir\u0259m:<\/strong><\/p>\n<p><strong>Da\u011fl\u0131q Qaraba\u011f Muxtar Vilay\u0259tinin \u0259razisi q\u0259dim zamanlar\u00addan, m\u0259rk\u0259zi 1747-ci ild\u0259 Qaraba\u011fl\u0131 P\u0259nah xan t\u0259r\u0259find\u0259n qala ki\u00admi tikdirilmi\u015f P\u0259nahabad \u015f\u0259h\u0259ri olan Qaraba\u011f xanl\u0131\u011f\u0131n\u0131n t\u0259rki\u00adbind\u0259 olmu\u015fdur.<\/strong><\/p>\n<p><strong>1826-<\/strong><strong>c\u0131 ild\u0259 Qaraba\u011f \u00e7ar Rusiyas\u0131na birl\u0259\u015fdirilmi\u015fdir. Sonralar indiki Da\u011fl\u0131q Qaraba\u011f Muxtar Vilay\u0259tinin \u0259razisi Yelizavetpol qu\u00adberniyas\u0131n\u0131n \u015eu\u015fa, Cavan\u015fir, Qaryagin v\u0259 Qubadl\u0131 q\u0259zalar\u0131n\u0131n t\u0259rkibind\u0259 olmu\u015fdur.<\/strong><\/p>\n<p><strong>1918-<\/strong><strong>1920-ci ill\u0259rd\u0259 m\u00fcsavat\u00e7\u0131lar\u0131n Az\u0259rbaycanda v\u0259 da\u015fnak\u00adlar\u0131n Erm\u0259nistanda a\u011fal\u0131\u011f\u0131 d\u00f6vr\u00fcnd\u0259 m\u00fcsavat h\u00f6kum\u0259ti t\u0259r\u0259fin\u00add\u0259n m\u0259rk\u0259zi \u015eu\u015fa (ke\u00e7mi\u015f P\u0259nahabad) \u015f\u0259h\u0259ri olan general-quber- natorluq t\u0259\u015fkil etmi\u015fdir.<\/strong><\/p>\n<p><strong>M\u00fcsavat\u00e7\u0131lar v\u0259 da\u015fnaklar t\u0259r\u0259fid\u0259n t\u0259\u015fkil olunmu\u015f mill\u0259tl\u0259ra- ras\u0131 q\u0131r\u011f\u0131n\u0131n n\u0259tic\u0259sind\u0259 Az\u0259rbaycan\u0131n v\u0259 Erm\u0259nistan\u0131n bir \u00e7ox \u015f\u0259h\u0259rl\u0259ri kimi \u015eu\u015fa da da\u011f\u0131d\u0131lm\u0131\u015f v\u0259 xarabal\u0131\u011fa \u00e7evrilmi\u015fdir.<\/strong><\/p>\n<p><strong>1920-<\/strong><strong>ci ild\u0259 Az\u0259rabycanda Sovet hakimiyy\u0259ti qurulduqdan son\u00adra ilk d\u00f6vrl\u0259rd\u0259 b\u00fct\u00fcn Qaraba\u011f\u0131n t\u0259s\u0259rr\u00fcfat-siyasi h\u0259yat\u0131na r\u0259h\u00adb\u0259rlik vahid Vilay\u0259t \u0130nqilab Komit\u0259si t\u0259r\u0259find\u0259n h\u0259yata ke\u00e7irilirdi.<\/strong><\/p>\n<p><strong>1923-<\/strong><strong>c\u00fc ild\u0259 Qaraba\u011f\u0131n \u0259sas\u0259n erm\u0259nil\u0259rin m\u0259skunla\u015fd\u0131\u011f\u0131 da\u011fl\u0131q hiss\u0259sinin Erm\u0259nistan SSR-\u0259 birl\u0259\u015fdirilm\u0259si m\u0259s\u0259l\u0259si qald\u0131r\u0131ld\u0131. La\u00adkin bu \u0259razinin Erm\u0259nistan SSR il\u0259 \u00fcmumi s\u0259rh\u0259dl\u0259rinin olmamas\u0131 v\u0259 Erm\u0259nistandan yaln\u0131z az\u0259rbaycanl\u0131lar\u0131n ya\u015fad\u0131\u011f\u0131 Qubadl\u0131, La\u00e7\u0131n, K\u0259lb\u0259c\u0259r v\u0259 D\u0259st\u0259fur rayonlar\u0131 il\u0259 ayr\u0131lmas\u0131 s\u0259b\u0259bind\u0259n, partiya or\u00adqanlar\u0131n\u0131n g\u00f6st\u0259ri\u015fi \u0259sas\u0131nda Az\u0259rbacan M\u0259rk\u0259zi \u0130craiyy\u0259 Komit\u0259\u00adsinin 7 iyul 1923-c\u00fc il tarixli dekreti il\u0259 m\u0259rk\u0259zi Xank\u0259ndi, indi Ste\u00adpanakert adlanan Da\u011fl\u0131q Qaraba\u011f Muxtar Vilay\u0259ti yarad\u0131ld\u0131.<\/strong><\/p>\n<p><strong>Bel\u0259likl\u0259, Da\u011fl\u0131q Qaraba\u011f Muxtar Vilay\u0259ti \u0259razi c\u0259h\u0259td\u0259n he\u00e7 vaxt Erm\u0259nistan SSR-\u0259 biti\u015fik olmam\u0131\u015fd\u0131r v\u0259 haz\u0131rda da biti\u015fik deyildir.<\/strong><\/p>\n<p><strong>Az\u0259rbaycanda Sovet hakimiyy\u0259ti ill\u0259rind\u0259 Da\u011fl\u0131q Qaraba\u011fda vilay\u0259tin t\u0259s\u0259rr\u00fcfat-siyasi v\u0259 m\u0259d\u0259ni inki\u015faf\u0131 sah\u0259sind\u0259 b\u00f6y\u00fck i\u015f\u00adl\u0259r g\u00f6r\u00fclm\u00fc\u015fd\u00fcr. Bu inki\u015faf\u0131n \u0259n parlaq n\u00fcmun\u0259l\u0259rind\u0259n biri \u2013 DQMV-nin haz\u0131rki m\u0259rk\u0259zi Stepanakert \u015f\u0259h\u0259rinin ba\u015fl\u0131-ba\u015f\u0131na burax\u0131lm\u0131\u015f v\u0259 da\u011f\u0131d\u0131lm\u0131\u015f bir k\u0259ndd\u0259n Az\u0259rbaycan\u0131n \u0259n g\u00f6z\u0259l, abad v\u0259 m\u0259d\u0259ni \u015f\u0259h\u0259rl\u0259rind\u0259n birin\u0259 \u00e7evrilm\u0259sidir.<\/strong><\/p>\n<p><strong>Az\u0259rbaycan SSR-nin b\u00fct\u00fcn ali t\u0259hsil m\u0259kt\u0259bl\u0259ri v\u0259 texnikum\u00adlar\u0131 t\u0259l\u0259b\u0259l\u0259rinin 20,5%-ni \u0259ks\u0259riyy\u0259ti Da\u011fl\u0131q Qaraba\u011f Muxtar Vilay\u0259tind\u0259n olan erm\u0259nil\u0259r t\u0259\u015fkil edir.<\/strong><\/p>\n<p><strong>Respublikan\u0131n partiya, sovet, t\u0259s\u0259rr\u00fcfat r\u0259hb\u0259rl\u0259ri \u2013 Az\u0259rbay\u00adcan K(b)P MK-n\u0131n katibl\u0259ri, m\u00fcavinl\u0259ri, xalq komissarlar\u0131, xalq komissarlar\u0131 m\u00fcavinl\u0259ri v\u0259 s. aras\u0131nda Da\u011fl\u0131q Qaraba\u011fdan olan yolda\u015flar da az deyildir.<\/strong><\/p>\n<p><strong>Bununla bel\u0259, biz Da\u011fl\u0131q Qaraba\u011f Muxtar Vilay\u0259tinin Erm\u0259\u00adnistan SSR-nin t\u0259rkibin\u0259 qat\u0131lmas\u0131na etiraz etmirik, lakin Da\u011fl\u0131q Qaraba\u011f Muxtar Vilay\u0259tinin t\u0259rkibind\u0259 olmas\u0131na baxmayaraq, haz\u0131rda da \u0259sas\u0259n az\u0259rbaycanl\u0131lar\u0131n ya\u015fad\u0131\u011f\u0131 \u015eu\u015fa rayonunun Er\u00adm\u0259nistan SSR-\u0259 verilm\u0259sin\u0259 raz\u0131 deyilik.<\/strong><\/p>\n<p><strong>\u015eu\u015fa \u015f\u0259h\u0259ri bina edildiyi g\u00fcnd\u0259n Qaraba\u011f\u0131n inzibati-siyasi v\u0259 m\u0259d\u0259ni m\u0259rk\u0259zi olmaqla yana\u015f\u0131, h\u0259m d\u0259 Az\u0259rbaycan xalq\u0131n\u0131n \u00f6z m\u00fcst\u0259qilliyi u\u011frunda \u0130ran i\u015f\u011fal\u00e7\u0131lar\u0131 il\u0259 apard\u0131\u011f\u0131 m\u00fcbariz\u0259d\u0259 m\u00fcs\u00adt\u0259sna rol oynam\u0131\u015fd\u0131r.<\/strong><\/p>\n<p><strong>\u018fn qani\u00e7\u0259n fatehl\u0259rd\u0259n biri, Zaqafqaziya xalqlar\u0131n\u0131n c\u0259llad\u0131 A\u011fa M\u0259h\u0259mm\u0259d \u015fah Qacar m\u0259hz \u015eu\u015fada \u00f6ld\u00fcr\u00fclm\u00fc\u015fd\u00fcr.<\/strong><\/p>\n<p><strong>Az\u0259rbaycan xalq\u0131n\u0131n z\u0259ngin musiqi m\u0259d\u0259niyy\u0259ti bu \u015f\u0259h\u0259rd\u0259 for\u00admala\u015fm\u0131\u015fd\u0131r. \u0130brahim xan, Vaqif, Nat\u0259van v\u0259 dig\u0259r bu kimi g\u00f6r\u00adk\u0259mli siyas\u0259t v\u0259 m\u0259d\u0259niyy\u0259t xadiml\u0259rinin adlar\u0131 onunla ba\u011fl\u0131d\u0131r.<\/strong><\/p>\n<p><strong>Eyni zamanda, \u00dc\u0130K(b)P MK-n\u0131n n\u0259z\u0259rin\u0259 \u00e7atd\u0131rma\u011f\u0131 z\u0259ruri hesab edirik ki, DQMV-nin Erm\u0259nistan SSR-in t\u0259rkibin\u0259 daxil edilm\u0259si m\u0259s\u0259l\u0259sin\u0259 bax\u0131lark\u0259n, Erm\u0259nistan SSR-nin Az\u0259rbaycan respublikas\u0131na biti\u015fik olan v\u0259 \u0259sas\u0259n az\u0259rbaycanl\u0131lar\u0131n ya\u015fad\u0131\u011f\u0131 \u018fzizb\u0259yov, Vedi v\u0259 Qaraba\u011flar rayonlar\u0131n\u0131n Az\u0259rabycan SSR-in t\u0259rkibin\u0259 daxil edilm\u0259si m\u0259s\u0259l\u0259sin\u0259 d\u0259 bax\u0131lmal\u0131d\u0131r.<\/strong><\/p>\n<p><strong>Bu rayonlar\u0131n m\u0259d\u0259ni v\u0259 iqtisadi c\u0259h\u0259td\u0259n son d\u0259r\u0259c\u0259 geri qal\u00admas\u0131n\u0131 n\u0259z\u0259r\u0259 almaqla, bunlar\u0131n Az\u0259rbaycana verilm\u0259si \u0259halinin maddi-m\u0259i\u015f\u0259t \u015f\u0259raitini v\u0259 ona m\u0259d\u0259ni-siyasi xidm\u0259t i\u015fini yax\u015f\u0131la\u015f\u00add\u0131rma\u011fa imkan yaradard\u0131.<\/strong><\/p>\n<p><strong>\u00dc\u0130K(b) MK-d\u0259n yuxar\u0131da g\u00f6st\u0259ril\u0259nl\u0259rd\u0259n \u0259lav\u0259 a\u015fa\u011f\u0131dak\u0131 m\u0259s\u0259l\u0259l\u0259r\u0259 bax\u0131lmas\u0131n\u0131 xahi\u015f edirik:<\/strong><\/p>\n<p><strong>G\u00fcrc\u00fcstanl\u0131 yolda\u015flar Az\u0259rbaycan SSR-nin Balak\u0259n, Zaqatala v\u0259 Qax rayonlar\u0131n\u0131n G\u00fcrc\u00fcstan SSR-nin t\u0259rkibin\u0259 daxil edilm\u0259si m\u0259s\u0259l\u0259sini qoyurlar.<\/strong><\/p>\n<p><strong>G\u00f6st\u0259ril\u0259n rayonlarda \u0259halinin \u00fcmumi say\u0131 79.000 n\u0259f\u0259r oldu\u011fu halda, c\u0259mi 9.000 g\u00fcrc\u00fc-inqiloyun ya\u015famas\u0131na baxmayaraq, biz bu m\u0259s\u0259l\u0259y\u0259 bax\u0131lmas\u0131na etiraz etmirik, lakin bu m\u0259s\u0259l\u0259 il\u0259 bir zaman\u00adda G\u00fcrc\u00fcstan SSR-nin dem\u0259k olar yaln\u0131z az\u0259rbaycanl\u0131lar\u0131n ya\u015fad\u0131\u011f\u0131 v\u0259 bilavasit\u0259 Az\u0259rbaycan SSR-\u0259 biti\u015fik olan Bor\u00e7al\u0131 rayonunun Az\u0259r\u00adbaycan SSR-nin t\u0259rkibin\u0259 daxil edilm\u0259si m\u0259s\u0259l\u0259sin\u0259 d\u0259 bax\u0131lmal\u0131d\u0131r.<\/strong><\/p>\n<p><strong>V\u0259 n\u0259hay\u0259t biz, Da\u011f\u0131stan SSR-nin ke\u00e7mi\u015fd\u0259 Az\u0259rbaycan\u0131n bir hiss\u0259si kimi Bak\u0131 quberniyas\u0131 t\u0259rkibin\u0259 daxil olan v\u0259 haz\u0131rda Az\u0259rbaycan SSR-\u0259 biti\u015fik olan D\u0259rb\u0259nd v\u0259 Qas\u0131mk\u0259nd rayonlar\u0131 \u0259razil\u0259rinin Az\u0259rabycan SSR t\u0259rkibin\u0259 qat\u0131lmas\u0131 m\u0259s\u0259l\u0259sini n\u0259\u00adz\u0259rd\u0259n ke\u00e7irm\u0259nizi xahi\u015f edirik. Bu rayonlar\u0131n \u0259halisi \u0259sas\u0259n az\u0259rbaycanl\u0131lardan ibar\u0259tdir, \u00f6z\u00fc d\u0259 maldarl\u0131qla m\u0259\u015f\u011ful olan bu \u0259halinin yar\u0131dan \u00e7oxu ilin 9 ay\u0131n\u0131 Az\u0259rbaycan \u0259razisind\u0259 ke\u00e7irir.<\/strong><\/p>\n<p><strong>Qald\u0131r\u0131lm\u0131\u015f b\u00fct\u00fcn m\u0259s\u0259l\u0259l\u0259r \u00fczr\u0259 t\u0259klifl\u0259rin haz\u0131rlanmas\u0131 \u00fc\u00e7\u00fcn t\u0259rkibin\u0259 mara\u011f\u0131 olan h\u0259r bir respublikadan n\u00fcmay\u0259nd\u0259l\u0259r daxil edilm\u0259kl\u0259 \u00dc\u0130K(b)P MK komissiyas\u0131n\u0131n yarad\u0131lmas\u0131n\u0131 m\u0259qs\u0259d\u0259uy\u00ad\u011fun hesab edirik.<\/strong><\/p>\n<p><strong>\u00a0<\/strong><\/p>\n<p><strong>Az\u0259rabycan K(b)P MK katibi (M.C.Ba\u011f\u0131rov)<\/strong><\/p>\n<p><strong>10\u00a0<\/strong><strong>dekabr 1945-ci il N330, Bak\u0131 \u015f\u0259h\u0259ri.\u201c<\/strong><\/p>\n<p>&nbsp;<\/p>\n<p>Bel\u0259likl\u0259, Da\u011fl\u0131q Qaraba\u011f\u0131 Az\u0259rbaycandan qoparmaq kimi murdar niyy\u0259tl\u0259ri o vaxt bo\u015fa \u00e7\u0131xan erm\u0259nil\u0259r, n\u0259hay\u0259t, xaric\u00add\u0259n erm\u0259nil\u0259rin g\u0259tirilib \u201cErm\u0259nistan\u201dda yerl\u0259\u015fdirilm\u0259sin\u0259 SSR\u0130 r\u0259hb\u0259rliyinin r\u0259smi raz\u0131l\u0131\u011f\u0131n\u0131 al\u0131rlar. \u0130.Stalin 1945-ci il noyabr ay\u0131n\u0131n 21-d\u0259 \u201cXaricd\u0259n erm\u0259nil\u0259rin Sovet Erm\u0259nistan\u0131na qaytar\u0131lmas\u0131 t\u0259dbirl\u0259ri haqq\u0131nda\u201d SSR\u0130 Xalq Komissarlar\u0131 Sovetinin 2947 N-li q\u0259rar\u0131 idi. \u0130.Stalinin imzalad\u0131\u011f\u0131 h\u0259min s\u0259n\u0259din iyr\u0259ncliyi \u00f6nc\u0259 onda idi ki, burada xaricd\u0259 ya\u015fayan erm\u0259nil\u0259rin Erm\u0259nistan SSR-\u0259 m\u0259hz qa\u00adytar\u0131lmalar\u0131ndan s\u00f6z a\u00e7\u0131l\u0131rd\u0131. N\u0259 \u00f6zl\u0259ri, n\u0259 d\u0259 ulu babalar\u0131 Qafqa\u00adz\u0131n \u00fcz\u00fcn\u00fc g\u00f6rm\u0259y\u0259n bu erm\u0259nil\u0259r guya ki, n\u0259 vaxtsa onlar\u0131n olan bir \u0259raziy\u0259 qay\u0131d\u0131rm\u0131\u015flar.<\/p>\n<p>Bu s\u0259n\u0259din erm\u0259nil\u0259r \u00fc\u00e7\u00fcn n\u0259 dem\u0259k oldu\u011funu o vaxtk\u0131 Er\u00adm\u0259nistan r\u0259hb\u0259ri Qr.Arutyunovun 1946-c\u0131 il fevral\u0131n 2-d\u0259 \u0130r\u0259\u00advan se\u00e7icil\u0259ri il\u0259 g\u00f6r\u00fc\u015f\u00fcnd\u0259ki \u00e7\u0131x\u0131\u015f\u0131ndan da ayd\u0131n g\u00f6rm\u0259k olar. H\u0259min \u00e7\u0131x\u0131\u015f\u0131nda o bu f\u0259rman\u0131 \u201cerm\u0259nil\u0259rin birl\u0259\u015fm\u0259k arzusu\u00adnun ger\u00e7\u0259kl\u0259\u015fm\u0259sin\u0259 imkan ver\u0259n s\u0259n\u0259d\u201c kimi d\u0259y\u0259rl\u0259ndirir v\u0259 onu \u201cb\u00f6y\u00fck Stalinin b\u00fct\u00fcn erm\u0259ni xalq\u0131na mehriban atal\u0131q qay\u00ad\u011f\u0131s\u0131n\u0131n t\u0259zah\u00fcr\u00fc\u201c hesab edir.<\/p>\n<p>Qr.Arutyunovun m\u0259lumat\u0131na g\u00f6r\u0259, q\u0131sa vaxtda C\u0259nubi Ameri\u00adkadan 32 min, Suriya v\u0259 Livandan 50 min, Yunan\u0131standan 8 min, Tehrandan 17 min, T\u0259briz erm\u0259nil\u0259rinin 98 faizi, o c\u00fcml\u0259d\u0259n Fransa, Rum\u0131niya, Bolqar\u0131stan, T\u00fcrkiy\u0259 v\u0259 b. d\u00f6vl\u0259tl\u0259rd\u0259n \u00e7oxlu sayda erm\u0259nil\u0259r Sovet Erm\u0259nistan\u0131 \u0259razisin\u0259 k\u00f6\u00e7m\u0259k \u00fc\u00e7\u00fcn m\u00fcra\u00adci\u0259t etmi\u015fl\u0259r. \u00dcmumiyy\u0259tl\u0259 is\u0259, k\u00f6\u00e7\u00fcb g\u0259lm\u0259k ist\u0259y\u0259nl\u0259rin say\u0131 1 milyona yax\u0131nd\u0131r. He\u00e7 \u015f\u00fcbh\u0259siz, bunu SSR\u0130 r\u0259hb\u0259rliyind\u0259ki er\u00adm\u0259nil\u0259r v\u0259 erm\u0259nip\u0259r\u0259st q\u00fcvv\u0259l\u0259r v\u0259 xaricd\u0259ki da\u015fnaklar t\u0259\u015fkil edirdil\u0259r. Lakin Qr.Arutyunovun yuxar\u0131dak\u0131 \u00e7\u0131x\u0131\u015f\u0131nda bir m\u0259krli m\u0259\u00adqam da var ki, o da k\u00f6\u00e7\u00fcb g\u0259lm\u0259k ist\u0259y\u0259nl\u0259rl\u0259 (1 milyon) Erm\u0259\u00adnistan\u0131n onlar\u0131 q\u0259bul ed\u0259 bilm\u0259k imkan\u0131 (350-400 min) aras\u0131n\u00addak\u0131 f\u0259rqdir. Ona g\u00f6r\u0259 d\u0259 Q.Arutyunyan sual qoyur: \u201cB\u0259s biz yerd\u0259 qalan 500-600 min n\u0259f\u0259rl\u0259 n\u0259 etm\u0259liyik?\u201c \u00d6z\u00fc d\u0259 cavab verir: \u201cBiz T\u00fcrkiy\u0259 t\u0259r\u0259find\u0259n i\u015f\u011fal olunmu\u015f erm\u0259ni vilay\u0259tl\u0259ri\u00adnin Sovet Erm\u0259nistan\u0131na qaytar\u0131lmas\u0131 m\u0259s\u0259l\u0259sini qoyuruq\u201d.<\/p>\n<p>Ard\u0131 var\u2026<\/p>\n","protected":false},"excerpt":{"rendered":"<p>\u018fziz \u018fl\u0259kb\u0259rli \u018fvv\u0259li burada\u2026 Moskvan\u0131n erm\u0259nip\u0259r\u0259st oyunlar\u0131 v\u0259\u00a0Az\u0259rbaycan K(b)P MK-n\u0131n katibi M.C.Ba\u011f\u0131rovun c\u0259sar\u0259tli add\u0131m\u0131 Qr.Arutyunovun m\u0259ktubu is\u0259 bax\u0131lmaq \u00fc\u00e7\u00fcn \u0130.Stalin t\u0259r\u0259find\u0259n o vaxtk\u0131 \u00dc\u0130K(b)P MK katibi G.Malenkova \u00fcnvanlan\u0131r. G.Malenkov da \u00f6z n\u00f6vb\u0259sind\u0259 h\u0259min m\u0259ktuba m\u00fcnasib\u0259t bildirm\u0259k \u00fc\u00e7\u00fcn 28 noyabr 1945-ci il tarixind\u0259 onu\u00a0 Az\u0259rbaycan K(b)P MK-n\u0131n katibi M.C.Ba\u011f\u0131rova \u00fcnvanlay\u0131r. Malenkovun m\u0259ktubunun m\u0259tni: \u00a0 \u201cAz\u0259rbaycan K(b)P [&hellip;]<\/p>\n","protected":false},"author":2,"featured_media":8295,"comment_status":"closed","ping_status":"closed","sticky":false,"template":"","format":"standard","meta":{"footnotes":""},"categories":[2],"tags":[],"class_list":["post-8294","post","type-post","status-publish","format-standard","has-post-thumbnail","hentry","category-trend"],"yoast_head":"<!-- This site is optimized with the Yoast SEO plugin v28.2 - https:\/\/yoast.com\/product\/yoast-seo-wordpress\/ -->\n<title>Az\u0259rbaycanl\u0131lar\u0131n 1948-1953-c\u00fc ill\u0259r deportasiyas\u0131 nec\u0259 ba\u015f verdi? \u2013 II YAZI - \u0130CT\u0130MA\u0130.AZ<\/title>\n<meta name=\"robots\" content=\"index, follow, max-snippet:-1, max-image-preview:large, max-video-preview:-1\" \/>\n<link rel=\"canonical\" href=\"https:\/\/ictimai.az\/?p=8294\" \/>\n<meta property=\"og:locale\" content=\"az_AZ\" \/>\n<meta property=\"og:type\" content=\"article\" \/>\n<meta property=\"og:title\" content=\"Az\u0259rbaycanl\u0131lar\u0131n 1948-1953-c\u00fc ill\u0259r deportasiyas\u0131 nec\u0259 ba\u015f verdi? \u2013 II YAZI - \u0130CT\u0130MA\u0130.AZ\" \/>\n<meta property=\"og:description\" content=\"\u018fziz \u018fl\u0259kb\u0259rli \u018fvv\u0259li burada\u2026 Moskvan\u0131n erm\u0259nip\u0259r\u0259st oyunlar\u0131 v\u0259\u00a0Az\u0259rbaycan K(b)P MK-n\u0131n katibi M.C.Ba\u011f\u0131rovun c\u0259sar\u0259tli add\u0131m\u0131 Qr.Arutyunovun m\u0259ktubu is\u0259 bax\u0131lmaq \u00fc\u00e7\u00fcn \u0130.Stalin t\u0259r\u0259find\u0259n o vaxtk\u0131 \u00dc\u0130K(b)P MK katibi G.Malenkova \u00fcnvanlan\u0131r. G.Malenkov da \u00f6z n\u00f6vb\u0259sind\u0259 h\u0259min m\u0259ktuba m\u00fcnasib\u0259t bildirm\u0259k \u00fc\u00e7\u00fcn 28 noyabr 1945-ci il tarixind\u0259 onu\u00a0 Az\u0259rbaycan K(b)P MK-n\u0131n katibi M.C.Ba\u011f\u0131rova \u00fcnvanlay\u0131r. Malenkovun m\u0259ktubunun m\u0259tni: \u00a0 \u201cAz\u0259rbaycan K(b)P [&hellip;]\" \/>\n<meta property=\"og:url\" content=\"https:\/\/ictimai.az\/?p=8294\" \/>\n<meta property=\"og:site_name\" content=\"\u0130CT\u0130MA\u0130.AZ\" \/>\n<meta property=\"article:published_time\" content=\"2020-12-23T17:07:26+00:00\" \/>\n<meta property=\"article:modified_time\" content=\"2020-12-23T23:17:25+00:00\" \/>\n<meta property=\"og:image\" content=\"https:\/\/ictimai.az\/core\/uploads\/2020\/12\/ictimai_36df3176db7585a39312ffc86f633598_h0w7tzsiygrn691pq28m.jpg\" \/>\n\t<meta property=\"og:image:width\" content=\"640\" \/>\n\t<meta property=\"og:image:height\" content=\"427\" \/>\n\t<meta property=\"og:image:type\" content=\"image\/jpeg\" \/>\n<meta name=\"author\" content=\"R\u0259\u015fad Bayramov\" \/>\n<meta name=\"twitter:card\" content=\"summary_large_image\" \/>\n<meta name=\"twitter:label1\" content=\"Written by\" \/>\n\t<meta name=\"twitter:data1\" content=\"R\u0259\u015fad Bayramov\" \/>\n\t<meta name=\"twitter:label2\" content=\"Est. reading time\" \/>\n\t<meta name=\"twitter:data2\" content=\"12 minutes\" \/>\n<script type=\"application\/ld+json\" class=\"yoast-schema-graph\">{\"@context\":\"https:\\\/\\\/schema.org\",\"@graph\":[{\"@type\":\"Article\",\"@id\":\"https:\\\/\\\/ictimai.az\\\/?p=8294#article\",\"isPartOf\":{\"@id\":\"https:\\\/\\\/ictimai.az\\\/?p=8294\"},\"author\":{\"name\":\"R\u0259\u015fad Bayramov\",\"@id\":\"https:\\\/\\\/ictimai.az\\\/#\\\/schema\\\/person\\\/1da94bf2c7ab5d83ad349237bec1e6af\"},\"headline\":\"Az\u0259rbaycanl\u0131lar\u0131n 1948-1953-c\u00fc ill\u0259r deportasiyas\u0131 nec\u0259 ba\u015f verdi? \u2013 II YAZI\",\"datePublished\":\"2020-12-23T17:07:26+00:00\",\"dateModified\":\"2020-12-23T23:17:25+00:00\",\"mainEntityOfPage\":{\"@id\":\"https:\\\/\\\/ictimai.az\\\/?p=8294\"},\"wordCount\":2392,\"publisher\":{\"@id\":\"https:\\\/\\\/ictimai.az\\\/#organization\"},\"image\":{\"@id\":\"https:\\\/\\\/ictimai.az\\\/?p=8294#primaryimage\"},\"thumbnailUrl\":\"https:\\\/\\\/ictimai.az\\\/core\\\/uploads\\\/2020\\\/12\\\/ictimai_36df3176db7585a39312ffc86f633598_h0w7tzsiygrn691pq28m.jpg\",\"articleSection\":[\"G\u00fcnd\u0259m\"],\"inLanguage\":\"az\"},{\"@type\":\"WebPage\",\"@id\":\"https:\\\/\\\/ictimai.az\\\/?p=8294\",\"url\":\"https:\\\/\\\/ictimai.az\\\/?p=8294\",\"name\":\"Az\u0259rbaycanl\u0131lar\u0131n 1948-1953-c\u00fc ill\u0259r deportasiyas\u0131 nec\u0259 ba\u015f verdi? \u2013 II YAZI - \u0130CT\u0130MA\u0130.AZ\",\"isPartOf\":{\"@id\":\"https:\\\/\\\/ictimai.az\\\/#website\"},\"primaryImageOfPage\":{\"@id\":\"https:\\\/\\\/ictimai.az\\\/?p=8294#primaryimage\"},\"image\":{\"@id\":\"https:\\\/\\\/ictimai.az\\\/?p=8294#primaryimage\"},\"thumbnailUrl\":\"https:\\\/\\\/ictimai.az\\\/core\\\/uploads\\\/2020\\\/12\\\/ictimai_36df3176db7585a39312ffc86f633598_h0w7tzsiygrn691pq28m.jpg\",\"datePublished\":\"2020-12-23T17:07:26+00:00\",\"dateModified\":\"2020-12-23T23:17:25+00:00\",\"breadcrumb\":{\"@id\":\"https:\\\/\\\/ictimai.az\\\/?p=8294#breadcrumb\"},\"inLanguage\":\"az\",\"potentialAction\":[{\"@type\":\"ReadAction\",\"target\":[\"https:\\\/\\\/ictimai.az\\\/?p=8294\"]}]},{\"@type\":\"ImageObject\",\"inLanguage\":\"az\",\"@id\":\"https:\\\/\\\/ictimai.az\\\/?p=8294#primaryimage\",\"url\":\"https:\\\/\\\/ictimai.az\\\/core\\\/uploads\\\/2020\\\/12\\\/ictimai_36df3176db7585a39312ffc86f633598_h0w7tzsiygrn691pq28m.jpg\",\"contentUrl\":\"https:\\\/\\\/ictimai.az\\\/core\\\/uploads\\\/2020\\\/12\\\/ictimai_36df3176db7585a39312ffc86f633598_h0w7tzsiygrn691pq28m.jpg\",\"width\":640,\"height\":427},{\"@type\":\"BreadcrumbList\",\"@id\":\"https:\\\/\\\/ictimai.az\\\/?p=8294#breadcrumb\",\"itemListElement\":[{\"@type\":\"ListItem\",\"position\":1,\"name\":\"Home\",\"item\":\"https:\\\/\\\/ictimai.az\\\/\"},{\"@type\":\"ListItem\",\"position\":2,\"name\":\"Az\u0259rbaycanl\u0131lar\u0131n 1948-1953-c\u00fc ill\u0259r deportasiyas\u0131 nec\u0259 ba\u015f verdi? \u2013 II YAZI\"}]},{\"@type\":\"WebSite\",\"@id\":\"https:\\\/\\\/ictimai.az\\\/#website\",\"url\":\"https:\\\/\\\/ictimai.az\\\/\",\"name\":\"\u0130CT\u0130MA\u0130.AZ\",\"description\":\"\",\"publisher\":{\"@id\":\"https:\\\/\\\/ictimai.az\\\/#organization\"},\"potentialAction\":[{\"@type\":\"SearchAction\",\"target\":{\"@type\":\"EntryPoint\",\"urlTemplate\":\"https:\\\/\\\/ictimai.az\\\/?s={search_term_string}\"},\"query-input\":{\"@type\":\"PropertyValueSpecification\",\"valueRequired\":true,\"valueName\":\"search_term_string\"}}],\"inLanguage\":\"az\"},{\"@type\":\"Organization\",\"@id\":\"https:\\\/\\\/ictimai.az\\\/#organization\",\"name\":\"\u0130CT\u0130MA\u0130.AZ\",\"url\":\"https:\\\/\\\/ictimai.az\\\/\",\"logo\":{\"@type\":\"ImageObject\",\"inLanguage\":\"az\",\"@id\":\"https:\\\/\\\/ictimai.az\\\/#\\\/schema\\\/logo\\\/image\\\/\",\"url\":\"https:\\\/\\\/ictimai.az\\\/core\\\/uploads\\\/2026\\\/06\\\/cropped-ictimai_0380d81099c6fe3baae753faceb5481f_p41rg2mzq0uyvextfh3k-768x768-1-3.png\",\"contentUrl\":\"https:\\\/\\\/ictimai.az\\\/core\\\/uploads\\\/2026\\\/06\\\/cropped-ictimai_0380d81099c6fe3baae753faceb5481f_p41rg2mzq0uyvextfh3k-768x768-1-3.png\",\"width\":768,\"height\":768,\"caption\":\"\u0130CT\u0130MA\u0130.AZ\"},\"image\":{\"@id\":\"https:\\\/\\\/ictimai.az\\\/#\\\/schema\\\/logo\\\/image\\\/\"}},{\"@type\":\"Person\",\"@id\":\"https:\\\/\\\/ictimai.az\\\/#\\\/schema\\\/person\\\/1da94bf2c7ab5d83ad349237bec1e6af\",\"name\":\"R\u0259\u015fad Bayramov\",\"image\":{\"@type\":\"ImageObject\",\"inLanguage\":\"az\",\"@id\":\"https:\\\/\\\/secure.gravatar.com\\\/avatar\\\/83c075605ba0a4d35d59726aaad89cfa8008d1f01603342c56f1dd79784491bc?s=96&d=mm&r=g\",\"url\":\"https:\\\/\\\/secure.gravatar.com\\\/avatar\\\/83c075605ba0a4d35d59726aaad89cfa8008d1f01603342c56f1dd79784491bc?s=96&d=mm&r=g\",\"contentUrl\":\"https:\\\/\\\/secure.gravatar.com\\\/avatar\\\/83c075605ba0a4d35d59726aaad89cfa8008d1f01603342c56f1dd79784491bc?s=96&d=mm&r=g\",\"caption\":\"R\u0259\u015fad Bayramov\"},\"sameAs\":[\"https:\\\/\\\/ictimai.az\\\/\"],\"url\":\"https:\\\/\\\/ictimai.az\\\/?author=2\"}]}<\/script>\n<!-- \/ Yoast SEO plugin. -->","yoast_head_json":{"title":"Az\u0259rbaycanl\u0131lar\u0131n 1948-1953-c\u00fc ill\u0259r deportasiyas\u0131 nec\u0259 ba\u015f verdi? \u2013 II YAZI - \u0130CT\u0130MA\u0130.AZ","robots":{"index":"index","follow":"follow","max-snippet":"max-snippet:-1","max-image-preview":"max-image-preview:large","max-video-preview":"max-video-preview:-1"},"canonical":"https:\/\/ictimai.az\/?p=8294","og_locale":"az_AZ","og_type":"article","og_title":"Az\u0259rbaycanl\u0131lar\u0131n 1948-1953-c\u00fc ill\u0259r deportasiyas\u0131 nec\u0259 ba\u015f verdi? \u2013 II YAZI - \u0130CT\u0130MA\u0130.AZ","og_description":"\u018fziz \u018fl\u0259kb\u0259rli \u018fvv\u0259li burada\u2026 Moskvan\u0131n erm\u0259nip\u0259r\u0259st oyunlar\u0131 v\u0259\u00a0Az\u0259rbaycan K(b)P MK-n\u0131n katibi M.C.Ba\u011f\u0131rovun c\u0259sar\u0259tli add\u0131m\u0131 Qr.Arutyunovun m\u0259ktubu is\u0259 bax\u0131lmaq \u00fc\u00e7\u00fcn \u0130.Stalin t\u0259r\u0259find\u0259n o vaxtk\u0131 \u00dc\u0130K(b)P MK katibi G.Malenkova \u00fcnvanlan\u0131r. G.Malenkov da \u00f6z n\u00f6vb\u0259sind\u0259 h\u0259min m\u0259ktuba m\u00fcnasib\u0259t bildirm\u0259k \u00fc\u00e7\u00fcn 28 noyabr 1945-ci il tarixind\u0259 onu\u00a0 Az\u0259rbaycan K(b)P MK-n\u0131n katibi M.C.Ba\u011f\u0131rova \u00fcnvanlay\u0131r. Malenkovun m\u0259ktubunun m\u0259tni: \u00a0 \u201cAz\u0259rbaycan K(b)P [&hellip;]","og_url":"https:\/\/ictimai.az\/?p=8294","og_site_name":"\u0130CT\u0130MA\u0130.AZ","article_published_time":"2020-12-23T17:07:26+00:00","article_modified_time":"2020-12-23T23:17:25+00:00","og_image":[{"width":640,"height":427,"url":"https:\/\/ictimai.az\/core\/uploads\/2020\/12\/ictimai_36df3176db7585a39312ffc86f633598_h0w7tzsiygrn691pq28m.jpg","type":"image\/jpeg"}],"author":"R\u0259\u015fad Bayramov","twitter_card":"summary_large_image","twitter_misc":{"Written by":"R\u0259\u015fad Bayramov","Est. reading time":"12 minutes"},"schema":{"@context":"https:\/\/schema.org","@graph":[{"@type":"Article","@id":"https:\/\/ictimai.az\/?p=8294#article","isPartOf":{"@id":"https:\/\/ictimai.az\/?p=8294"},"author":{"name":"R\u0259\u015fad Bayramov","@id":"https:\/\/ictimai.az\/#\/schema\/person\/1da94bf2c7ab5d83ad349237bec1e6af"},"headline":"Az\u0259rbaycanl\u0131lar\u0131n 1948-1953-c\u00fc ill\u0259r deportasiyas\u0131 nec\u0259 ba\u015f verdi? \u2013 II YAZI","datePublished":"2020-12-23T17:07:26+00:00","dateModified":"2020-12-23T23:17:25+00:00","mainEntityOfPage":{"@id":"https:\/\/ictimai.az\/?p=8294"},"wordCount":2392,"publisher":{"@id":"https:\/\/ictimai.az\/#organization"},"image":{"@id":"https:\/\/ictimai.az\/?p=8294#primaryimage"},"thumbnailUrl":"https:\/\/ictimai.az\/core\/uploads\/2020\/12\/ictimai_36df3176db7585a39312ffc86f633598_h0w7tzsiygrn691pq28m.jpg","articleSection":["G\u00fcnd\u0259m"],"inLanguage":"az"},{"@type":"WebPage","@id":"https:\/\/ictimai.az\/?p=8294","url":"https:\/\/ictimai.az\/?p=8294","name":"Az\u0259rbaycanl\u0131lar\u0131n 1948-1953-c\u00fc ill\u0259r deportasiyas\u0131 nec\u0259 ba\u015f verdi? \u2013 II YAZI - \u0130CT\u0130MA\u0130.AZ","isPartOf":{"@id":"https:\/\/ictimai.az\/#website"},"primaryImageOfPage":{"@id":"https:\/\/ictimai.az\/?p=8294#primaryimage"},"image":{"@id":"https:\/\/ictimai.az\/?p=8294#primaryimage"},"thumbnailUrl":"https:\/\/ictimai.az\/core\/uploads\/2020\/12\/ictimai_36df3176db7585a39312ffc86f633598_h0w7tzsiygrn691pq28m.jpg","datePublished":"2020-12-23T17:07:26+00:00","dateModified":"2020-12-23T23:17:25+00:00","breadcrumb":{"@id":"https:\/\/ictimai.az\/?p=8294#breadcrumb"},"inLanguage":"az","potentialAction":[{"@type":"ReadAction","target":["https:\/\/ictimai.az\/?p=8294"]}]},{"@type":"ImageObject","inLanguage":"az","@id":"https:\/\/ictimai.az\/?p=8294#primaryimage","url":"https:\/\/ictimai.az\/core\/uploads\/2020\/12\/ictimai_36df3176db7585a39312ffc86f633598_h0w7tzsiygrn691pq28m.jpg","contentUrl":"https:\/\/ictimai.az\/core\/uploads\/2020\/12\/ictimai_36df3176db7585a39312ffc86f633598_h0w7tzsiygrn691pq28m.jpg","width":640,"height":427},{"@type":"BreadcrumbList","@id":"https:\/\/ictimai.az\/?p=8294#breadcrumb","itemListElement":[{"@type":"ListItem","position":1,"name":"Home","item":"https:\/\/ictimai.az\/"},{"@type":"ListItem","position":2,"name":"Az\u0259rbaycanl\u0131lar\u0131n 1948-1953-c\u00fc ill\u0259r deportasiyas\u0131 nec\u0259 ba\u015f verdi? \u2013 II YAZI"}]},{"@type":"WebSite","@id":"https:\/\/ictimai.az\/#website","url":"https:\/\/ictimai.az\/","name":"\u0130CT\u0130MA\u0130.AZ","description":"","publisher":{"@id":"https:\/\/ictimai.az\/#organization"},"potentialAction":[{"@type":"SearchAction","target":{"@type":"EntryPoint","urlTemplate":"https:\/\/ictimai.az\/?s={search_term_string}"},"query-input":{"@type":"PropertyValueSpecification","valueRequired":true,"valueName":"search_term_string"}}],"inLanguage":"az"},{"@type":"Organization","@id":"https:\/\/ictimai.az\/#organization","name":"\u0130CT\u0130MA\u0130.AZ","url":"https:\/\/ictimai.az\/","logo":{"@type":"ImageObject","inLanguage":"az","@id":"https:\/\/ictimai.az\/#\/schema\/logo\/image\/","url":"https:\/\/ictimai.az\/core\/uploads\/2026\/06\/cropped-ictimai_0380d81099c6fe3baae753faceb5481f_p41rg2mzq0uyvextfh3k-768x768-1-3.png","contentUrl":"https:\/\/ictimai.az\/core\/uploads\/2026\/06\/cropped-ictimai_0380d81099c6fe3baae753faceb5481f_p41rg2mzq0uyvextfh3k-768x768-1-3.png","width":768,"height":768,"caption":"\u0130CT\u0130MA\u0130.AZ"},"image":{"@id":"https:\/\/ictimai.az\/#\/schema\/logo\/image\/"}},{"@type":"Person","@id":"https:\/\/ictimai.az\/#\/schema\/person\/1da94bf2c7ab5d83ad349237bec1e6af","name":"R\u0259\u015fad Bayramov","image":{"@type":"ImageObject","inLanguage":"az","@id":"https:\/\/secure.gravatar.com\/avatar\/83c075605ba0a4d35d59726aaad89cfa8008d1f01603342c56f1dd79784491bc?s=96&d=mm&r=g","url":"https:\/\/secure.gravatar.com\/avatar\/83c075605ba0a4d35d59726aaad89cfa8008d1f01603342c56f1dd79784491bc?s=96&d=mm&r=g","contentUrl":"https:\/\/secure.gravatar.com\/avatar\/83c075605ba0a4d35d59726aaad89cfa8008d1f01603342c56f1dd79784491bc?s=96&d=mm&r=g","caption":"R\u0259\u015fad Bayramov"},"sameAs":["https:\/\/ictimai.az\/"],"url":"https:\/\/ictimai.az\/?author=2"}]}},"_links":{"self":[{"href":"https:\/\/ictimai.az\/index.php?rest_route=\/wp\/v2\/posts\/8294","targetHints":{"allow":["GET"]}}],"collection":[{"href":"https:\/\/ictimai.az\/index.php?rest_route=\/wp\/v2\/posts"}],"about":[{"href":"https:\/\/ictimai.az\/index.php?rest_route=\/wp\/v2\/types\/post"}],"author":[{"embeddable":true,"href":"https:\/\/ictimai.az\/index.php?rest_route=\/wp\/v2\/users\/2"}],"replies":[{"embeddable":true,"href":"https:\/\/ictimai.az\/index.php?rest_route=%2Fwp%2Fv2%2Fcomments&post=8294"}],"version-history":[{"count":0,"href":"https:\/\/ictimai.az\/index.php?rest_route=\/wp\/v2\/posts\/8294\/revisions"}],"wp:featuredmedia":[{"embeddable":true,"href":"https:\/\/ictimai.az\/index.php?rest_route=\/wp\/v2\/media\/8295"}],"wp:attachment":[{"href":"https:\/\/ictimai.az\/index.php?rest_route=%2Fwp%2Fv2%2Fmedia&parent=8294"}],"wp:term":[{"taxonomy":"category","embeddable":true,"href":"https:\/\/ictimai.az\/index.php?rest_route=%2Fwp%2Fv2%2Fcategories&post=8294"},{"taxonomy":"post_tag","embeddable":true,"href":"https:\/\/ictimai.az\/index.php?rest_route=%2Fwp%2Fv2%2Ftags&post=8294"}],"curies":[{"name":"wp","href":"https:\/\/api.w.org\/{rel}","templated":true}]}}