{"id":84530,"date":"2024-02-12T13:11:00","date_gmt":"2024-02-12T09:11:00","guid":{"rendered":"https:\/\/ictimai.az\/?p=84530"},"modified":"2026-08-05T13:12:39","modified_gmt":"2026-08-05T09:12:39","slug":"s%c9%99n%c9%99tsunas-af%c9%99t-rust%c9%99mb%c9%99yova-milli-m%c9%99d%c9%99ni-irsin-qorunmasi-c%c9%99miyy%c9%99tin-ortaq-m%c9%99suliyy%c9%99tidir","status":"publish","type":"post","link":"https:\/\/ictimai.az\/?p=84530","title":{"rendered":"S\u0259n\u0259t\u015f\u00fcnas Af\u0259t R\u00fcst\u0259mb\u0259yova: Milli-m\u0259d\u0259ni irsin qorunmas\u0131 c\u0259miyy\u0259tin ortaq m\u0259suliyy\u0259tidir"},"content":{"rendered":"\n<p class=\"wp-block-paragraph\"><\/p>\n\n\n\n<p class=\"wp-block-paragraph\">S\u0259n\u0259t\u015f\u00fcnas Af\u0259t R\u00fcst\u0259mb\u0259yova uzun ill\u0259rdir Az\u0259rbaycan\u0131n z\u0259ngin m\u0259d\u0259ni irsinin qorunmas\u0131, xalq s\u0259n\u0259tkarl\u0131\u011f\u0131n\u0131n t\u0259bli\u011fi v\u0259 qeyri-maddi m\u0259d\u0259ni irsin g\u0259l\u0259c\u0259k n\u0259sill\u0259r\u0259 \u00f6t\u00fcr\u00fclm\u0259si istiqam\u0259tind\u0259 f\u0259aliyy\u0259t g\u00f6st\u0259rir. Haz\u0131rda o, Qeyri-Maddi M\u0259d\u0259ni \u0130rsin T\u0259bli\u011fi \u0130ctimai Birliyinin icra\u00e7\u0131 direktoru kimi milli-m\u0259d\u0259ni d\u0259y\u0259rl\u0259rin qorunmas\u0131 v\u0259 t\u0259bli\u011fi sah\u0259sind\u0259 h\u0259yata ke\u00e7iril\u0259n layih\u0259l\u0259rin \u0259laq\u0259l\u0259ndirilm\u0259sind\u0259 yax\u0131ndan i\u015ftirak edir.<\/p>\n\n\n\n<p class=\"wp-block-paragraph\">Af\u0259t R\u00fcst\u0259mb\u0259yova s\u0259n\u0259t\u015f\u00fcnas kimi Az\u0259rbaycan xalq s\u0259n\u0259tinin, \u0259n\u0259n\u0259vi s\u0259n\u0259tkarl\u0131\u011f\u0131n v\u0259 m\u0259d\u0259ni irsin \u00f6yr\u0259nilm\u0259si, ara\u015fd\u0131r\u0131lmas\u0131 v\u0259 tan\u0131d\u0131lmas\u0131 istiqam\u0259tind\u0259 f\u0259aliyy\u0259t g\u00f6st\u0259rir. O hesab edir ki, milli irsin qorunmas\u0131 yaln\u0131z tarixi d\u0259y\u0259rl\u0259rin ya\u015fad\u0131lmas\u0131 deyil, h\u0259m d\u0259 c\u0259miyy\u0259tin m\u0259d\u0259ni yadda\u015f\u0131n\u0131n g\u0259l\u0259c\u0259k n\u0259sill\u0259r\u0259 \u00f6t\u00fcr\u00fclm\u0259si bax\u0131m\u0131ndan m\u00fch\u00fcm \u0259h\u0259miyy\u0259t da\u015f\u0131y\u0131r.<\/p>\n\n\n\n<p class=\"wp-block-paragraph\">Onun r\u0259hb\u0259rliyi v\u0259 i\u015ftirak\u0131 il\u0259 \u0130ctimai Birlik t\u0259r\u0259find\u0259n xalq s\u0259n\u0259tkarlar\u0131 il\u0259 g\u00f6r\u00fc\u015fl\u0259r, ustad d\u0259rsl\u0259ri, s\u0259rgil\u0259r, seminarlar, konfranslar v\u0259 maarifl\u0259ndirici layih\u0259l\u0259r h\u0259yata ke\u00e7irilir. Bu t\u0259\u015f\u0259bb\u00fcsl\u0259r regionlarda f\u0259aliyy\u0259t g\u00f6st\u0259r\u0259n s\u0259n\u0259tkarlar\u0131n d\u0259st\u0259kl\u0259nm\u0259sin\u0259, ustad\u2013\u015fagird \u0259n\u0259n\u0259sinin inki\u015faf\u0131na, g\u0259ncl\u0259rin milli s\u0259n\u0259t\u0259 mara\u011f\u0131n\u0131n art\u0131r\u0131lmas\u0131na v\u0259 qeyri-maddi m\u0259d\u0259ni irsin geni\u015f ictimaiyy\u0259t aras\u0131nda t\u0259bli\u011fin\u0259 xidm\u0259t edir.<\/p>\n\n\n\n<p class=\"wp-block-paragraph\">Af\u0259t R\u00fcst\u0259mb\u0259yova hesab edir ki, m\u0259d\u0259ni irsin qorunmas\u0131 istiqam\u0259tind\u0259 d\u00f6vl\u0259t qurumlar\u0131, v\u0259t\u0259nda\u015f c\u0259miyy\u0259ti institutlar\u0131, elm v\u0259 t\u0259hsil m\u00fc\u0259ssis\u0259l\u0259ri, el\u0259c\u0259 d\u0259 s\u0259n\u0259tkarlar aras\u0131nda \u0259m\u0259kda\u015fl\u0131\u011f\u0131n g\u00fccl\u0259ndirilm\u0259si m\u00fch\u00fcm \u0259h\u0259miyy\u0259t k\u0259sb edir. Onun fikrinc\u0259, milli d\u0259y\u0259rl\u0259rin ya\u015fad\u0131lmas\u0131 v\u0259 beyn\u0259lxalq s\u0259viyy\u0259d\u0259 tan\u0131d\u0131lmas\u0131 Az\u0259rbaycan\u0131n m\u0259d\u0259ni irsinin g\u0259l\u0259c\u0259k inki\u015faf\u0131 \u00fc\u00e7\u00fcn vacib amill\u0259rd\u0259ndir.<\/p>\n\n\n\n<p class=\"wp-block-paragraph\">Qeyri-Maddi M\u0259d\u0259ni \u0130rsin T\u0259bli\u011fi \u0130ctimai Birliyinin icra\u00e7\u0131 direktoru kimi Af\u0259t R\u00fcst\u0259mb\u0259yova milli-m\u0259d\u0259ni irsin qorunmas\u0131, yarad\u0131c\u0131 s\u0259nayel\u0259rin inki\u015faf\u0131, xalq s\u0259n\u0259tkarl\u0131\u011f\u0131n\u0131n d\u0259st\u0259kl\u0259nm\u0259si v\u0259 beyn\u0259lxalq m\u0259d\u0259ni \u0259m\u0259kda\u015fl\u0131\u011f\u0131n geni\u015fl\u0259ndirilm\u0259si istiqam\u0259tind\u0259 f\u0259aliyy\u0259tini davam etdirir. Onun \u0259sas m\u0259qs\u0259di Az\u0259rbaycan\u0131n z\u0259ngin qeyri-maddi m\u0259d\u0259ni irsinin \u00f6lk\u0259 daxilind\u0259 v\u0259 beyn\u0259lxalq s\u0259viyy\u0259d\u0259 daha geni\u015f tan\u0131d\u0131lmas\u0131na, bu sah\u0259d\u0259 \u00e7al\u0131\u015fan s\u0259n\u0259tkarlar\u0131n f\u0259aliyy\u0259tinin t\u0259\u015fviqin\u0259 v\u0259 milli d\u0259y\u0259rl\u0259rimizin g\u0259l\u0259c\u0259k n\u0259sill\u0259r\u0259 \u00f6t\u00fcr\u00fclm\u0259sin\u0259 t\u00f6hf\u0259 verm\u0259kdir.<\/p>\n","protected":false},"excerpt":{"rendered":"<p>S\u0259n\u0259t\u015f\u00fcnas Af\u0259t R\u00fcst\u0259mb\u0259yova uzun ill\u0259rdir Az\u0259rbaycan\u0131n z\u0259ngin m\u0259d\u0259ni irsinin qorunmas\u0131, xalq s\u0259n\u0259tkarl\u0131\u011f\u0131n\u0131n t\u0259bli\u011fi v\u0259 qeyri-maddi m\u0259d\u0259ni irsin g\u0259l\u0259c\u0259k n\u0259sill\u0259r\u0259 \u00f6t\u00fcr\u00fclm\u0259si istiqam\u0259tind\u0259 f\u0259aliyy\u0259t g\u00f6st\u0259rir. Haz\u0131rda o, Qeyri-Maddi M\u0259d\u0259ni \u0130rsin T\u0259bli\u011fi \u0130ctimai Birliyinin icra\u00e7\u0131 direktoru kimi milli-m\u0259d\u0259ni d\u0259y\u0259rl\u0259rin qorunmas\u0131 v\u0259 t\u0259bli\u011fi sah\u0259sind\u0259 h\u0259yata ke\u00e7iril\u0259n layih\u0259l\u0259rin \u0259laq\u0259l\u0259ndirilm\u0259sind\u0259 yax\u0131ndan i\u015ftirak edir. Af\u0259t R\u00fcst\u0259mb\u0259yova s\u0259n\u0259t\u015f\u00fcnas kimi Az\u0259rbaycan xalq s\u0259n\u0259tinin, \u0259n\u0259n\u0259vi [&hellip;]<\/p>\n","protected":false},"author":2,"featured_media":84526,"comment_status":"open","ping_status":"closed","sticky":false,"template":"","format":"standard","meta":{"footnotes":""},"categories":[42],"tags":[],"class_list":["post-84530","post","type-post","status-publish","format-standard","has-post-thumbnail","hentry","category-interview"],"yoast_head":"<!-- This site is optimized with the Yoast SEO plugin v28.2 - https:\/\/yoast.com\/product\/yoast-seo-wordpress\/ -->\n<title>S\u0259n\u0259t\u015f\u00fcnas Af\u0259t R\u00fcst\u0259mb\u0259yova: Milli-m\u0259d\u0259ni irsin qorunmas\u0131 c\u0259miyy\u0259tin ortaq m\u0259suliyy\u0259tidir - \u0130CT\u0130MA\u0130.AZ<\/title>\n<meta name=\"robots\" content=\"index, follow, max-snippet:-1, max-image-preview:large, max-video-preview:-1\" \/>\n<link rel=\"canonical\" href=\"https:\/\/ictimai.az\/?p=84530\" \/>\n<meta property=\"og:locale\" content=\"az_AZ\" \/>\n<meta property=\"og:type\" content=\"article\" \/>\n<meta property=\"og:title\" content=\"S\u0259n\u0259t\u015f\u00fcnas Af\u0259t R\u00fcst\u0259mb\u0259yova: Milli-m\u0259d\u0259ni irsin qorunmas\u0131 c\u0259miyy\u0259tin ortaq m\u0259suliyy\u0259tidir - \u0130CT\u0130MA\u0130.AZ\" \/>\n<meta property=\"og:description\" content=\"S\u0259n\u0259t\u015f\u00fcnas Af\u0259t R\u00fcst\u0259mb\u0259yova uzun ill\u0259rdir Az\u0259rbaycan\u0131n z\u0259ngin m\u0259d\u0259ni irsinin qorunmas\u0131, xalq s\u0259n\u0259tkarl\u0131\u011f\u0131n\u0131n t\u0259bli\u011fi v\u0259 qeyri-maddi m\u0259d\u0259ni irsin g\u0259l\u0259c\u0259k n\u0259sill\u0259r\u0259 \u00f6t\u00fcr\u00fclm\u0259si istiqam\u0259tind\u0259 f\u0259aliyy\u0259t g\u00f6st\u0259rir. Haz\u0131rda o, Qeyri-Maddi M\u0259d\u0259ni \u0130rsin T\u0259bli\u011fi \u0130ctimai Birliyinin icra\u00e7\u0131 direktoru kimi milli-m\u0259d\u0259ni d\u0259y\u0259rl\u0259rin qorunmas\u0131 v\u0259 t\u0259bli\u011fi sah\u0259sind\u0259 h\u0259yata ke\u00e7iril\u0259n layih\u0259l\u0259rin \u0259laq\u0259l\u0259ndirilm\u0259sind\u0259 yax\u0131ndan i\u015ftirak edir. Af\u0259t R\u00fcst\u0259mb\u0259yova s\u0259n\u0259t\u015f\u00fcnas kimi Az\u0259rbaycan xalq s\u0259n\u0259tinin, \u0259n\u0259n\u0259vi [&hellip;]\" \/>\n<meta property=\"og:url\" content=\"https:\/\/ictimai.az\/?p=84530\" \/>\n<meta property=\"og:site_name\" content=\"\u0130CT\u0130MA\u0130.AZ\" \/>\n<meta property=\"article:published_time\" content=\"2024-02-12T09:11:00+00:00\" \/>\n<meta property=\"article:modified_time\" content=\"2026-08-05T09:12:39+00:00\" \/>\n<meta property=\"og:image\" content=\"https:\/\/ictimai.az\/core\/uploads\/2026\/08\/f369965b-ef4f-4e4a-9f9b-2bfbf170141d.jpeg\" \/>\n\t<meta property=\"og:image:width\" content=\"640\" \/>\n\t<meta property=\"og:image:height\" content=\"640\" \/>\n\t<meta property=\"og:image:type\" content=\"image\/jpeg\" \/>\n<meta name=\"author\" content=\"R\u0259\u015fad Bayramov\" \/>\n<meta name=\"twitter:card\" content=\"summary_large_image\" \/>\n<meta name=\"twitter:label1\" content=\"Written by\" \/>\n\t<meta name=\"twitter:data1\" content=\"R\u0259\u015fad Bayramov\" \/>\n\t<meta name=\"twitter:label2\" content=\"Est. reading time\" \/>\n\t<meta name=\"twitter:data2\" content=\"2 minutes\" \/>\n<script type=\"application\/ld+json\" class=\"yoast-schema-graph\">{\"@context\":\"https:\\\/\\\/schema.org\",\"@graph\":[{\"@type\":\"Article\",\"@id\":\"https:\\\/\\\/ictimai.az\\\/?p=84530#article\",\"isPartOf\":{\"@id\":\"https:\\\/\\\/ictimai.az\\\/?p=84530\"},\"author\":{\"name\":\"R\u0259\u015fad Bayramov\",\"@id\":\"https:\\\/\\\/ictimai.az\\\/#\\\/schema\\\/person\\\/1da94bf2c7ab5d83ad349237bec1e6af\"},\"headline\":\"S\u0259n\u0259t\u015f\u00fcnas Af\u0259t R\u00fcst\u0259mb\u0259yova: Milli-m\u0259d\u0259ni irsin qorunmas\u0131 c\u0259miyy\u0259tin ortaq m\u0259suliyy\u0259tidir\",\"datePublished\":\"2024-02-12T09:11:00+00:00\",\"dateModified\":\"2026-08-05T09:12:39+00:00\",\"mainEntityOfPage\":{\"@id\":\"https:\\\/\\\/ictimai.az\\\/?p=84530\"},\"wordCount\":554,\"commentCount\":0,\"publisher\":{\"@id\":\"https:\\\/\\\/ictimai.az\\\/#organization\"},\"image\":{\"@id\":\"https:\\\/\\\/ictimai.az\\\/?p=84530#primaryimage\"},\"thumbnailUrl\":\"https:\\\/\\\/ictimai.az\\\/core\\\/uploads\\\/2026\\\/08\\\/f369965b-ef4f-4e4a-9f9b-2bfbf170141d.jpeg\",\"articleSection\":[\"M\u00fcsahib\u0259\"],\"inLanguage\":\"az\",\"potentialAction\":[{\"@type\":\"CommentAction\",\"name\":\"Comment\",\"target\":[\"https:\\\/\\\/ictimai.az\\\/?p=84530#respond\"]}]},{\"@type\":\"WebPage\",\"@id\":\"https:\\\/\\\/ictimai.az\\\/?p=84530\",\"url\":\"https:\\\/\\\/ictimai.az\\\/?p=84530\",\"name\":\"S\u0259n\u0259t\u015f\u00fcnas Af\u0259t R\u00fcst\u0259mb\u0259yova: Milli-m\u0259d\u0259ni irsin qorunmas\u0131 c\u0259miyy\u0259tin ortaq m\u0259suliyy\u0259tidir - \u0130CT\u0130MA\u0130.AZ\",\"isPartOf\":{\"@id\":\"https:\\\/\\\/ictimai.az\\\/#website\"},\"primaryImageOfPage\":{\"@id\":\"https:\\\/\\\/ictimai.az\\\/?p=84530#primaryimage\"},\"image\":{\"@id\":\"https:\\\/\\\/ictimai.az\\\/?p=84530#primaryimage\"},\"thumbnailUrl\":\"https:\\\/\\\/ictimai.az\\\/core\\\/uploads\\\/2026\\\/08\\\/f369965b-ef4f-4e4a-9f9b-2bfbf170141d.jpeg\",\"datePublished\":\"2024-02-12T09:11:00+00:00\",\"dateModified\":\"2026-08-05T09:12:39+00:00\",\"breadcrumb\":{\"@id\":\"https:\\\/\\\/ictimai.az\\\/?p=84530#breadcrumb\"},\"inLanguage\":\"az\",\"potentialAction\":[{\"@type\":\"ReadAction\",\"target\":[\"https:\\\/\\\/ictimai.az\\\/?p=84530\"]}]},{\"@type\":\"ImageObject\",\"inLanguage\":\"az\",\"@id\":\"https:\\\/\\\/ictimai.az\\\/?p=84530#primaryimage\",\"url\":\"https:\\\/\\\/ictimai.az\\\/core\\\/uploads\\\/2026\\\/08\\\/f369965b-ef4f-4e4a-9f9b-2bfbf170141d.jpeg\",\"contentUrl\":\"https:\\\/\\\/ictimai.az\\\/core\\\/uploads\\\/2026\\\/08\\\/f369965b-ef4f-4e4a-9f9b-2bfbf170141d.jpeg\",\"width\":640,\"height\":640},{\"@type\":\"BreadcrumbList\",\"@id\":\"https:\\\/\\\/ictimai.az\\\/?p=84530#breadcrumb\",\"itemListElement\":[{\"@type\":\"ListItem\",\"position\":1,\"name\":\"Home\",\"item\":\"https:\\\/\\\/ictimai.az\\\/\"},{\"@type\":\"ListItem\",\"position\":2,\"name\":\"S\u0259n\u0259t\u015f\u00fcnas Af\u0259t R\u00fcst\u0259mb\u0259yova: Milli-m\u0259d\u0259ni irsin qorunmas\u0131 c\u0259miyy\u0259tin ortaq m\u0259suliyy\u0259tidir\"}]},{\"@type\":\"WebSite\",\"@id\":\"https:\\\/\\\/ictimai.az\\\/#website\",\"url\":\"https:\\\/\\\/ictimai.az\\\/\",\"name\":\"\u0130CT\u0130MA\u0130.AZ\",\"description\":\"\",\"publisher\":{\"@id\":\"https:\\\/\\\/ictimai.az\\\/#organization\"},\"potentialAction\":[{\"@type\":\"SearchAction\",\"target\":{\"@type\":\"EntryPoint\",\"urlTemplate\":\"https:\\\/\\\/ictimai.az\\\/?s={search_term_string}\"},\"query-input\":{\"@type\":\"PropertyValueSpecification\",\"valueRequired\":true,\"valueName\":\"search_term_string\"}}],\"inLanguage\":\"az\"},{\"@type\":\"Organization\",\"@id\":\"https:\\\/\\\/ictimai.az\\\/#organization\",\"name\":\"\u0130CT\u0130MA\u0130.AZ\",\"url\":\"https:\\\/\\\/ictimai.az\\\/\",\"logo\":{\"@type\":\"ImageObject\",\"inLanguage\":\"az\",\"@id\":\"https:\\\/\\\/ictimai.az\\\/#\\\/schema\\\/logo\\\/image\\\/\",\"url\":\"https:\\\/\\\/ictimai.az\\\/core\\\/uploads\\\/2026\\\/06\\\/cropped-ictimai_0380d81099c6fe3baae753faceb5481f_p41rg2mzq0uyvextfh3k-768x768-1-3.png\",\"contentUrl\":\"https:\\\/\\\/ictimai.az\\\/core\\\/uploads\\\/2026\\\/06\\\/cropped-ictimai_0380d81099c6fe3baae753faceb5481f_p41rg2mzq0uyvextfh3k-768x768-1-3.png\",\"width\":768,\"height\":768,\"caption\":\"\u0130CT\u0130MA\u0130.AZ\"},\"image\":{\"@id\":\"https:\\\/\\\/ictimai.az\\\/#\\\/schema\\\/logo\\\/image\\\/\"}},{\"@type\":\"Person\",\"@id\":\"https:\\\/\\\/ictimai.az\\\/#\\\/schema\\\/person\\\/1da94bf2c7ab5d83ad349237bec1e6af\",\"name\":\"R\u0259\u015fad Bayramov\",\"image\":{\"@type\":\"ImageObject\",\"inLanguage\":\"az\",\"@id\":\"https:\\\/\\\/secure.gravatar.com\\\/avatar\\\/83c075605ba0a4d35d59726aaad89cfa8008d1f01603342c56f1dd79784491bc?s=96&d=mm&r=g\",\"url\":\"https:\\\/\\\/secure.gravatar.com\\\/avatar\\\/83c075605ba0a4d35d59726aaad89cfa8008d1f01603342c56f1dd79784491bc?s=96&d=mm&r=g\",\"contentUrl\":\"https:\\\/\\\/secure.gravatar.com\\\/avatar\\\/83c075605ba0a4d35d59726aaad89cfa8008d1f01603342c56f1dd79784491bc?s=96&d=mm&r=g\",\"caption\":\"R\u0259\u015fad Bayramov\"},\"sameAs\":[\"https:\\\/\\\/ictimai.az\\\/\"],\"url\":\"https:\\\/\\\/ictimai.az\\\/?author=2\"}]}<\/script>\n<!-- \/ Yoast SEO plugin. -->","yoast_head_json":{"title":"S\u0259n\u0259t\u015f\u00fcnas Af\u0259t R\u00fcst\u0259mb\u0259yova: Milli-m\u0259d\u0259ni irsin qorunmas\u0131 c\u0259miyy\u0259tin ortaq m\u0259suliyy\u0259tidir - \u0130CT\u0130MA\u0130.AZ","robots":{"index":"index","follow":"follow","max-snippet":"max-snippet:-1","max-image-preview":"max-image-preview:large","max-video-preview":"max-video-preview:-1"},"canonical":"https:\/\/ictimai.az\/?p=84530","og_locale":"az_AZ","og_type":"article","og_title":"S\u0259n\u0259t\u015f\u00fcnas Af\u0259t R\u00fcst\u0259mb\u0259yova: Milli-m\u0259d\u0259ni irsin qorunmas\u0131 c\u0259miyy\u0259tin ortaq m\u0259suliyy\u0259tidir - \u0130CT\u0130MA\u0130.AZ","og_description":"S\u0259n\u0259t\u015f\u00fcnas Af\u0259t R\u00fcst\u0259mb\u0259yova uzun ill\u0259rdir Az\u0259rbaycan\u0131n z\u0259ngin m\u0259d\u0259ni irsinin qorunmas\u0131, xalq s\u0259n\u0259tkarl\u0131\u011f\u0131n\u0131n t\u0259bli\u011fi v\u0259 qeyri-maddi m\u0259d\u0259ni irsin g\u0259l\u0259c\u0259k n\u0259sill\u0259r\u0259 \u00f6t\u00fcr\u00fclm\u0259si istiqam\u0259tind\u0259 f\u0259aliyy\u0259t g\u00f6st\u0259rir. Haz\u0131rda o, Qeyri-Maddi M\u0259d\u0259ni \u0130rsin T\u0259bli\u011fi \u0130ctimai Birliyinin icra\u00e7\u0131 direktoru kimi milli-m\u0259d\u0259ni d\u0259y\u0259rl\u0259rin qorunmas\u0131 v\u0259 t\u0259bli\u011fi sah\u0259sind\u0259 h\u0259yata ke\u00e7iril\u0259n layih\u0259l\u0259rin \u0259laq\u0259l\u0259ndirilm\u0259sind\u0259 yax\u0131ndan i\u015ftirak edir. Af\u0259t R\u00fcst\u0259mb\u0259yova s\u0259n\u0259t\u015f\u00fcnas kimi Az\u0259rbaycan xalq s\u0259n\u0259tinin, \u0259n\u0259n\u0259vi [&hellip;]","og_url":"https:\/\/ictimai.az\/?p=84530","og_site_name":"\u0130CT\u0130MA\u0130.AZ","article_published_time":"2024-02-12T09:11:00+00:00","article_modified_time":"2026-08-05T09:12:39+00:00","og_image":[{"width":640,"height":640,"url":"https:\/\/ictimai.az\/core\/uploads\/2026\/08\/f369965b-ef4f-4e4a-9f9b-2bfbf170141d.jpeg","type":"image\/jpeg"}],"author":"R\u0259\u015fad Bayramov","twitter_card":"summary_large_image","twitter_misc":{"Written by":"R\u0259\u015fad Bayramov","Est. reading time":"2 minutes"},"schema":{"@context":"https:\/\/schema.org","@graph":[{"@type":"Article","@id":"https:\/\/ictimai.az\/?p=84530#article","isPartOf":{"@id":"https:\/\/ictimai.az\/?p=84530"},"author":{"name":"R\u0259\u015fad Bayramov","@id":"https:\/\/ictimai.az\/#\/schema\/person\/1da94bf2c7ab5d83ad349237bec1e6af"},"headline":"S\u0259n\u0259t\u015f\u00fcnas Af\u0259t R\u00fcst\u0259mb\u0259yova: Milli-m\u0259d\u0259ni irsin qorunmas\u0131 c\u0259miyy\u0259tin ortaq m\u0259suliyy\u0259tidir","datePublished":"2024-02-12T09:11:00+00:00","dateModified":"2026-08-05T09:12:39+00:00","mainEntityOfPage":{"@id":"https:\/\/ictimai.az\/?p=84530"},"wordCount":554,"commentCount":0,"publisher":{"@id":"https:\/\/ictimai.az\/#organization"},"image":{"@id":"https:\/\/ictimai.az\/?p=84530#primaryimage"},"thumbnailUrl":"https:\/\/ictimai.az\/core\/uploads\/2026\/08\/f369965b-ef4f-4e4a-9f9b-2bfbf170141d.jpeg","articleSection":["M\u00fcsahib\u0259"],"inLanguage":"az","potentialAction":[{"@type":"CommentAction","name":"Comment","target":["https:\/\/ictimai.az\/?p=84530#respond"]}]},{"@type":"WebPage","@id":"https:\/\/ictimai.az\/?p=84530","url":"https:\/\/ictimai.az\/?p=84530","name":"S\u0259n\u0259t\u015f\u00fcnas Af\u0259t R\u00fcst\u0259mb\u0259yova: Milli-m\u0259d\u0259ni irsin qorunmas\u0131 c\u0259miyy\u0259tin ortaq m\u0259suliyy\u0259tidir - \u0130CT\u0130MA\u0130.AZ","isPartOf":{"@id":"https:\/\/ictimai.az\/#website"},"primaryImageOfPage":{"@id":"https:\/\/ictimai.az\/?p=84530#primaryimage"},"image":{"@id":"https:\/\/ictimai.az\/?p=84530#primaryimage"},"thumbnailUrl":"https:\/\/ictimai.az\/core\/uploads\/2026\/08\/f369965b-ef4f-4e4a-9f9b-2bfbf170141d.jpeg","datePublished":"2024-02-12T09:11:00+00:00","dateModified":"2026-08-05T09:12:39+00:00","breadcrumb":{"@id":"https:\/\/ictimai.az\/?p=84530#breadcrumb"},"inLanguage":"az","potentialAction":[{"@type":"ReadAction","target":["https:\/\/ictimai.az\/?p=84530"]}]},{"@type":"ImageObject","inLanguage":"az","@id":"https:\/\/ictimai.az\/?p=84530#primaryimage","url":"https:\/\/ictimai.az\/core\/uploads\/2026\/08\/f369965b-ef4f-4e4a-9f9b-2bfbf170141d.jpeg","contentUrl":"https:\/\/ictimai.az\/core\/uploads\/2026\/08\/f369965b-ef4f-4e4a-9f9b-2bfbf170141d.jpeg","width":640,"height":640},{"@type":"BreadcrumbList","@id":"https:\/\/ictimai.az\/?p=84530#breadcrumb","itemListElement":[{"@type":"ListItem","position":1,"name":"Home","item":"https:\/\/ictimai.az\/"},{"@type":"ListItem","position":2,"name":"S\u0259n\u0259t\u015f\u00fcnas Af\u0259t R\u00fcst\u0259mb\u0259yova: Milli-m\u0259d\u0259ni irsin qorunmas\u0131 c\u0259miyy\u0259tin ortaq m\u0259suliyy\u0259tidir"}]},{"@type":"WebSite","@id":"https:\/\/ictimai.az\/#website","url":"https:\/\/ictimai.az\/","name":"\u0130CT\u0130MA\u0130.AZ","description":"","publisher":{"@id":"https:\/\/ictimai.az\/#organization"},"potentialAction":[{"@type":"SearchAction","target":{"@type":"EntryPoint","urlTemplate":"https:\/\/ictimai.az\/?s={search_term_string}"},"query-input":{"@type":"PropertyValueSpecification","valueRequired":true,"valueName":"search_term_string"}}],"inLanguage":"az"},{"@type":"Organization","@id":"https:\/\/ictimai.az\/#organization","name":"\u0130CT\u0130MA\u0130.AZ","url":"https:\/\/ictimai.az\/","logo":{"@type":"ImageObject","inLanguage":"az","@id":"https:\/\/ictimai.az\/#\/schema\/logo\/image\/","url":"https:\/\/ictimai.az\/core\/uploads\/2026\/06\/cropped-ictimai_0380d81099c6fe3baae753faceb5481f_p41rg2mzq0uyvextfh3k-768x768-1-3.png","contentUrl":"https:\/\/ictimai.az\/core\/uploads\/2026\/06\/cropped-ictimai_0380d81099c6fe3baae753faceb5481f_p41rg2mzq0uyvextfh3k-768x768-1-3.png","width":768,"height":768,"caption":"\u0130CT\u0130MA\u0130.AZ"},"image":{"@id":"https:\/\/ictimai.az\/#\/schema\/logo\/image\/"}},{"@type":"Person","@id":"https:\/\/ictimai.az\/#\/schema\/person\/1da94bf2c7ab5d83ad349237bec1e6af","name":"R\u0259\u015fad Bayramov","image":{"@type":"ImageObject","inLanguage":"az","@id":"https:\/\/secure.gravatar.com\/avatar\/83c075605ba0a4d35d59726aaad89cfa8008d1f01603342c56f1dd79784491bc?s=96&d=mm&r=g","url":"https:\/\/secure.gravatar.com\/avatar\/83c075605ba0a4d35d59726aaad89cfa8008d1f01603342c56f1dd79784491bc?s=96&d=mm&r=g","contentUrl":"https:\/\/secure.gravatar.com\/avatar\/83c075605ba0a4d35d59726aaad89cfa8008d1f01603342c56f1dd79784491bc?s=96&d=mm&r=g","caption":"R\u0259\u015fad Bayramov"},"sameAs":["https:\/\/ictimai.az\/"],"url":"https:\/\/ictimai.az\/?author=2"}]}},"_links":{"self":[{"href":"https:\/\/ictimai.az\/index.php?rest_route=\/wp\/v2\/posts\/84530","targetHints":{"allow":["GET"]}}],"collection":[{"href":"https:\/\/ictimai.az\/index.php?rest_route=\/wp\/v2\/posts"}],"about":[{"href":"https:\/\/ictimai.az\/index.php?rest_route=\/wp\/v2\/types\/post"}],"author":[{"embeddable":true,"href":"https:\/\/ictimai.az\/index.php?rest_route=\/wp\/v2\/users\/2"}],"replies":[{"embeddable":true,"href":"https:\/\/ictimai.az\/index.php?rest_route=%2Fwp%2Fv2%2Fcomments&post=84530"}],"version-history":[{"count":0,"href":"https:\/\/ictimai.az\/index.php?rest_route=\/wp\/v2\/posts\/84530\/revisions"}],"wp:featuredmedia":[{"embeddable":true,"href":"https:\/\/ictimai.az\/index.php?rest_route=\/wp\/v2\/media\/84526"}],"wp:attachment":[{"href":"https:\/\/ictimai.az\/index.php?rest_route=%2Fwp%2Fv2%2Fmedia&parent=84530"}],"wp:term":[{"taxonomy":"category","embeddable":true,"href":"https:\/\/ictimai.az\/index.php?rest_route=%2Fwp%2Fv2%2Fcategories&post=84530"},{"taxonomy":"post_tag","embeddable":true,"href":"https:\/\/ictimai.az\/index.php?rest_route=%2Fwp%2Fv2%2Ftags&post=84530"}],"curies":[{"name":"wp","href":"https:\/\/api.w.org\/{rel}","templated":true}]}}