{"id":8494,"date":"2020-12-31T16:11:38","date_gmt":"2020-12-31T12:11:38","guid":{"rendered":"https:\/\/ictimai.az\/?p=8494"},"modified":"2020-12-31T18:21:05","modified_gmt":"2020-12-31T14:21:05","slug":"mehriban-eliyeva-dunya-azerbaycanlilarini-tebrik-etdi-foto","status":"publish","type":"post","link":"https:\/\/ictimai.az\/?p=8494","title":{"rendered":"Mehriban \u018fliyeva d\u00fcnya az\u0259rbaycanl\u0131lar\u0131n\u0131 t\u0259brik etdi &#8211; FOTO"},"content":{"rendered":"<p>Az\u0259rbaycan Respublikas\u0131n\u0131n Birinci vitse-prezidenti Mehriban \u018fliyeva d\u00fcnya az\u0259rbaycanl\u0131lar\u0131n\u0131 31 Dekabr \u2013 D\u00fcnya Az\u0259rbaycanl\u0131lar\u0131n\u0131n H\u0259mr\u0259yliyi G\u00fcn\u00fc v\u0259 Yeni il m\u00fcnasib\u0259til\u0259 t\u0259brik edib.<\/p>\n<p>Birinci vitse-prezident bununla ba\u011fl\u0131 r\u0259smi \u201cInstagram\u201d hesab\u0131nda payla\u015f\u0131m edib:<\/p>\n<p>\u201c\u018fziz h\u0259mv\u0259t\u0259nl\u0259r!<\/p>\n<p>Sizi 31 Dekabr \u2013 D\u00fcnya Az\u0259rbaycanl\u0131lar\u0131n\u0131n H\u0259mr\u0259yliyi G\u00fcn\u00fc v\u0259 Yeni il m\u00fcnasib\u0259til\u0259 t\u0259brik edir, h\u0259r biriniz\u0259 xo\u015f arzular\u0131m\u0131 \u00e7atd\u0131r\u0131ram. Yola sald\u0131\u011f\u0131m\u0131z il yadda\u015f\u0131m\u0131za \u015eanl\u0131 Z\u0259f\u0259r ili kimi \u0259b\u0259di h\u0259kk olunacaq. Bu Z\u0259f\u0259rin qazan\u0131lmas\u0131nda xalq\u0131m\u0131z\u0131n sars\u0131lmaz birliyi, h\u0259mr\u0259yliyi, q\u0259tiyy\u0259ti v\u0259 irad\u0259si m\u00fcst\u0259sna rol oynay\u0131b. Qoy b\u00fct\u00fcn m\u0259s\u0259l\u0259l\u0259rin \u00f6hd\u0259sind\u0259n u\u011furla g\u0259lm\u0259yimiz\u0259 imkan yaradan birliyimiz g\u00fcn\u00fc-g\u00fcnd\u0259n m\u00f6hk\u0259ml\u0259nsin! Uca Tanr\u0131dan h\u0259r biriniz\u0259 m\u00f6hk\u0259m cansa\u011fl\u0131\u011f\u0131, uzun \u00f6m\u00fcr v\u0259 xo\u015fb\u0259xtlik, V\u0259t\u0259nimiz\u0259 &#8211; s\u00fclh, \u0259min-amanl\u0131q v\u0259 t\u0259r\u0259qqi dil\u0259yir\u0259m!\u201d<\/p>\n<p><img loading=\"lazy\" decoding=\"async\" class=\"alignnone size-medium wp-image-8495\" src=\"https:\/\/ictimai.az\/core\/uploads\/2020\/12\/ictimai_996b4cec7d55039cf6a354c90603955f_6puk0c91szvb3gtjfwl7-300x300.jpg\" alt=\"\" width=\"300\" height=\"300\" srcset=\"https:\/\/ictimai.az\/core\/uploads\/2020\/12\/ictimai_996b4cec7d55039cf6a354c90603955f_6puk0c91szvb3gtjfwl7-300x300.jpg 300w, https:\/\/ictimai.az\/core\/uploads\/2020\/12\/ictimai_996b4cec7d55039cf6a354c90603955f_6puk0c91szvb3gtjfwl7-1024x1024.jpg 1024w, https:\/\/ictimai.az\/core\/uploads\/2020\/12\/ictimai_996b4cec7d55039cf6a354c90603955f_6puk0c91szvb3gtjfwl7-150x150.jpg 150w, https:\/\/ictimai.az\/core\/uploads\/2020\/12\/ictimai_996b4cec7d55039cf6a354c90603955f_6puk0c91szvb3gtjfwl7-768x768.jpg 768w, https:\/\/ictimai.az\/core\/uploads\/2020\/12\/ictimai_996b4cec7d55039cf6a354c90603955f_6puk0c91szvb3gtjfwl7.jpg 1080w\" sizes=\"auto, (max-width: 300px) 100vw, 300px\" \/><\/p>\n","protected":false},"excerpt":{"rendered":"<p>Az\u0259rbaycan Respublikas\u0131n\u0131n Birinci vitse-prezidenti Mehriban \u018fliyeva d\u00fcnya az\u0259rbaycanl\u0131lar\u0131n\u0131 31 Dekabr \u2013 D\u00fcnya Az\u0259rbaycanl\u0131lar\u0131n\u0131n H\u0259mr\u0259yliyi G\u00fcn\u00fc v\u0259 Yeni il m\u00fcnasib\u0259til\u0259 t\u0259brik edib. Birinci vitse-prezident bununla ba\u011fl\u0131 r\u0259smi \u201cInstagram\u201d hesab\u0131nda payla\u015f\u0131m edib: \u201c\u018fziz h\u0259mv\u0259t\u0259nl\u0259r! Sizi 31 Dekabr \u2013 D\u00fcnya Az\u0259rbaycanl\u0131lar\u0131n\u0131n H\u0259mr\u0259yliyi G\u00fcn\u00fc v\u0259 Yeni il m\u00fcnasib\u0259til\u0259 t\u0259brik edir, h\u0259r biriniz\u0259 xo\u015f arzular\u0131m\u0131 \u00e7atd\u0131r\u0131ram. Yola sald\u0131\u011f\u0131m\u0131z il yadda\u015f\u0131m\u0131za [&hellip;]<\/p>\n","protected":false},"author":2,"featured_media":0,"comment_status":"closed","ping_status":"closed","sticky":false,"template":"","format":"standard","meta":{"footnotes":""},"categories":[2],"tags":[],"class_list":["post-8494","post","type-post","status-publish","format-standard","hentry","category-trend"],"yoast_head":"<!-- This site is optimized with the Yoast SEO plugin v28.2 - https:\/\/yoast.com\/product\/yoast-seo-wordpress\/ -->\n<title>Mehriban \u018fliyeva d\u00fcnya az\u0259rbaycanl\u0131lar\u0131n\u0131 t\u0259brik etdi - FOTO - \u0130CT\u0130MA\u0130.AZ<\/title>\n<meta name=\"robots\" content=\"index, follow, max-snippet:-1, max-image-preview:large, max-video-preview:-1\" \/>\n<link rel=\"canonical\" href=\"https:\/\/ictimai.az\/?p=8494\" \/>\n<meta property=\"og:locale\" content=\"az_AZ\" \/>\n<meta property=\"og:type\" content=\"article\" \/>\n<meta property=\"og:title\" content=\"Mehriban \u018fliyeva d\u00fcnya az\u0259rbaycanl\u0131lar\u0131n\u0131 t\u0259brik etdi - FOTO - \u0130CT\u0130MA\u0130.AZ\" \/>\n<meta property=\"og:description\" content=\"Az\u0259rbaycan Respublikas\u0131n\u0131n Birinci vitse-prezidenti Mehriban \u018fliyeva d\u00fcnya az\u0259rbaycanl\u0131lar\u0131n\u0131 31 Dekabr \u2013 D\u00fcnya Az\u0259rbaycanl\u0131lar\u0131n\u0131n H\u0259mr\u0259yliyi G\u00fcn\u00fc v\u0259 Yeni il m\u00fcnasib\u0259til\u0259 t\u0259brik edib. Birinci vitse-prezident bununla ba\u011fl\u0131 r\u0259smi \u201cInstagram\u201d hesab\u0131nda payla\u015f\u0131m edib: \u201c\u018fziz h\u0259mv\u0259t\u0259nl\u0259r! Sizi 31 Dekabr \u2013 D\u00fcnya Az\u0259rbaycanl\u0131lar\u0131n\u0131n H\u0259mr\u0259yliyi G\u00fcn\u00fc v\u0259 Yeni il m\u00fcnasib\u0259til\u0259 t\u0259brik edir, h\u0259r biriniz\u0259 xo\u015f arzular\u0131m\u0131 \u00e7atd\u0131r\u0131ram. Yola sald\u0131\u011f\u0131m\u0131z il yadda\u015f\u0131m\u0131za [&hellip;]\" \/>\n<meta property=\"og:url\" content=\"https:\/\/ictimai.az\/?p=8494\" \/>\n<meta property=\"og:site_name\" content=\"\u0130CT\u0130MA\u0130.AZ\" \/>\n<meta property=\"article:published_time\" content=\"2020-12-31T12:11:38+00:00\" \/>\n<meta property=\"article:modified_time\" content=\"2020-12-31T14:21:05+00:00\" \/>\n<meta property=\"og:image\" content=\"https:\/\/ictimai.az\/core\/uploads\/2020\/12\/ictimai_996b4cec7d55039cf6a354c90603955f_6puk0c91szvb3gtjfwl7-300x300.jpg\" \/>\n<meta name=\"author\" content=\"R\u0259\u015fad Bayramov\" \/>\n<meta name=\"twitter:card\" content=\"summary_large_image\" \/>\n<meta name=\"twitter:label1\" content=\"Written by\" \/>\n\t<meta name=\"twitter:data1\" content=\"R\u0259\u015fad Bayramov\" \/>\n\t<meta name=\"twitter:label2\" content=\"Est. reading time\" \/>\n\t<meta name=\"twitter:data2\" content=\"1 minute\" \/>\n<script type=\"application\/ld+json\" class=\"yoast-schema-graph\">{\"@context\":\"https:\\\/\\\/schema.org\",\"@graph\":[{\"@type\":\"Article\",\"@id\":\"https:\\\/\\\/ictimai.az\\\/?p=8494#article\",\"isPartOf\":{\"@id\":\"https:\\\/\\\/ictimai.az\\\/?p=8494\"},\"author\":{\"name\":\"R\u0259\u015fad Bayramov\",\"@id\":\"https:\\\/\\\/ictimai.az\\\/#\\\/schema\\\/person\\\/1da94bf2c7ab5d83ad349237bec1e6af\"},\"headline\":\"Mehriban \u018fliyeva d\u00fcnya az\u0259rbaycanl\u0131lar\u0131n\u0131 t\u0259brik etdi &#8211; FOTO\",\"datePublished\":\"2020-12-31T12:11:38+00:00\",\"dateModified\":\"2020-12-31T14:21:05+00:00\",\"mainEntityOfPage\":{\"@id\":\"https:\\\/\\\/ictimai.az\\\/?p=8494\"},\"wordCount\":211,\"publisher\":{\"@id\":\"https:\\\/\\\/ictimai.az\\\/#organization\"},\"image\":{\"@id\":\"https:\\\/\\\/ictimai.az\\\/?p=8494#primaryimage\"},\"thumbnailUrl\":\"https:\\\/\\\/ictimai.az\\\/core\\\/uploads\\\/2020\\\/12\\\/ictimai_996b4cec7d55039cf6a354c90603955f_6puk0c91szvb3gtjfwl7-300x300.jpg\",\"articleSection\":[\"G\u00fcnd\u0259m\"],\"inLanguage\":\"az\"},{\"@type\":\"WebPage\",\"@id\":\"https:\\\/\\\/ictimai.az\\\/?p=8494\",\"url\":\"https:\\\/\\\/ictimai.az\\\/?p=8494\",\"name\":\"Mehriban \u018fliyeva d\u00fcnya az\u0259rbaycanl\u0131lar\u0131n\u0131 t\u0259brik etdi - FOTO - \u0130CT\u0130MA\u0130.AZ\",\"isPartOf\":{\"@id\":\"https:\\\/\\\/ictimai.az\\\/#website\"},\"primaryImageOfPage\":{\"@id\":\"https:\\\/\\\/ictimai.az\\\/?p=8494#primaryimage\"},\"image\":{\"@id\":\"https:\\\/\\\/ictimai.az\\\/?p=8494#primaryimage\"},\"thumbnailUrl\":\"https:\\\/\\\/ictimai.az\\\/core\\\/uploads\\\/2020\\\/12\\\/ictimai_996b4cec7d55039cf6a354c90603955f_6puk0c91szvb3gtjfwl7-300x300.jpg\",\"datePublished\":\"2020-12-31T12:11:38+00:00\",\"dateModified\":\"2020-12-31T14:21:05+00:00\",\"breadcrumb\":{\"@id\":\"https:\\\/\\\/ictimai.az\\\/?p=8494#breadcrumb\"},\"inLanguage\":\"az\",\"potentialAction\":[{\"@type\":\"ReadAction\",\"target\":[\"https:\\\/\\\/ictimai.az\\\/?p=8494\"]}]},{\"@type\":\"ImageObject\",\"inLanguage\":\"az\",\"@id\":\"https:\\\/\\\/ictimai.az\\\/?p=8494#primaryimage\",\"url\":\"https:\\\/\\\/ictimai.az\\\/core\\\/uploads\\\/2020\\\/12\\\/ictimai_996b4cec7d55039cf6a354c90603955f_6puk0c91szvb3gtjfwl7.jpg\",\"contentUrl\":\"https:\\\/\\\/ictimai.az\\\/core\\\/uploads\\\/2020\\\/12\\\/ictimai_996b4cec7d55039cf6a354c90603955f_6puk0c91szvb3gtjfwl7.jpg\",\"width\":1080,\"height\":1080},{\"@type\":\"BreadcrumbList\",\"@id\":\"https:\\\/\\\/ictimai.az\\\/?p=8494#breadcrumb\",\"itemListElement\":[{\"@type\":\"ListItem\",\"position\":1,\"name\":\"Home\",\"item\":\"https:\\\/\\\/ictimai.az\\\/\"},{\"@type\":\"ListItem\",\"position\":2,\"name\":\"Mehriban \u018fliyeva d\u00fcnya az\u0259rbaycanl\u0131lar\u0131n\u0131 t\u0259brik etdi &#8211; FOTO\"}]},{\"@type\":\"WebSite\",\"@id\":\"https:\\\/\\\/ictimai.az\\\/#website\",\"url\":\"https:\\\/\\\/ictimai.az\\\/\",\"name\":\"\u0130CT\u0130MA\u0130.AZ\",\"description\":\"\",\"publisher\":{\"@id\":\"https:\\\/\\\/ictimai.az\\\/#organization\"},\"potentialAction\":[{\"@type\":\"SearchAction\",\"target\":{\"@type\":\"EntryPoint\",\"urlTemplate\":\"https:\\\/\\\/ictimai.az\\\/?s={search_term_string}\"},\"query-input\":{\"@type\":\"PropertyValueSpecification\",\"valueRequired\":true,\"valueName\":\"search_term_string\"}}],\"inLanguage\":\"az\"},{\"@type\":\"Organization\",\"@id\":\"https:\\\/\\\/ictimai.az\\\/#organization\",\"name\":\"\u0130CT\u0130MA\u0130.AZ\",\"url\":\"https:\\\/\\\/ictimai.az\\\/\",\"logo\":{\"@type\":\"ImageObject\",\"inLanguage\":\"az\",\"@id\":\"https:\\\/\\\/ictimai.az\\\/#\\\/schema\\\/logo\\\/image\\\/\",\"url\":\"https:\\\/\\\/ictimai.az\\\/core\\\/uploads\\\/2026\\\/06\\\/cropped-ictimai_0380d81099c6fe3baae753faceb5481f_p41rg2mzq0uyvextfh3k-768x768-1-3.png\",\"contentUrl\":\"https:\\\/\\\/ictimai.az\\\/core\\\/uploads\\\/2026\\\/06\\\/cropped-ictimai_0380d81099c6fe3baae753faceb5481f_p41rg2mzq0uyvextfh3k-768x768-1-3.png\",\"width\":768,\"height\":768,\"caption\":\"\u0130CT\u0130MA\u0130.AZ\"},\"image\":{\"@id\":\"https:\\\/\\\/ictimai.az\\\/#\\\/schema\\\/logo\\\/image\\\/\"}},{\"@type\":\"Person\",\"@id\":\"https:\\\/\\\/ictimai.az\\\/#\\\/schema\\\/person\\\/1da94bf2c7ab5d83ad349237bec1e6af\",\"name\":\"R\u0259\u015fad Bayramov\",\"image\":{\"@type\":\"ImageObject\",\"inLanguage\":\"az\",\"@id\":\"https:\\\/\\\/secure.gravatar.com\\\/avatar\\\/83c075605ba0a4d35d59726aaad89cfa8008d1f01603342c56f1dd79784491bc?s=96&d=mm&r=g\",\"url\":\"https:\\\/\\\/secure.gravatar.com\\\/avatar\\\/83c075605ba0a4d35d59726aaad89cfa8008d1f01603342c56f1dd79784491bc?s=96&d=mm&r=g\",\"contentUrl\":\"https:\\\/\\\/secure.gravatar.com\\\/avatar\\\/83c075605ba0a4d35d59726aaad89cfa8008d1f01603342c56f1dd79784491bc?s=96&d=mm&r=g\",\"caption\":\"R\u0259\u015fad Bayramov\"},\"sameAs\":[\"https:\\\/\\\/ictimai.az\\\/\"],\"url\":\"https:\\\/\\\/ictimai.az\\\/?author=2\"}]}<\/script>\n<!-- \/ Yoast SEO plugin. -->","yoast_head_json":{"title":"Mehriban \u018fliyeva d\u00fcnya az\u0259rbaycanl\u0131lar\u0131n\u0131 t\u0259brik etdi - FOTO - \u0130CT\u0130MA\u0130.AZ","robots":{"index":"index","follow":"follow","max-snippet":"max-snippet:-1","max-image-preview":"max-image-preview:large","max-video-preview":"max-video-preview:-1"},"canonical":"https:\/\/ictimai.az\/?p=8494","og_locale":"az_AZ","og_type":"article","og_title":"Mehriban \u018fliyeva d\u00fcnya az\u0259rbaycanl\u0131lar\u0131n\u0131 t\u0259brik etdi - FOTO - \u0130CT\u0130MA\u0130.AZ","og_description":"Az\u0259rbaycan Respublikas\u0131n\u0131n Birinci vitse-prezidenti Mehriban \u018fliyeva d\u00fcnya az\u0259rbaycanl\u0131lar\u0131n\u0131 31 Dekabr \u2013 D\u00fcnya Az\u0259rbaycanl\u0131lar\u0131n\u0131n H\u0259mr\u0259yliyi G\u00fcn\u00fc v\u0259 Yeni il m\u00fcnasib\u0259til\u0259 t\u0259brik edib. Birinci vitse-prezident bununla ba\u011fl\u0131 r\u0259smi \u201cInstagram\u201d hesab\u0131nda payla\u015f\u0131m edib: \u201c\u018fziz h\u0259mv\u0259t\u0259nl\u0259r! Sizi 31 Dekabr \u2013 D\u00fcnya Az\u0259rbaycanl\u0131lar\u0131n\u0131n H\u0259mr\u0259yliyi G\u00fcn\u00fc v\u0259 Yeni il m\u00fcnasib\u0259til\u0259 t\u0259brik edir, h\u0259r biriniz\u0259 xo\u015f arzular\u0131m\u0131 \u00e7atd\u0131r\u0131ram. Yola sald\u0131\u011f\u0131m\u0131z il yadda\u015f\u0131m\u0131za [&hellip;]","og_url":"https:\/\/ictimai.az\/?p=8494","og_site_name":"\u0130CT\u0130MA\u0130.AZ","article_published_time":"2020-12-31T12:11:38+00:00","article_modified_time":"2020-12-31T14:21:05+00:00","og_image":[{"url":"https:\/\/ictimai.az\/core\/uploads\/2020\/12\/ictimai_996b4cec7d55039cf6a354c90603955f_6puk0c91szvb3gtjfwl7-300x300.jpg","type":"","width":"","height":""}],"author":"R\u0259\u015fad Bayramov","twitter_card":"summary_large_image","twitter_misc":{"Written by":"R\u0259\u015fad Bayramov","Est. reading time":"1 minute"},"schema":{"@context":"https:\/\/schema.org","@graph":[{"@type":"Article","@id":"https:\/\/ictimai.az\/?p=8494#article","isPartOf":{"@id":"https:\/\/ictimai.az\/?p=8494"},"author":{"name":"R\u0259\u015fad Bayramov","@id":"https:\/\/ictimai.az\/#\/schema\/person\/1da94bf2c7ab5d83ad349237bec1e6af"},"headline":"Mehriban \u018fliyeva d\u00fcnya az\u0259rbaycanl\u0131lar\u0131n\u0131 t\u0259brik etdi &#8211; FOTO","datePublished":"2020-12-31T12:11:38+00:00","dateModified":"2020-12-31T14:21:05+00:00","mainEntityOfPage":{"@id":"https:\/\/ictimai.az\/?p=8494"},"wordCount":211,"publisher":{"@id":"https:\/\/ictimai.az\/#organization"},"image":{"@id":"https:\/\/ictimai.az\/?p=8494#primaryimage"},"thumbnailUrl":"https:\/\/ictimai.az\/core\/uploads\/2020\/12\/ictimai_996b4cec7d55039cf6a354c90603955f_6puk0c91szvb3gtjfwl7-300x300.jpg","articleSection":["G\u00fcnd\u0259m"],"inLanguage":"az"},{"@type":"WebPage","@id":"https:\/\/ictimai.az\/?p=8494","url":"https:\/\/ictimai.az\/?p=8494","name":"Mehriban \u018fliyeva d\u00fcnya az\u0259rbaycanl\u0131lar\u0131n\u0131 t\u0259brik etdi - FOTO - \u0130CT\u0130MA\u0130.AZ","isPartOf":{"@id":"https:\/\/ictimai.az\/#website"},"primaryImageOfPage":{"@id":"https:\/\/ictimai.az\/?p=8494#primaryimage"},"image":{"@id":"https:\/\/ictimai.az\/?p=8494#primaryimage"},"thumbnailUrl":"https:\/\/ictimai.az\/core\/uploads\/2020\/12\/ictimai_996b4cec7d55039cf6a354c90603955f_6puk0c91szvb3gtjfwl7-300x300.jpg","datePublished":"2020-12-31T12:11:38+00:00","dateModified":"2020-12-31T14:21:05+00:00","breadcrumb":{"@id":"https:\/\/ictimai.az\/?p=8494#breadcrumb"},"inLanguage":"az","potentialAction":[{"@type":"ReadAction","target":["https:\/\/ictimai.az\/?p=8494"]}]},{"@type":"ImageObject","inLanguage":"az","@id":"https:\/\/ictimai.az\/?p=8494#primaryimage","url":"https:\/\/ictimai.az\/core\/uploads\/2020\/12\/ictimai_996b4cec7d55039cf6a354c90603955f_6puk0c91szvb3gtjfwl7.jpg","contentUrl":"https:\/\/ictimai.az\/core\/uploads\/2020\/12\/ictimai_996b4cec7d55039cf6a354c90603955f_6puk0c91szvb3gtjfwl7.jpg","width":1080,"height":1080},{"@type":"BreadcrumbList","@id":"https:\/\/ictimai.az\/?p=8494#breadcrumb","itemListElement":[{"@type":"ListItem","position":1,"name":"Home","item":"https:\/\/ictimai.az\/"},{"@type":"ListItem","position":2,"name":"Mehriban \u018fliyeva d\u00fcnya az\u0259rbaycanl\u0131lar\u0131n\u0131 t\u0259brik etdi &#8211; FOTO"}]},{"@type":"WebSite","@id":"https:\/\/ictimai.az\/#website","url":"https:\/\/ictimai.az\/","name":"\u0130CT\u0130MA\u0130.AZ","description":"","publisher":{"@id":"https:\/\/ictimai.az\/#organization"},"potentialAction":[{"@type":"SearchAction","target":{"@type":"EntryPoint","urlTemplate":"https:\/\/ictimai.az\/?s={search_term_string}"},"query-input":{"@type":"PropertyValueSpecification","valueRequired":true,"valueName":"search_term_string"}}],"inLanguage":"az"},{"@type":"Organization","@id":"https:\/\/ictimai.az\/#organization","name":"\u0130CT\u0130MA\u0130.AZ","url":"https:\/\/ictimai.az\/","logo":{"@type":"ImageObject","inLanguage":"az","@id":"https:\/\/ictimai.az\/#\/schema\/logo\/image\/","url":"https:\/\/ictimai.az\/core\/uploads\/2026\/06\/cropped-ictimai_0380d81099c6fe3baae753faceb5481f_p41rg2mzq0uyvextfh3k-768x768-1-3.png","contentUrl":"https:\/\/ictimai.az\/core\/uploads\/2026\/06\/cropped-ictimai_0380d81099c6fe3baae753faceb5481f_p41rg2mzq0uyvextfh3k-768x768-1-3.png","width":768,"height":768,"caption":"\u0130CT\u0130MA\u0130.AZ"},"image":{"@id":"https:\/\/ictimai.az\/#\/schema\/logo\/image\/"}},{"@type":"Person","@id":"https:\/\/ictimai.az\/#\/schema\/person\/1da94bf2c7ab5d83ad349237bec1e6af","name":"R\u0259\u015fad Bayramov","image":{"@type":"ImageObject","inLanguage":"az","@id":"https:\/\/secure.gravatar.com\/avatar\/83c075605ba0a4d35d59726aaad89cfa8008d1f01603342c56f1dd79784491bc?s=96&d=mm&r=g","url":"https:\/\/secure.gravatar.com\/avatar\/83c075605ba0a4d35d59726aaad89cfa8008d1f01603342c56f1dd79784491bc?s=96&d=mm&r=g","contentUrl":"https:\/\/secure.gravatar.com\/avatar\/83c075605ba0a4d35d59726aaad89cfa8008d1f01603342c56f1dd79784491bc?s=96&d=mm&r=g","caption":"R\u0259\u015fad Bayramov"},"sameAs":["https:\/\/ictimai.az\/"],"url":"https:\/\/ictimai.az\/?author=2"}]}},"_links":{"self":[{"href":"https:\/\/ictimai.az\/index.php?rest_route=\/wp\/v2\/posts\/8494","targetHints":{"allow":["GET"]}}],"collection":[{"href":"https:\/\/ictimai.az\/index.php?rest_route=\/wp\/v2\/posts"}],"about":[{"href":"https:\/\/ictimai.az\/index.php?rest_route=\/wp\/v2\/types\/post"}],"author":[{"embeddable":true,"href":"https:\/\/ictimai.az\/index.php?rest_route=\/wp\/v2\/users\/2"}],"replies":[{"embeddable":true,"href":"https:\/\/ictimai.az\/index.php?rest_route=%2Fwp%2Fv2%2Fcomments&post=8494"}],"version-history":[{"count":0,"href":"https:\/\/ictimai.az\/index.php?rest_route=\/wp\/v2\/posts\/8494\/revisions"}],"wp:attachment":[{"href":"https:\/\/ictimai.az\/index.php?rest_route=%2Fwp%2Fv2%2Fmedia&parent=8494"}],"wp:term":[{"taxonomy":"category","embeddable":true,"href":"https:\/\/ictimai.az\/index.php?rest_route=%2Fwp%2Fv2%2Fcategories&post=8494"},{"taxonomy":"post_tag","embeddable":true,"href":"https:\/\/ictimai.az\/index.php?rest_route=%2Fwp%2Fv2%2Ftags&post=8494"}],"curies":[{"name":"wp","href":"https:\/\/api.w.org\/{rel}","templated":true}]}}