{"id":84957,"date":"2026-08-30T14:08:35","date_gmt":"2026-08-30T10:08:35","guid":{"rendered":"https:\/\/ictimai.az\/?p=84957"},"modified":"2026-08-30T14:08:36","modified_gmt":"2026-08-30T10:08:36","slug":"qarabagdan-yeni-transfer","status":"publish","type":"post","link":"https:\/\/ictimai.az\/?p=84957","title":{"rendered":"&#8220;Qaraba\u011f&#8221;dan yeni transfer"},"content":{"rendered":"\n<p class=\"wp-block-paragraph\">&#8220;Qaraba\u011f&#8221; futbol klubu Kiprin APOEL komandas\u0131ndan braziliyal\u0131 yar\u0131mm\u00fcdafi\u0259\u00e7i Dieqo Rosan\u0131 icar\u0259y\u0259 g\u00f6t\u00fcr\u00fcb.<\/p>\n\n\n\n<p class=\"wp-block-paragraph\"><strong>\u0130ctimai.az<\/strong>\u00a0x\u0259b\u0259r verir ki, 23 ya\u015fl\u0131 futbol\u00e7u il\u0259 birillik m\u00fcqavil\u0259 imzalan\u0131b.<\/p>\n\n\n\n<p class=\"wp-block-paragraph\">M\u00fcqavil\u0259y\u0259 \u0259sas\u0259n, icar\u0259 m\u00fcdd\u0259tinin sonunda A\u011fdam t\u0259msil\u00e7isi futbol\u00e7unun transfer h\u00fcquqlar\u0131n\u0131 \u0259ld\u0259 ed\u0259 bil\u0259r.<\/p>\n\n\n\n<p class=\"wp-block-paragraph\">Qeyd ed\u0259k ki, Dieqo Rosa 2021-ci ild\u0259 &#8220;Qremio&#8221;dan &#8220;Man\u00e7ester Siti&#8221;y\u0259 transfer olunub. Yar\u0131mm\u00fcdafi\u0259\u00e7i karyeras\u0131 \u0259rzind\u0259 &#8220;Lommel&#8221; (Bel\u00e7ika), &#8220;Vizela&#8221; (Portuqaliya), &#8220;Bahia&#8221; v\u0259 &#8220;\u0130nter&#8221; (h\u0259r ikisi Braziliya), h\u0259m\u00e7inin APOEL-d\u0259 \u00e7\u0131x\u0131\u015f edib.<\/p>\n\n\n\n<p class=\"wp-block-paragraph\">O, eyni zamanda Braziliyan\u0131n U-16 v\u0259 U-17 milli komandalar\u0131n\u0131n formas\u0131n\u0131 geyinib.<\/p>\n","protected":false},"excerpt":{"rendered":"<p>&#8220;Qaraba\u011f&#8221; futbol klubu Kiprin APOEL komandas\u0131ndan braziliyal\u0131 yar\u0131mm\u00fcdafi\u0259\u00e7i Dieqo Rosan\u0131 icar\u0259y\u0259 g\u00f6t\u00fcr\u00fcb. \u0130ctimai.az\u00a0x\u0259b\u0259r verir ki, 23 ya\u015fl\u0131 futbol\u00e7u il\u0259 birillik m\u00fcqavil\u0259 imzalan\u0131b. M\u00fcqavil\u0259y\u0259 \u0259sas\u0259n, icar\u0259 m\u00fcdd\u0259tinin sonunda A\u011fdam t\u0259msil\u00e7isi futbol\u00e7unun transfer h\u00fcquqlar\u0131n\u0131 \u0259ld\u0259 ed\u0259 bil\u0259r. Qeyd ed\u0259k ki, Dieqo Rosa 2021-ci ild\u0259 &#8220;Qremio&#8221;dan &#8220;Man\u00e7ester Siti&#8221;y\u0259 transfer olunub. Yar\u0131mm\u00fcdafi\u0259\u00e7i karyeras\u0131 \u0259rzind\u0259 &#8220;Lommel&#8221; (Bel\u00e7ika), &#8220;Vizela&#8221; (Portuqaliya), &#8220;Bahia&#8221; [&hellip;]<\/p>\n","protected":false},"author":2,"featured_media":84958,"comment_status":"open","ping_status":"closed","sticky":false,"template":"","format":"standard","meta":{"footnotes":""},"categories":[37],"tags":[],"class_list":["post-84957","post","type-post","status-publish","format-standard","has-post-thumbnail","hentry","category-sport"],"yoast_head":"<!-- This site is optimized with the Yoast SEO plugin v28.2 - https:\/\/yoast.com\/product\/yoast-seo-wordpress\/ -->\n<title>&quot;Qaraba\u011f&quot;dan yeni transfer - \u0130CT\u0130MA\u0130.AZ<\/title>\n<meta name=\"robots\" content=\"index, follow, max-snippet:-1, max-image-preview:large, max-video-preview:-1\" \/>\n<link rel=\"canonical\" href=\"https:\/\/ictimai.az\/?p=84957\" \/>\n<meta property=\"og:locale\" content=\"az_AZ\" \/>\n<meta property=\"og:type\" content=\"article\" \/>\n<meta property=\"og:title\" content=\"&quot;Qaraba\u011f&quot;dan yeni transfer - \u0130CT\u0130MA\u0130.AZ\" \/>\n<meta property=\"og:description\" content=\"&#8220;Qaraba\u011f&#8221; futbol klubu Kiprin APOEL komandas\u0131ndan braziliyal\u0131 yar\u0131mm\u00fcdafi\u0259\u00e7i Dieqo Rosan\u0131 icar\u0259y\u0259 g\u00f6t\u00fcr\u00fcb. \u0130ctimai.az\u00a0x\u0259b\u0259r verir ki, 23 ya\u015fl\u0131 futbol\u00e7u il\u0259 birillik m\u00fcqavil\u0259 imzalan\u0131b. M\u00fcqavil\u0259y\u0259 \u0259sas\u0259n, icar\u0259 m\u00fcdd\u0259tinin sonunda A\u011fdam t\u0259msil\u00e7isi futbol\u00e7unun transfer h\u00fcquqlar\u0131n\u0131 \u0259ld\u0259 ed\u0259 bil\u0259r. Qeyd ed\u0259k ki, Dieqo Rosa 2021-ci ild\u0259 &#8220;Qremio&#8221;dan &#8220;Man\u00e7ester Siti&#8221;y\u0259 transfer olunub. Yar\u0131mm\u00fcdafi\u0259\u00e7i karyeras\u0131 \u0259rzind\u0259 &#8220;Lommel&#8221; (Bel\u00e7ika), &#8220;Vizela&#8221; (Portuqaliya), &#8220;Bahia&#8221; [&hellip;]\" \/>\n<meta property=\"og:url\" content=\"https:\/\/ictimai.az\/?p=84957\" \/>\n<meta property=\"og:site_name\" content=\"\u0130CT\u0130MA\u0130.AZ\" \/>\n<meta property=\"article:published_time\" content=\"2026-08-30T10:08:35+00:00\" \/>\n<meta property=\"article:modified_time\" content=\"2026-08-30T10:08:36+00:00\" \/>\n<meta property=\"og:image\" content=\"https:\/\/ictimai.az\/core\/uploads\/2026\/08\/p3Jr2p02o5el5JOkqrFOGps2aeIdCaBu99RAUi4w_1200.webp\" \/>\n\t<meta property=\"og:image:width\" content=\"1199\" \/>\n\t<meta property=\"og:image:height\" content=\"800\" \/>\n\t<meta property=\"og:image:type\" content=\"image\/webp\" \/>\n<meta name=\"author\" content=\"R\u0259\u015fad Bayramov\" \/>\n<meta name=\"twitter:card\" content=\"summary_large_image\" \/>\n<meta name=\"twitter:label1\" content=\"Written by\" \/>\n\t<meta name=\"twitter:data1\" content=\"R\u0259\u015fad Bayramov\" \/>\n\t<meta name=\"twitter:label2\" content=\"Est. reading time\" \/>\n\t<meta name=\"twitter:data2\" content=\"1 minute\" \/>\n<script type=\"application\/ld+json\" class=\"yoast-schema-graph\">{\"@context\":\"https:\\\/\\\/schema.org\",\"@graph\":[{\"@type\":\"Article\",\"@id\":\"https:\\\/\\\/ictimai.az\\\/?p=84957#article\",\"isPartOf\":{\"@id\":\"https:\\\/\\\/ictimai.az\\\/?p=84957\"},\"author\":{\"name\":\"R\u0259\u015fad Bayramov\",\"@id\":\"https:\\\/\\\/ictimai.az\\\/#\\\/schema\\\/person\\\/1da94bf2c7ab5d83ad349237bec1e6af\"},\"headline\":\"&#8220;Qaraba\u011f&#8221;dan yeni transfer\",\"datePublished\":\"2026-08-30T10:08:35+00:00\",\"dateModified\":\"2026-08-30T10:08:36+00:00\",\"mainEntityOfPage\":{\"@id\":\"https:\\\/\\\/ictimai.az\\\/?p=84957\"},\"wordCount\":121,\"commentCount\":0,\"publisher\":{\"@id\":\"https:\\\/\\\/ictimai.az\\\/#organization\"},\"image\":{\"@id\":\"https:\\\/\\\/ictimai.az\\\/?p=84957#primaryimage\"},\"thumbnailUrl\":\"https:\\\/\\\/ictimai.az\\\/core\\\/uploads\\\/2026\\\/08\\\/p3Jr2p02o5el5JOkqrFOGps2aeIdCaBu99RAUi4w_1200.webp\",\"articleSection\":[\"\u0130dman\"],\"inLanguage\":\"az\",\"potentialAction\":[{\"@type\":\"CommentAction\",\"name\":\"Comment\",\"target\":[\"https:\\\/\\\/ictimai.az\\\/?p=84957#respond\"]}]},{\"@type\":\"WebPage\",\"@id\":\"https:\\\/\\\/ictimai.az\\\/?p=84957\",\"url\":\"https:\\\/\\\/ictimai.az\\\/?p=84957\",\"name\":\"\\\"Qaraba\u011f\\\"dan yeni transfer - \u0130CT\u0130MA\u0130.AZ\",\"isPartOf\":{\"@id\":\"https:\\\/\\\/ictimai.az\\\/#website\"},\"primaryImageOfPage\":{\"@id\":\"https:\\\/\\\/ictimai.az\\\/?p=84957#primaryimage\"},\"image\":{\"@id\":\"https:\\\/\\\/ictimai.az\\\/?p=84957#primaryimage\"},\"thumbnailUrl\":\"https:\\\/\\\/ictimai.az\\\/core\\\/uploads\\\/2026\\\/08\\\/p3Jr2p02o5el5JOkqrFOGps2aeIdCaBu99RAUi4w_1200.webp\",\"datePublished\":\"2026-08-30T10:08:35+00:00\",\"dateModified\":\"2026-08-30T10:08:36+00:00\",\"breadcrumb\":{\"@id\":\"https:\\\/\\\/ictimai.az\\\/?p=84957#breadcrumb\"},\"inLanguage\":\"az\",\"potentialAction\":[{\"@type\":\"ReadAction\",\"target\":[\"https:\\\/\\\/ictimai.az\\\/?p=84957\"]}]},{\"@type\":\"ImageObject\",\"inLanguage\":\"az\",\"@id\":\"https:\\\/\\\/ictimai.az\\\/?p=84957#primaryimage\",\"url\":\"https:\\\/\\\/ictimai.az\\\/core\\\/uploads\\\/2026\\\/08\\\/p3Jr2p02o5el5JOkqrFOGps2aeIdCaBu99RAUi4w_1200.webp\",\"contentUrl\":\"https:\\\/\\\/ictimai.az\\\/core\\\/uploads\\\/2026\\\/08\\\/p3Jr2p02o5el5JOkqrFOGps2aeIdCaBu99RAUi4w_1200.webp\",\"width\":1199,\"height\":800},{\"@type\":\"BreadcrumbList\",\"@id\":\"https:\\\/\\\/ictimai.az\\\/?p=84957#breadcrumb\",\"itemListElement\":[{\"@type\":\"ListItem\",\"position\":1,\"name\":\"Home\",\"item\":\"https:\\\/\\\/ictimai.az\\\/\"},{\"@type\":\"ListItem\",\"position\":2,\"name\":\"&#8220;Qaraba\u011f&#8221;dan yeni transfer\"}]},{\"@type\":\"WebSite\",\"@id\":\"https:\\\/\\\/ictimai.az\\\/#website\",\"url\":\"https:\\\/\\\/ictimai.az\\\/\",\"name\":\"\u0130CT\u0130MA\u0130.AZ\",\"description\":\"\",\"publisher\":{\"@id\":\"https:\\\/\\\/ictimai.az\\\/#organization\"},\"potentialAction\":[{\"@type\":\"SearchAction\",\"target\":{\"@type\":\"EntryPoint\",\"urlTemplate\":\"https:\\\/\\\/ictimai.az\\\/?s={search_term_string}\"},\"query-input\":{\"@type\":\"PropertyValueSpecification\",\"valueRequired\":true,\"valueName\":\"search_term_string\"}}],\"inLanguage\":\"az\"},{\"@type\":\"Organization\",\"@id\":\"https:\\\/\\\/ictimai.az\\\/#organization\",\"name\":\"\u0130CT\u0130MA\u0130.AZ\",\"url\":\"https:\\\/\\\/ictimai.az\\\/\",\"logo\":{\"@type\":\"ImageObject\",\"inLanguage\":\"az\",\"@id\":\"https:\\\/\\\/ictimai.az\\\/#\\\/schema\\\/logo\\\/image\\\/\",\"url\":\"https:\\\/\\\/ictimai.az\\\/core\\\/uploads\\\/2026\\\/06\\\/cropped-ictimai_0380d81099c6fe3baae753faceb5481f_p41rg2mzq0uyvextfh3k-768x768-1-3.png\",\"contentUrl\":\"https:\\\/\\\/ictimai.az\\\/core\\\/uploads\\\/2026\\\/06\\\/cropped-ictimai_0380d81099c6fe3baae753faceb5481f_p41rg2mzq0uyvextfh3k-768x768-1-3.png\",\"width\":768,\"height\":768,\"caption\":\"\u0130CT\u0130MA\u0130.AZ\"},\"image\":{\"@id\":\"https:\\\/\\\/ictimai.az\\\/#\\\/schema\\\/logo\\\/image\\\/\"}},{\"@type\":\"Person\",\"@id\":\"https:\\\/\\\/ictimai.az\\\/#\\\/schema\\\/person\\\/1da94bf2c7ab5d83ad349237bec1e6af\",\"name\":\"R\u0259\u015fad Bayramov\",\"image\":{\"@type\":\"ImageObject\",\"inLanguage\":\"az\",\"@id\":\"https:\\\/\\\/secure.gravatar.com\\\/avatar\\\/83c075605ba0a4d35d59726aaad89cfa8008d1f01603342c56f1dd79784491bc?s=96&d=mm&r=g\",\"url\":\"https:\\\/\\\/secure.gravatar.com\\\/avatar\\\/83c075605ba0a4d35d59726aaad89cfa8008d1f01603342c56f1dd79784491bc?s=96&d=mm&r=g\",\"contentUrl\":\"https:\\\/\\\/secure.gravatar.com\\\/avatar\\\/83c075605ba0a4d35d59726aaad89cfa8008d1f01603342c56f1dd79784491bc?s=96&d=mm&r=g\",\"caption\":\"R\u0259\u015fad Bayramov\"},\"sameAs\":[\"https:\\\/\\\/ictimai.az\\\/\"],\"url\":\"https:\\\/\\\/ictimai.az\\\/?author=2\"}]}<\/script>\n<!-- \/ Yoast SEO plugin. -->","yoast_head_json":{"title":"\"Qaraba\u011f\"dan yeni transfer - \u0130CT\u0130MA\u0130.AZ","robots":{"index":"index","follow":"follow","max-snippet":"max-snippet:-1","max-image-preview":"max-image-preview:large","max-video-preview":"max-video-preview:-1"},"canonical":"https:\/\/ictimai.az\/?p=84957","og_locale":"az_AZ","og_type":"article","og_title":"\"Qaraba\u011f\"dan yeni transfer - \u0130CT\u0130MA\u0130.AZ","og_description":"&#8220;Qaraba\u011f&#8221; futbol klubu Kiprin APOEL komandas\u0131ndan braziliyal\u0131 yar\u0131mm\u00fcdafi\u0259\u00e7i Dieqo Rosan\u0131 icar\u0259y\u0259 g\u00f6t\u00fcr\u00fcb. \u0130ctimai.az\u00a0x\u0259b\u0259r verir ki, 23 ya\u015fl\u0131 futbol\u00e7u il\u0259 birillik m\u00fcqavil\u0259 imzalan\u0131b. M\u00fcqavil\u0259y\u0259 \u0259sas\u0259n, icar\u0259 m\u00fcdd\u0259tinin sonunda A\u011fdam t\u0259msil\u00e7isi futbol\u00e7unun transfer h\u00fcquqlar\u0131n\u0131 \u0259ld\u0259 ed\u0259 bil\u0259r. Qeyd ed\u0259k ki, Dieqo Rosa 2021-ci ild\u0259 &#8220;Qremio&#8221;dan &#8220;Man\u00e7ester Siti&#8221;y\u0259 transfer olunub. Yar\u0131mm\u00fcdafi\u0259\u00e7i karyeras\u0131 \u0259rzind\u0259 &#8220;Lommel&#8221; (Bel\u00e7ika), &#8220;Vizela&#8221; (Portuqaliya), &#8220;Bahia&#8221; [&hellip;]","og_url":"https:\/\/ictimai.az\/?p=84957","og_site_name":"\u0130CT\u0130MA\u0130.AZ","article_published_time":"2026-08-30T10:08:35+00:00","article_modified_time":"2026-08-30T10:08:36+00:00","og_image":[{"width":1199,"height":800,"url":"https:\/\/ictimai.az\/core\/uploads\/2026\/08\/p3Jr2p02o5el5JOkqrFOGps2aeIdCaBu99RAUi4w_1200.webp","type":"image\/webp"}],"author":"R\u0259\u015fad Bayramov","twitter_card":"summary_large_image","twitter_misc":{"Written by":"R\u0259\u015fad Bayramov","Est. reading time":"1 minute"},"schema":{"@context":"https:\/\/schema.org","@graph":[{"@type":"Article","@id":"https:\/\/ictimai.az\/?p=84957#article","isPartOf":{"@id":"https:\/\/ictimai.az\/?p=84957"},"author":{"name":"R\u0259\u015fad Bayramov","@id":"https:\/\/ictimai.az\/#\/schema\/person\/1da94bf2c7ab5d83ad349237bec1e6af"},"headline":"&#8220;Qaraba\u011f&#8221;dan yeni transfer","datePublished":"2026-08-30T10:08:35+00:00","dateModified":"2026-08-30T10:08:36+00:00","mainEntityOfPage":{"@id":"https:\/\/ictimai.az\/?p=84957"},"wordCount":121,"commentCount":0,"publisher":{"@id":"https:\/\/ictimai.az\/#organization"},"image":{"@id":"https:\/\/ictimai.az\/?p=84957#primaryimage"},"thumbnailUrl":"https:\/\/ictimai.az\/core\/uploads\/2026\/08\/p3Jr2p02o5el5JOkqrFOGps2aeIdCaBu99RAUi4w_1200.webp","articleSection":["\u0130dman"],"inLanguage":"az","potentialAction":[{"@type":"CommentAction","name":"Comment","target":["https:\/\/ictimai.az\/?p=84957#respond"]}]},{"@type":"WebPage","@id":"https:\/\/ictimai.az\/?p=84957","url":"https:\/\/ictimai.az\/?p=84957","name":"\"Qaraba\u011f\"dan yeni transfer - \u0130CT\u0130MA\u0130.AZ","isPartOf":{"@id":"https:\/\/ictimai.az\/#website"},"primaryImageOfPage":{"@id":"https:\/\/ictimai.az\/?p=84957#primaryimage"},"image":{"@id":"https:\/\/ictimai.az\/?p=84957#primaryimage"},"thumbnailUrl":"https:\/\/ictimai.az\/core\/uploads\/2026\/08\/p3Jr2p02o5el5JOkqrFOGps2aeIdCaBu99RAUi4w_1200.webp","datePublished":"2026-08-30T10:08:35+00:00","dateModified":"2026-08-30T10:08:36+00:00","breadcrumb":{"@id":"https:\/\/ictimai.az\/?p=84957#breadcrumb"},"inLanguage":"az","potentialAction":[{"@type":"ReadAction","target":["https:\/\/ictimai.az\/?p=84957"]}]},{"@type":"ImageObject","inLanguage":"az","@id":"https:\/\/ictimai.az\/?p=84957#primaryimage","url":"https:\/\/ictimai.az\/core\/uploads\/2026\/08\/p3Jr2p02o5el5JOkqrFOGps2aeIdCaBu99RAUi4w_1200.webp","contentUrl":"https:\/\/ictimai.az\/core\/uploads\/2026\/08\/p3Jr2p02o5el5JOkqrFOGps2aeIdCaBu99RAUi4w_1200.webp","width":1199,"height":800},{"@type":"BreadcrumbList","@id":"https:\/\/ictimai.az\/?p=84957#breadcrumb","itemListElement":[{"@type":"ListItem","position":1,"name":"Home","item":"https:\/\/ictimai.az\/"},{"@type":"ListItem","position":2,"name":"&#8220;Qaraba\u011f&#8221;dan yeni transfer"}]},{"@type":"WebSite","@id":"https:\/\/ictimai.az\/#website","url":"https:\/\/ictimai.az\/","name":"\u0130CT\u0130MA\u0130.AZ","description":"","publisher":{"@id":"https:\/\/ictimai.az\/#organization"},"potentialAction":[{"@type":"SearchAction","target":{"@type":"EntryPoint","urlTemplate":"https:\/\/ictimai.az\/?s={search_term_string}"},"query-input":{"@type":"PropertyValueSpecification","valueRequired":true,"valueName":"search_term_string"}}],"inLanguage":"az"},{"@type":"Organization","@id":"https:\/\/ictimai.az\/#organization","name":"\u0130CT\u0130MA\u0130.AZ","url":"https:\/\/ictimai.az\/","logo":{"@type":"ImageObject","inLanguage":"az","@id":"https:\/\/ictimai.az\/#\/schema\/logo\/image\/","url":"https:\/\/ictimai.az\/core\/uploads\/2026\/06\/cropped-ictimai_0380d81099c6fe3baae753faceb5481f_p41rg2mzq0uyvextfh3k-768x768-1-3.png","contentUrl":"https:\/\/ictimai.az\/core\/uploads\/2026\/06\/cropped-ictimai_0380d81099c6fe3baae753faceb5481f_p41rg2mzq0uyvextfh3k-768x768-1-3.png","width":768,"height":768,"caption":"\u0130CT\u0130MA\u0130.AZ"},"image":{"@id":"https:\/\/ictimai.az\/#\/schema\/logo\/image\/"}},{"@type":"Person","@id":"https:\/\/ictimai.az\/#\/schema\/person\/1da94bf2c7ab5d83ad349237bec1e6af","name":"R\u0259\u015fad Bayramov","image":{"@type":"ImageObject","inLanguage":"az","@id":"https:\/\/secure.gravatar.com\/avatar\/83c075605ba0a4d35d59726aaad89cfa8008d1f01603342c56f1dd79784491bc?s=96&d=mm&r=g","url":"https:\/\/secure.gravatar.com\/avatar\/83c075605ba0a4d35d59726aaad89cfa8008d1f01603342c56f1dd79784491bc?s=96&d=mm&r=g","contentUrl":"https:\/\/secure.gravatar.com\/avatar\/83c075605ba0a4d35d59726aaad89cfa8008d1f01603342c56f1dd79784491bc?s=96&d=mm&r=g","caption":"R\u0259\u015fad Bayramov"},"sameAs":["https:\/\/ictimai.az\/"],"url":"https:\/\/ictimai.az\/?author=2"}]}},"_links":{"self":[{"href":"https:\/\/ictimai.az\/index.php?rest_route=\/wp\/v2\/posts\/84957","targetHints":{"allow":["GET"]}}],"collection":[{"href":"https:\/\/ictimai.az\/index.php?rest_route=\/wp\/v2\/posts"}],"about":[{"href":"https:\/\/ictimai.az\/index.php?rest_route=\/wp\/v2\/types\/post"}],"author":[{"embeddable":true,"href":"https:\/\/ictimai.az\/index.php?rest_route=\/wp\/v2\/users\/2"}],"replies":[{"embeddable":true,"href":"https:\/\/ictimai.az\/index.php?rest_route=%2Fwp%2Fv2%2Fcomments&post=84957"}],"version-history":[{"count":0,"href":"https:\/\/ictimai.az\/index.php?rest_route=\/wp\/v2\/posts\/84957\/revisions"}],"wp:featuredmedia":[{"embeddable":true,"href":"https:\/\/ictimai.az\/index.php?rest_route=\/wp\/v2\/media\/84958"}],"wp:attachment":[{"href":"https:\/\/ictimai.az\/index.php?rest_route=%2Fwp%2Fv2%2Fmedia&parent=84957"}],"wp:term":[{"taxonomy":"category","embeddable":true,"href":"https:\/\/ictimai.az\/index.php?rest_route=%2Fwp%2Fv2%2Fcategories&post=84957"},{"taxonomy":"post_tag","embeddable":true,"href":"https:\/\/ictimai.az\/index.php?rest_route=%2Fwp%2Fv2%2Ftags&post=84957"}],"curies":[{"name":"wp","href":"https:\/\/api.w.org\/{rel}","templated":true}]}}