{"id":84959,"date":"2026-08-31T16:55:08","date_gmt":"2026-08-31T12:55:08","guid":{"rendered":"https:\/\/ictimai.az\/?p=84959"},"modified":"2026-08-31T16:56:19","modified_gmt":"2026-08-31T12:56:19","slug":"paytaxt-t%c9%99hsil-iscil%c9%99rinin-sentyabr-konfransina-start-verilib","status":"publish","type":"post","link":"https:\/\/ictimai.az\/?p=84959","title":{"rendered":"Paytaxt t\u0259hsil i\u015f\u00e7il\u0259rinin sentyabr konfrans\u0131na start verilib"},"content":{"rendered":"\n<p class=\"wp-block-paragraph\">Bak\u0131 \u015f\u0259h\u0259rind\u0259ki \u00fcmumi t\u0259hsil v\u0259 m\u0259kt\u0259bd\u0259nk\u0259nar t\u0259hsil m\u00fc\u0259ssis\u0259l\u0259ri r\u0259hb\u0259rl\u0259rinin i\u015ftirak\u0131 il\u0259 ke\u00e7iril\u0259n konfrans\u0131n l hiss\u0259sind\u0259 M\u0259kt\u0259b\u0259q\u0259d\u0259r v\u0259 \u00dcmumi T\u0259hsil \u00fczr\u0259 D\u00f6vl\u0259t Agentliyinin (M\u00dcTDA) direktor m\u00fcavini, Bak\u0131 \u015e\u0259h\u0259ri \u00fczr\u0259 T\u0259hsil \u0130dar\u0259sinin (B\u015eT\u0130) m\u00fcdiri v\u0259zif\u0259sini m\u00fcv\u0259qq\u0259ti icra ed\u0259n N\u0259rmin\u0259 H\u00fcseynova,&nbsp; Az\u0259rbaycan Respublikas\u0131 T\u0259hsil \u0130nstitutunun (ART\u0130) T\u0259hsilver\u0259nl\u0259rin pe\u015f\u0259kar inki\u015faf m\u0259rk\u0259zinin direktoru N\u0259zak\u0259t Mehdiyeva, Elm v\u0259 T\u0259hsil Nazirliyinin, M\u00dcTDA v\u0259 B\u015eT\u0130-nin m\u00fcvafiq struktur b\u00f6lm\u0259 r\u0259hb\u0259rl\u0259ri, \u00fcmumi t\u0259hsil m\u00fc\u0259ssis\u0259l\u0259rinin r\u0259hb\u0259rl\u0259ri, metodistl\u0259r i\u015ftirak edibl\u0259r.<\/p>\n\n\n\n<p class=\"wp-block-paragraph\">Konfrans D\u00f6vl\u0259t Himninin s\u0259sl\u0259ndirilm\u0259si v\u0259 V\u0259t\u0259n \u015f\u0259hidl\u0259rinin \u0259ziz xatir\u0259sinin bir d\u0259qiq\u0259lik s\u00fckutla yad edilm\u0259si il\u0259 ba\u015flay\u0131b.<\/p>\n\n\n\n<p class=\"wp-block-paragraph\">Konfrans i\u015ftirak\u00e7\u0131lar\u0131n\u0131 salamlayan M\u00dcTDA-n\u0131n direktor m\u00fcavini, B\u015eT\u0130-nin m\u00fcdiri v\u0259zif\u0259sini m\u00fcv\u0259qq\u0259ti icra ed\u0259n N\u0259rmin\u0259 H\u00fcseynova yeni t\u0259dris ilinin ba\u015flanmas\u0131 m\u00fcnasib\u0259til\u0259 t\u0259hsil i\u015f\u00e7il\u0259rini t\u0259brik edib, onlara u\u011furlar arzulay\u0131b. 2025\u20132026-c\u0131 t\u0259dris ili \u0259rzind\u0259&nbsp; t\u0259hsil m\u00fc\u0259ssis\u0259l\u0259rind\u0259 g\u00f6r\u00fcl\u0259n i\u015fl\u0259r v\u0259 \u0259ld\u0259 olunan n\u0259tic\u0259l\u0259r bar\u0259d\u0259 t\u0259qdimatla \u00e7\u0131x\u0131\u015f ed\u0259n N.H\u00fcseynova \u0259sas g\u00f6st\u0259ricil\u0259r \u00fczr\u0259 dinamikan\u0131 diqq\u0259t\u0259 \u00e7atd\u0131r\u0131b, m\u00f6vcud m\u0259s\u0259l\u0259l\u0259r v\u0259 onlar\u0131n h\u0259lli istiqam\u0259tind\u0259 h\u0259yata ke\u00e7iril\u0259n t\u0259dbirl\u0259rd\u0259n b\u0259hs edib, yeni t\u0259dris ili \u00fczr\u0259 prioritetl\u0259r\u0259 toxunaraq qar\u015f\u0131da duran \u0259sas h\u0259d\u0259fl\u0259ri diqq\u0259t\u0259 \u00e7atd\u0131r\u0131b.<\/p>\n\n\n\n<p class=\"wp-block-paragraph\">N.H\u00fcseynova bildirib ki, yeni t\u0259dris ilind\u0259 d\u0259 \u00fcmumi t\u0259hsilin keyfiyy\u0259tinin y\u00fcks\u0259ldilm\u0259si, qabaqc\u0131l pedaqoji t\u0259cr\u00fcb\u0259l\u0259rin yay\u0131lmas\u0131, r\u0259q\u0259msal v\u0259 innovativ yana\u015fmalar\u0131n t\u0259tbiqinin geni\u015fl\u0259ndirilm\u0259si, istedadl\u0131 \u015fagirdl\u0259rin d\u0259st\u0259kl\u0259nm\u0259si, h\u0259m\u00e7inin m\u0259kt\u0259b\u2013valideyn \u0259m\u0259kda\u015fl\u0131\u011f\u0131n\u0131n daha da m\u00f6hk\u0259ml\u0259ndirilm\u0259si v\u0259 dig\u0259r istiqam\u0259tl\u0259r paytaxt t\u0259hsilinin qar\u015f\u0131s\u0131nda duran h\u0259d\u0259fl\u0259rinin m\u00fch\u00fcm t\u0259rkib hiss\u0259sidir.<\/p>\n\n\n\n<p class=\"wp-block-paragraph\">B\u015eT\u0130-nin m\u00fcdir m\u00fcavini Turan\u0259 M\u0259cidli, ART\u0130-nin T\u0259hsilver\u0259nl\u0259rin pe\u015f\u0259kar inki\u015faf m\u0259rk\u0259zinin direktoru N\u0259zak\u0259t Mehdiyeva, B\u015eT\u0130-nin Keyfiyy\u0259t\u0259 n\u0259zar\u0259t sektorunun m\u00fcdiri Ziny\u0259t \u018fmirova, M\u0259kt\u0259bd\u0259nk\u0259nar f\u0259aliyy\u0259tl\u0259rin t\u0259\u015fkili sektorunun m\u00fcdiri G\u00fcnay Qurbanova m\u0259kt\u0259bdaxili qiym\u0259tl\u0259ndirm\u0259nin obyektivliyi, z\u0259if n\u0259tic\u0259 g\u00f6st\u0259r\u0259n \u015fagirdl\u0259rl\u0259 i\u015f, m\u00fc\u0259lliml\u0259r aras\u0131nda \u0259m\u0259kda\u015fl\u0131q v\u0259 t\u0259cr\u00fcb\u0259 m\u00fcbadil\u0259si, keyfiyy\u0259t monitorinql\u0259ri v\u0259 burax\u0131l\u0131\u015f imtahanlar\u0131n\u0131n n\u0259tic\u0259l\u0259rinin m\u00fcqayis\u0259li t\u0259hlili, m\u0259kt\u0259bd\u0259nk\u0259nar f\u0259aliyy\u0259tl\u0259rin \u0259hat\u0259liliyi v\u0259 n\u0259tic\u0259y\u00f6n\u00fcml\u00fcl\u00fcy\u00fc il\u0259 ba\u011fl\u0131 t\u0259qdimatlar edib, qeyd olunan istiqam\u0259tl\u0259r \u00fczr\u0259 qar\u015f\u0131da duran v\u0259zif\u0259 v\u0259 h\u0259d\u0259fl\u0259ri diqq\u0259t\u0259 \u00e7atd\u0131r\u0131blar.<\/p>\n\n\n\n<p class=\"wp-block-paragraph\">Konfrans\u0131n ll hiss\u0259si paytaxt \u00fczr\u0259 m\u0259kt\u0259b\u0259q\u0259d\u0259r t\u0259hsil m\u00fc\u0259ssis\u0259l\u0259ri r\u0259hb\u0259rl\u0259rinin i\u015ftirak\u0131 il\u0259 ke\u00e7iril\u0259c\u0259k.<\/p>\n\n\n\n<p class=\"wp-block-paragraph\">Qeyd ed\u0259k ki, konfrans sabah da i\u015fini davam etdir\u0259c\u0259k.&nbsp;<\/p>\n\n\n\n<p class=\"wp-block-paragraph\">B\u015eT\u0130-nin tabeliyind\u0259ki t\u0259hsil m\u00fc\u0259ssis\u0259l\u0259rinin r\u0259hb\u0259rl\u0259ri, f\u0259nn m\u00fc\u0259lliml\u0259ri, metodistl\u0259r v\u0259 m\u0259kt\u0259b psixoloqlar\u0131n\u0131n i\u015ftirak\u0131 il\u0259 panel m\u00fczakir\u0259l\u0259r t\u0259\u015fkil olunacaq, n\u00f6vb\u0259ti d\u0259rs ili \u00fc\u00e7\u00fcn f\u0259aliyy\u0259t plan\u0131 haz\u0131rlanacaq v\u0259 m\u00fcvafiq t\u0259klifl\u0259r t\u0259qdim olunacaq.<\/p>\n\n\n<div class=\"wp-block-image\">\n<figure class=\"aligncenter\"><img decoding=\"async\" src=\"http:\/\/informasiya.az\/wp-content\/uploads\/2026\/08\/WhatsApp-Image-2026-08-31-at-16.26.31-1-300x200.jpeg\" alt=\"\" class=\"wp-image-9396\"\/><\/figure>\n<\/div>\n\n<div class=\"wp-block-image\">\n<figure class=\"aligncenter\"><img decoding=\"async\" src=\"http:\/\/informasiya.az\/wp-content\/uploads\/2026\/08\/WhatsApp-Image-2026-08-31-at-16.26.31-2-300x218.jpeg\" alt=\"\" class=\"wp-image-9397\"\/><\/figure>\n<\/div>\n\n<div class=\"wp-block-image\">\n<figure class=\"aligncenter\"><img decoding=\"async\" src=\"http:\/\/informasiya.az\/wp-content\/uploads\/2026\/08\/WhatsApp-Image-2026-08-31-at-16.26.31-3-1-300x200.jpeg\" alt=\"\" class=\"wp-image-9398\"\/><\/figure>\n<\/div>\n\n<div class=\"wp-block-image\">\n<figure class=\"aligncenter\"><img decoding=\"async\" src=\"http:\/\/informasiya.az\/wp-content\/uploads\/2026\/08\/WhatsApp-Image-2026-08-31-at-16.26.31-4-300x200.jpeg\" alt=\"\" class=\"wp-image-9399\"\/><\/figure>\n<\/div>\n\n<div class=\"wp-block-image\">\n<figure class=\"aligncenter\"><img decoding=\"async\" src=\"http:\/\/informasiya.az\/wp-content\/uploads\/2026\/08\/WhatsApp-Image-2026-08-31-at-16.26.31-300x201.jpeg\" alt=\"\" class=\"wp-image-9400\"\/><\/figure>\n<\/div>\n\n<div class=\"wp-block-image\">\n<figure class=\"aligncenter\"><img decoding=\"async\" src=\"http:\/\/informasiya.az\/wp-content\/uploads\/2026\/08\/WhatsApp-Image-2026-08-31-at-16.26.32-1-300x200.jpeg\" alt=\"\" class=\"wp-image-9401\"\/><\/figure>\n<\/div>\n\n<div class=\"wp-block-image\">\n<figure class=\"aligncenter\"><img decoding=\"async\" src=\"http:\/\/informasiya.az\/wp-content\/uploads\/2026\/08\/WhatsApp-Image-2026-08-31-at-16.26.32-300x200.jpeg\" alt=\"\" class=\"wp-image-9402\"\/><\/figure>\n<\/div>","protected":false},"excerpt":{"rendered":"<p>Bak\u0131 \u015f\u0259h\u0259rind\u0259ki \u00fcmumi t\u0259hsil v\u0259 m\u0259kt\u0259bd\u0259nk\u0259nar t\u0259hsil m\u00fc\u0259ssis\u0259l\u0259ri r\u0259hb\u0259rl\u0259rinin i\u015ftirak\u0131 il\u0259 ke\u00e7iril\u0259n konfrans\u0131n l hiss\u0259sind\u0259 M\u0259kt\u0259b\u0259q\u0259d\u0259r v\u0259 \u00dcmumi T\u0259hsil \u00fczr\u0259 D\u00f6vl\u0259t Agentliyinin (M\u00dcTDA) direktor m\u00fcavini, Bak\u0131 \u015e\u0259h\u0259ri \u00fczr\u0259 T\u0259hsil \u0130dar\u0259sinin (B\u015eT\u0130) m\u00fcdiri v\u0259zif\u0259sini m\u00fcv\u0259qq\u0259ti icra ed\u0259n N\u0259rmin\u0259 H\u00fcseynova,&nbsp; Az\u0259rbaycan Respublikas\u0131 T\u0259hsil \u0130nstitutunun (ART\u0130) T\u0259hsilver\u0259nl\u0259rin pe\u015f\u0259kar inki\u015faf m\u0259rk\u0259zinin direktoru N\u0259zak\u0259t Mehdiyeva, Elm v\u0259 T\u0259hsil Nazirliyinin, M\u00dcTDA [&hellip;]<\/p>\n","protected":false},"author":3,"featured_media":84960,"comment_status":"open","ping_status":"closed","sticky":false,"template":"","format":"standard","meta":{"footnotes":""},"categories":[2],"tags":[],"class_list":["post-84959","post","type-post","status-publish","format-standard","has-post-thumbnail","hentry","category-trend"],"yoast_head":"<!-- This site is optimized with the Yoast SEO plugin v28.2 - https:\/\/yoast.com\/product\/yoast-seo-wordpress\/ -->\n<title>Paytaxt t\u0259hsil i\u015f\u00e7il\u0259rinin sentyabr konfrans\u0131na start verilib - \u0130CT\u0130MA\u0130.AZ<\/title>\n<meta name=\"robots\" content=\"index, follow, max-snippet:-1, max-image-preview:large, max-video-preview:-1\" \/>\n<link rel=\"canonical\" href=\"https:\/\/ictimai.az\/?p=84959\" \/>\n<meta property=\"og:locale\" content=\"az_AZ\" \/>\n<meta property=\"og:type\" content=\"article\" \/>\n<meta property=\"og:title\" content=\"Paytaxt t\u0259hsil i\u015f\u00e7il\u0259rinin sentyabr konfrans\u0131na start verilib - \u0130CT\u0130MA\u0130.AZ\" \/>\n<meta property=\"og:description\" content=\"Bak\u0131 \u015f\u0259h\u0259rind\u0259ki \u00fcmumi t\u0259hsil v\u0259 m\u0259kt\u0259bd\u0259nk\u0259nar t\u0259hsil m\u00fc\u0259ssis\u0259l\u0259ri r\u0259hb\u0259rl\u0259rinin i\u015ftirak\u0131 il\u0259 ke\u00e7iril\u0259n konfrans\u0131n l hiss\u0259sind\u0259 M\u0259kt\u0259b\u0259q\u0259d\u0259r v\u0259 \u00dcmumi T\u0259hsil \u00fczr\u0259 D\u00f6vl\u0259t Agentliyinin (M\u00dcTDA) direktor m\u00fcavini, Bak\u0131 \u015e\u0259h\u0259ri \u00fczr\u0259 T\u0259hsil \u0130dar\u0259sinin (B\u015eT\u0130) m\u00fcdiri v\u0259zif\u0259sini m\u00fcv\u0259qq\u0259ti icra ed\u0259n N\u0259rmin\u0259 H\u00fcseynova,&nbsp; Az\u0259rbaycan Respublikas\u0131 T\u0259hsil \u0130nstitutunun (ART\u0130) T\u0259hsilver\u0259nl\u0259rin pe\u015f\u0259kar inki\u015faf m\u0259rk\u0259zinin direktoru N\u0259zak\u0259t Mehdiyeva, Elm v\u0259 T\u0259hsil Nazirliyinin, M\u00dcTDA [&hellip;]\" \/>\n<meta property=\"og:url\" content=\"https:\/\/ictimai.az\/?p=84959\" \/>\n<meta property=\"og:site_name\" content=\"\u0130CT\u0130MA\u0130.AZ\" \/>\n<meta property=\"article:published_time\" content=\"2026-08-31T12:55:08+00:00\" \/>\n<meta property=\"article:modified_time\" content=\"2026-08-31T12:56:19+00:00\" \/>\n<meta property=\"og:image\" content=\"https:\/\/ictimai.az\/core\/uploads\/2026\/08\/WhatsApp-Image-2026-08-31-at-16.26.31-3.jpeg\" \/>\n\t<meta property=\"og:image:width\" content=\"1500\" \/>\n\t<meta property=\"og:image:height\" content=\"1000\" \/>\n\t<meta property=\"og:image:type\" content=\"image\/jpeg\" \/>\n<meta name=\"author\" content=\"Rashad Bayramov\" \/>\n<meta name=\"twitter:card\" content=\"summary_large_image\" \/>\n<meta name=\"twitter:label1\" content=\"Written by\" \/>\n\t<meta name=\"twitter:data1\" content=\"Rashad Bayramov\" \/>\n\t<meta name=\"twitter:label2\" content=\"Est. reading time\" \/>\n\t<meta name=\"twitter:data2\" content=\"4 minutes\" \/>\n<script type=\"application\/ld+json\" class=\"yoast-schema-graph\">{\"@context\":\"https:\\\/\\\/schema.org\",\"@graph\":[{\"@type\":\"Article\",\"@id\":\"https:\\\/\\\/ictimai.az\\\/?p=84959#article\",\"isPartOf\":{\"@id\":\"https:\\\/\\\/ictimai.az\\\/?p=84959\"},\"author\":{\"name\":\"Rashad Bayramov\",\"@id\":\"https:\\\/\\\/ictimai.az\\\/#\\\/schema\\\/person\\\/9ac6f26569a9ae9806130a33903085b7\"},\"headline\":\"Paytaxt t\u0259hsil i\u015f\u00e7il\u0259rinin sentyabr konfrans\u0131na start verilib\",\"datePublished\":\"2026-08-31T12:55:08+00:00\",\"dateModified\":\"2026-08-31T12:56:19+00:00\",\"mainEntityOfPage\":{\"@id\":\"https:\\\/\\\/ictimai.az\\\/?p=84959\"},\"wordCount\":690,\"commentCount\":0,\"publisher\":{\"@id\":\"https:\\\/\\\/ictimai.az\\\/#organization\"},\"image\":{\"@id\":\"https:\\\/\\\/ictimai.az\\\/?p=84959#primaryimage\"},\"thumbnailUrl\":\"https:\\\/\\\/ictimai.az\\\/core\\\/uploads\\\/2026\\\/08\\\/WhatsApp-Image-2026-08-31-at-16.26.31-3.jpeg\",\"articleSection\":[\"G\u00fcnd\u0259m\"],\"inLanguage\":\"az\",\"potentialAction\":[{\"@type\":\"CommentAction\",\"name\":\"Comment\",\"target\":[\"https:\\\/\\\/ictimai.az\\\/?p=84959#respond\"]}]},{\"@type\":\"WebPage\",\"@id\":\"https:\\\/\\\/ictimai.az\\\/?p=84959\",\"url\":\"https:\\\/\\\/ictimai.az\\\/?p=84959\",\"name\":\"Paytaxt t\u0259hsil i\u015f\u00e7il\u0259rinin sentyabr konfrans\u0131na start verilib - \u0130CT\u0130MA\u0130.AZ\",\"isPartOf\":{\"@id\":\"https:\\\/\\\/ictimai.az\\\/#website\"},\"primaryImageOfPage\":{\"@id\":\"https:\\\/\\\/ictimai.az\\\/?p=84959#primaryimage\"},\"image\":{\"@id\":\"https:\\\/\\\/ictimai.az\\\/?p=84959#primaryimage\"},\"thumbnailUrl\":\"https:\\\/\\\/ictimai.az\\\/core\\\/uploads\\\/2026\\\/08\\\/WhatsApp-Image-2026-08-31-at-16.26.31-3.jpeg\",\"datePublished\":\"2026-08-31T12:55:08+00:00\",\"dateModified\":\"2026-08-31T12:56:19+00:00\",\"breadcrumb\":{\"@id\":\"https:\\\/\\\/ictimai.az\\\/?p=84959#breadcrumb\"},\"inLanguage\":\"az\",\"potentialAction\":[{\"@type\":\"ReadAction\",\"target\":[\"https:\\\/\\\/ictimai.az\\\/?p=84959\"]}]},{\"@type\":\"ImageObject\",\"inLanguage\":\"az\",\"@id\":\"https:\\\/\\\/ictimai.az\\\/?p=84959#primaryimage\",\"url\":\"https:\\\/\\\/ictimai.az\\\/core\\\/uploads\\\/2026\\\/08\\\/WhatsApp-Image-2026-08-31-at-16.26.31-3.jpeg\",\"contentUrl\":\"https:\\\/\\\/ictimai.az\\\/core\\\/uploads\\\/2026\\\/08\\\/WhatsApp-Image-2026-08-31-at-16.26.31-3.jpeg\",\"width\":1500,\"height\":1000},{\"@type\":\"BreadcrumbList\",\"@id\":\"https:\\\/\\\/ictimai.az\\\/?p=84959#breadcrumb\",\"itemListElement\":[{\"@type\":\"ListItem\",\"position\":1,\"name\":\"Home\",\"item\":\"https:\\\/\\\/ictimai.az\\\/\"},{\"@type\":\"ListItem\",\"position\":2,\"name\":\"Paytaxt t\u0259hsil i\u015f\u00e7il\u0259rinin sentyabr konfrans\u0131na start verilib\"}]},{\"@type\":\"WebSite\",\"@id\":\"https:\\\/\\\/ictimai.az\\\/#website\",\"url\":\"https:\\\/\\\/ictimai.az\\\/\",\"name\":\"\u0130CT\u0130MA\u0130.AZ\",\"description\":\"\",\"publisher\":{\"@id\":\"https:\\\/\\\/ictimai.az\\\/#organization\"},\"potentialAction\":[{\"@type\":\"SearchAction\",\"target\":{\"@type\":\"EntryPoint\",\"urlTemplate\":\"https:\\\/\\\/ictimai.az\\\/?s={search_term_string}\"},\"query-input\":{\"@type\":\"PropertyValueSpecification\",\"valueRequired\":true,\"valueName\":\"search_term_string\"}}],\"inLanguage\":\"az\"},{\"@type\":\"Organization\",\"@id\":\"https:\\\/\\\/ictimai.az\\\/#organization\",\"name\":\"\u0130CT\u0130MA\u0130.AZ\",\"url\":\"https:\\\/\\\/ictimai.az\\\/\",\"logo\":{\"@type\":\"ImageObject\",\"inLanguage\":\"az\",\"@id\":\"https:\\\/\\\/ictimai.az\\\/#\\\/schema\\\/logo\\\/image\\\/\",\"url\":\"https:\\\/\\\/ictimai.az\\\/core\\\/uploads\\\/2026\\\/06\\\/cropped-ictimai_0380d81099c6fe3baae753faceb5481f_p41rg2mzq0uyvextfh3k-768x768-1-3.png\",\"contentUrl\":\"https:\\\/\\\/ictimai.az\\\/core\\\/uploads\\\/2026\\\/06\\\/cropped-ictimai_0380d81099c6fe3baae753faceb5481f_p41rg2mzq0uyvextfh3k-768x768-1-3.png\",\"width\":768,\"height\":768,\"caption\":\"\u0130CT\u0130MA\u0130.AZ\"},\"image\":{\"@id\":\"https:\\\/\\\/ictimai.az\\\/#\\\/schema\\\/logo\\\/image\\\/\"}},{\"@type\":\"Person\",\"@id\":\"https:\\\/\\\/ictimai.az\\\/#\\\/schema\\\/person\\\/9ac6f26569a9ae9806130a33903085b7\",\"name\":\"Rashad Bayramov\",\"image\":{\"@type\":\"ImageObject\",\"inLanguage\":\"az\",\"@id\":\"https:\\\/\\\/secure.gravatar.com\\\/avatar\\\/2c457cabf3c9d5b2c92c284169c1d34874f3316e1802b973e88e91d4a9df5ee8?s=96&d=mm&r=g\",\"url\":\"https:\\\/\\\/secure.gravatar.com\\\/avatar\\\/2c457cabf3c9d5b2c92c284169c1d34874f3316e1802b973e88e91d4a9df5ee8?s=96&d=mm&r=g\",\"contentUrl\":\"https:\\\/\\\/secure.gravatar.com\\\/avatar\\\/2c457cabf3c9d5b2c92c284169c1d34874f3316e1802b973e88e91d4a9df5ee8?s=96&d=mm&r=g\",\"caption\":\"Rashad Bayramov\"},\"sameAs\":[\"https:\\\/\\\/ictimai.az\\\/\"],\"url\":\"https:\\\/\\\/ictimai.az\\\/?author=3\"}]}<\/script>\n<!-- \/ Yoast SEO plugin. -->","yoast_head_json":{"title":"Paytaxt t\u0259hsil i\u015f\u00e7il\u0259rinin sentyabr konfrans\u0131na start verilib - \u0130CT\u0130MA\u0130.AZ","robots":{"index":"index","follow":"follow","max-snippet":"max-snippet:-1","max-image-preview":"max-image-preview:large","max-video-preview":"max-video-preview:-1"},"canonical":"https:\/\/ictimai.az\/?p=84959","og_locale":"az_AZ","og_type":"article","og_title":"Paytaxt t\u0259hsil i\u015f\u00e7il\u0259rinin sentyabr konfrans\u0131na start verilib - \u0130CT\u0130MA\u0130.AZ","og_description":"Bak\u0131 \u015f\u0259h\u0259rind\u0259ki \u00fcmumi t\u0259hsil v\u0259 m\u0259kt\u0259bd\u0259nk\u0259nar t\u0259hsil m\u00fc\u0259ssis\u0259l\u0259ri r\u0259hb\u0259rl\u0259rinin i\u015ftirak\u0131 il\u0259 ke\u00e7iril\u0259n konfrans\u0131n l hiss\u0259sind\u0259 M\u0259kt\u0259b\u0259q\u0259d\u0259r v\u0259 \u00dcmumi T\u0259hsil \u00fczr\u0259 D\u00f6vl\u0259t Agentliyinin (M\u00dcTDA) direktor m\u00fcavini, Bak\u0131 \u015e\u0259h\u0259ri \u00fczr\u0259 T\u0259hsil \u0130dar\u0259sinin (B\u015eT\u0130) m\u00fcdiri v\u0259zif\u0259sini m\u00fcv\u0259qq\u0259ti icra ed\u0259n N\u0259rmin\u0259 H\u00fcseynova,&nbsp; Az\u0259rbaycan Respublikas\u0131 T\u0259hsil \u0130nstitutunun (ART\u0130) T\u0259hsilver\u0259nl\u0259rin pe\u015f\u0259kar inki\u015faf m\u0259rk\u0259zinin direktoru N\u0259zak\u0259t Mehdiyeva, Elm v\u0259 T\u0259hsil Nazirliyinin, M\u00dcTDA [&hellip;]","og_url":"https:\/\/ictimai.az\/?p=84959","og_site_name":"\u0130CT\u0130MA\u0130.AZ","article_published_time":"2026-08-31T12:55:08+00:00","article_modified_time":"2026-08-31T12:56:19+00:00","og_image":[{"width":1500,"height":1000,"url":"https:\/\/ictimai.az\/core\/uploads\/2026\/08\/WhatsApp-Image-2026-08-31-at-16.26.31-3.jpeg","type":"image\/jpeg"}],"author":"Rashad Bayramov","twitter_card":"summary_large_image","twitter_misc":{"Written by":"Rashad Bayramov","Est. reading time":"4 minutes"},"schema":{"@context":"https:\/\/schema.org","@graph":[{"@type":"Article","@id":"https:\/\/ictimai.az\/?p=84959#article","isPartOf":{"@id":"https:\/\/ictimai.az\/?p=84959"},"author":{"name":"Rashad Bayramov","@id":"https:\/\/ictimai.az\/#\/schema\/person\/9ac6f26569a9ae9806130a33903085b7"},"headline":"Paytaxt t\u0259hsil i\u015f\u00e7il\u0259rinin sentyabr konfrans\u0131na start verilib","datePublished":"2026-08-31T12:55:08+00:00","dateModified":"2026-08-31T12:56:19+00:00","mainEntityOfPage":{"@id":"https:\/\/ictimai.az\/?p=84959"},"wordCount":690,"commentCount":0,"publisher":{"@id":"https:\/\/ictimai.az\/#organization"},"image":{"@id":"https:\/\/ictimai.az\/?p=84959#primaryimage"},"thumbnailUrl":"https:\/\/ictimai.az\/core\/uploads\/2026\/08\/WhatsApp-Image-2026-08-31-at-16.26.31-3.jpeg","articleSection":["G\u00fcnd\u0259m"],"inLanguage":"az","potentialAction":[{"@type":"CommentAction","name":"Comment","target":["https:\/\/ictimai.az\/?p=84959#respond"]}]},{"@type":"WebPage","@id":"https:\/\/ictimai.az\/?p=84959","url":"https:\/\/ictimai.az\/?p=84959","name":"Paytaxt t\u0259hsil i\u015f\u00e7il\u0259rinin sentyabr konfrans\u0131na start verilib - \u0130CT\u0130MA\u0130.AZ","isPartOf":{"@id":"https:\/\/ictimai.az\/#website"},"primaryImageOfPage":{"@id":"https:\/\/ictimai.az\/?p=84959#primaryimage"},"image":{"@id":"https:\/\/ictimai.az\/?p=84959#primaryimage"},"thumbnailUrl":"https:\/\/ictimai.az\/core\/uploads\/2026\/08\/WhatsApp-Image-2026-08-31-at-16.26.31-3.jpeg","datePublished":"2026-08-31T12:55:08+00:00","dateModified":"2026-08-31T12:56:19+00:00","breadcrumb":{"@id":"https:\/\/ictimai.az\/?p=84959#breadcrumb"},"inLanguage":"az","potentialAction":[{"@type":"ReadAction","target":["https:\/\/ictimai.az\/?p=84959"]}]},{"@type":"ImageObject","inLanguage":"az","@id":"https:\/\/ictimai.az\/?p=84959#primaryimage","url":"https:\/\/ictimai.az\/core\/uploads\/2026\/08\/WhatsApp-Image-2026-08-31-at-16.26.31-3.jpeg","contentUrl":"https:\/\/ictimai.az\/core\/uploads\/2026\/08\/WhatsApp-Image-2026-08-31-at-16.26.31-3.jpeg","width":1500,"height":1000},{"@type":"BreadcrumbList","@id":"https:\/\/ictimai.az\/?p=84959#breadcrumb","itemListElement":[{"@type":"ListItem","position":1,"name":"Home","item":"https:\/\/ictimai.az\/"},{"@type":"ListItem","position":2,"name":"Paytaxt t\u0259hsil i\u015f\u00e7il\u0259rinin sentyabr konfrans\u0131na start verilib"}]},{"@type":"WebSite","@id":"https:\/\/ictimai.az\/#website","url":"https:\/\/ictimai.az\/","name":"\u0130CT\u0130MA\u0130.AZ","description":"","publisher":{"@id":"https:\/\/ictimai.az\/#organization"},"potentialAction":[{"@type":"SearchAction","target":{"@type":"EntryPoint","urlTemplate":"https:\/\/ictimai.az\/?s={search_term_string}"},"query-input":{"@type":"PropertyValueSpecification","valueRequired":true,"valueName":"search_term_string"}}],"inLanguage":"az"},{"@type":"Organization","@id":"https:\/\/ictimai.az\/#organization","name":"\u0130CT\u0130MA\u0130.AZ","url":"https:\/\/ictimai.az\/","logo":{"@type":"ImageObject","inLanguage":"az","@id":"https:\/\/ictimai.az\/#\/schema\/logo\/image\/","url":"https:\/\/ictimai.az\/core\/uploads\/2026\/06\/cropped-ictimai_0380d81099c6fe3baae753faceb5481f_p41rg2mzq0uyvextfh3k-768x768-1-3.png","contentUrl":"https:\/\/ictimai.az\/core\/uploads\/2026\/06\/cropped-ictimai_0380d81099c6fe3baae753faceb5481f_p41rg2mzq0uyvextfh3k-768x768-1-3.png","width":768,"height":768,"caption":"\u0130CT\u0130MA\u0130.AZ"},"image":{"@id":"https:\/\/ictimai.az\/#\/schema\/logo\/image\/"}},{"@type":"Person","@id":"https:\/\/ictimai.az\/#\/schema\/person\/9ac6f26569a9ae9806130a33903085b7","name":"Rashad Bayramov","image":{"@type":"ImageObject","inLanguage":"az","@id":"https:\/\/secure.gravatar.com\/avatar\/2c457cabf3c9d5b2c92c284169c1d34874f3316e1802b973e88e91d4a9df5ee8?s=96&d=mm&r=g","url":"https:\/\/secure.gravatar.com\/avatar\/2c457cabf3c9d5b2c92c284169c1d34874f3316e1802b973e88e91d4a9df5ee8?s=96&d=mm&r=g","contentUrl":"https:\/\/secure.gravatar.com\/avatar\/2c457cabf3c9d5b2c92c284169c1d34874f3316e1802b973e88e91d4a9df5ee8?s=96&d=mm&r=g","caption":"Rashad Bayramov"},"sameAs":["https:\/\/ictimai.az\/"],"url":"https:\/\/ictimai.az\/?author=3"}]}},"_links":{"self":[{"href":"https:\/\/ictimai.az\/index.php?rest_route=\/wp\/v2\/posts\/84959","targetHints":{"allow":["GET"]}}],"collection":[{"href":"https:\/\/ictimai.az\/index.php?rest_route=\/wp\/v2\/posts"}],"about":[{"href":"https:\/\/ictimai.az\/index.php?rest_route=\/wp\/v2\/types\/post"}],"author":[{"embeddable":true,"href":"https:\/\/ictimai.az\/index.php?rest_route=\/wp\/v2\/users\/3"}],"replies":[{"embeddable":true,"href":"https:\/\/ictimai.az\/index.php?rest_route=%2Fwp%2Fv2%2Fcomments&post=84959"}],"version-history":[{"count":0,"href":"https:\/\/ictimai.az\/index.php?rest_route=\/wp\/v2\/posts\/84959\/revisions"}],"wp:featuredmedia":[{"embeddable":true,"href":"https:\/\/ictimai.az\/index.php?rest_route=\/wp\/v2\/media\/84960"}],"wp:attachment":[{"href":"https:\/\/ictimai.az\/index.php?rest_route=%2Fwp%2Fv2%2Fmedia&parent=84959"}],"wp:term":[{"taxonomy":"category","embeddable":true,"href":"https:\/\/ictimai.az\/index.php?rest_route=%2Fwp%2Fv2%2Fcategories&post=84959"},{"taxonomy":"post_tag","embeddable":true,"href":"https:\/\/ictimai.az\/index.php?rest_route=%2Fwp%2Fv2%2Ftags&post=84959"}],"curies":[{"name":"wp","href":"https:\/\/api.w.org\/{rel}","templated":true}]}}