{"id":84967,"date":"2026-08-31T20:17:43","date_gmt":"2026-08-31T16:17:43","guid":{"rendered":"https:\/\/ictimai.az\/?p=84967"},"modified":"2026-08-31T20:27:24","modified_gmt":"2026-08-31T16:27:24","slug":"psixoloqdan-sidd%c9%99t-gor%c9%99n-autizmli-usaqla-bagli-aciqlama","status":"publish","type":"post","link":"https:\/\/ictimai.az\/?p=84967","title":{"rendered":"Psixoloqdan \u015fidd\u0259t g\u00f6r\u0259n autizmli u\u015faqla ba\u011fl\u0131 a\u00e7\u0131qlama"},"content":{"rendered":"\n<p class=\"wp-block-paragraph\"><strong>\u201c<\/strong>Mediada autizm spektr pozuntusu olan yetkinlik ya\u015f\u0131na \u00e7atmayan Aylinin (ad \u015f\u0259rtidir) psixoloq yan\u0131nda ke\u00e7iril\u0259n m\u0259\u015f\u011f\u0259l\u0259 zaman\u0131 fiziki zorak\u0131l\u0131\u011fa m\u0259ruz qalmas\u0131n\u0131 \u0259ks etdir\u0259n\u00a0video\u00a0g\u00f6r\u00fcnt\u00fc yay\u0131l\u0131b<strong>\u201d.<\/strong><\/p>\n\n\n\n<p class=\"wp-block-paragraph\">\u0130ctimai.az x\u0259b\u0259r verir ki, bu s\u00f6zl\u0259ri Ail\u0259, Qad\u0131n v\u0259 U\u015faq Probleml\u0259ri \u00fczr\u0259 D\u00f6vl\u0259t Komit\u0259sinin m\u0259tbuat katibi Teymur M\u0259rdano\u011flu sosial \u015f\u0259b\u0259k\u0259 hesab\u0131nda yaz\u0131b.<\/p>\n\n\n\n<p class=\"wp-block-paragraph\">O bildirib ki, m\u0259s\u0259l\u0259 il\u0259 ba\u011fl\u0131 Ail\u0259, Qad\u0131n v\u0259 U\u015faq Probleml\u0259ri \u00fczr\u0259 D\u00f6vl\u0259t Komit\u0259sinin tabeliyind\u0259 f\u0259aliyy\u0259t g\u00f6st\u0259r\u0259n Hac\u0131qabul U\u015faq v\u0259 Ail\u0259l\u0259r\u0259 D\u0259st\u0259k M\u0259rk\u0259zinin \u0259m\u0259kda\u015flar\u0131 v\u0259 \u015eirvan \u015e\u0259h\u0259r \u0130cra Hakimiyy\u0259ti yan\u0131nda U\u015faq h\u00fcquqlar\u0131n\u0131n m\u00fcdafi\u0259si \u00fczr\u0259 komissiyan\u0131n n\u00fcmay\u0259nd\u0259l\u0259ri t\u0259r\u0259find\u0259n u\u015fa\u011f\u0131n ya\u015fad\u0131\u011f\u0131 \u00fcnvana ail\u0259 s\u0259f\u0259ri h\u0259yata ke\u00e7irilib.<\/p>\n\n\n\n<p class=\"wp-block-paragraph\">\u201cS\u0259f\u0259r zaman\u0131 ail\u0259nin sosial v\u0259ziyy\u0259ti v\u0259 u\u015fa\u011f\u0131n haz\u0131rk\u0131 durumu qiym\u0259tl\u0259ndirilib, valideynl\u0259 s\u00f6hb\u0259t apar\u0131l\u0131b. Haz\u0131rda faktla ba\u011fl\u0131 \u015eirvan \u015e\u0259h\u0259r Polis \u015e\u00f6b\u0259sinin T\u0259hqiqat B\u00f6lm\u0259sind\u0259 ara\u015fd\u0131rma apar\u0131l\u0131r. Hadis\u0259nin b\u00fct\u00fcn faktiki hallar\u0131n\u0131n m\u00fc\u0259yy\u0259nl\u0259\u015fdirilm\u0259si v\u0259 h\u00fcquqi qiym\u0259t verilm\u0259si istiqam\u0259tind\u0259 m\u00fcvafiq t\u0259dbirl\u0259r g\u00f6r\u00fcl\u00fcr. Ara\u015fd\u0131rman\u0131n n\u0259tic\u0259si bar\u0259d\u0259 ictimaiyy\u0259t\u0259 \u0259lav\u0259 m\u0259lumat veril\u0259c\u0259k\u201d, &#8211; dey\u0259 o \u0259lav\u0259 edib.<\/p>\n","protected":false},"excerpt":{"rendered":"<p>\u201cMediada autizm spektr pozuntusu olan yetkinlik ya\u015f\u0131na \u00e7atmayan Aylinin (ad \u015f\u0259rtidir) psixoloq yan\u0131nda ke\u00e7iril\u0259n m\u0259\u015f\u011f\u0259l\u0259 zaman\u0131 fiziki zorak\u0131l\u0131\u011fa m\u0259ruz qalmas\u0131n\u0131 \u0259ks etdir\u0259n\u00a0video\u00a0g\u00f6r\u00fcnt\u00fc yay\u0131l\u0131b\u201d. \u0130ctimai.az x\u0259b\u0259r verir ki, bu s\u00f6zl\u0259ri Ail\u0259, Qad\u0131n v\u0259 U\u015faq Probleml\u0259ri \u00fczr\u0259 D\u00f6vl\u0259t Komit\u0259sinin m\u0259tbuat katibi Teymur M\u0259rdano\u011flu sosial \u015f\u0259b\u0259k\u0259 hesab\u0131nda yaz\u0131b. O bildirib ki, m\u0259s\u0259l\u0259 il\u0259 ba\u011fl\u0131 Ail\u0259, Qad\u0131n v\u0259 U\u015faq [&hellip;]<\/p>\n","protected":false},"author":2,"featured_media":84956,"comment_status":"open","ping_status":"closed","sticky":false,"template":"","format":"standard","meta":{"footnotes":""},"categories":[1],"tags":[],"class_list":["post-84967","post","type-post","status-publish","format-standard","has-post-thumbnail","hentry","category-society"],"yoast_head":"<!-- This site is optimized with the Yoast SEO plugin v28.2 - https:\/\/yoast.com\/product\/yoast-seo-wordpress\/ -->\n<title>Psixoloqdan \u015fidd\u0259t g\u00f6r\u0259n autizmli u\u015faqla ba\u011fl\u0131 a\u00e7\u0131qlama - \u0130CT\u0130MA\u0130.AZ<\/title>\n<meta name=\"robots\" content=\"index, follow, max-snippet:-1, max-image-preview:large, max-video-preview:-1\" \/>\n<link rel=\"canonical\" href=\"https:\/\/ictimai.az\/?p=84967\" \/>\n<meta property=\"og:locale\" content=\"az_AZ\" \/>\n<meta property=\"og:type\" content=\"article\" \/>\n<meta property=\"og:title\" content=\"Psixoloqdan \u015fidd\u0259t g\u00f6r\u0259n autizmli u\u015faqla ba\u011fl\u0131 a\u00e7\u0131qlama - \u0130CT\u0130MA\u0130.AZ\" \/>\n<meta property=\"og:description\" content=\"\u201cMediada autizm spektr pozuntusu olan yetkinlik ya\u015f\u0131na \u00e7atmayan Aylinin (ad \u015f\u0259rtidir) psixoloq yan\u0131nda ke\u00e7iril\u0259n m\u0259\u015f\u011f\u0259l\u0259 zaman\u0131 fiziki zorak\u0131l\u0131\u011fa m\u0259ruz qalmas\u0131n\u0131 \u0259ks etdir\u0259n\u00a0video\u00a0g\u00f6r\u00fcnt\u00fc yay\u0131l\u0131b\u201d. \u0130ctimai.az x\u0259b\u0259r verir ki, bu s\u00f6zl\u0259ri Ail\u0259, Qad\u0131n v\u0259 U\u015faq Probleml\u0259ri \u00fczr\u0259 D\u00f6vl\u0259t Komit\u0259sinin m\u0259tbuat katibi Teymur M\u0259rdano\u011flu sosial \u015f\u0259b\u0259k\u0259 hesab\u0131nda yaz\u0131b. O bildirib ki, m\u0259s\u0259l\u0259 il\u0259 ba\u011fl\u0131 Ail\u0259, Qad\u0131n v\u0259 U\u015faq [&hellip;]\" \/>\n<meta property=\"og:url\" content=\"https:\/\/ictimai.az\/?p=84967\" \/>\n<meta property=\"og:site_name\" content=\"\u0130CT\u0130MA\u0130.AZ\" \/>\n<meta property=\"article:published_time\" content=\"2026-08-31T16:17:43+00:00\" \/>\n<meta property=\"article:modified_time\" content=\"2026-08-31T16:27:24+00:00\" \/>\n<meta property=\"og:image\" content=\"https:\/\/ictimai.az\/core\/uploads\/2026\/08\/Screenshot_2026-08-30_121651.png\" \/>\n\t<meta property=\"og:image:width\" content=\"1274\" \/>\n\t<meta property=\"og:image:height\" content=\"800\" \/>\n\t<meta property=\"og:image:type\" content=\"image\/png\" \/>\n<meta name=\"author\" content=\"R\u0259\u015fad Bayramov\" \/>\n<meta name=\"twitter:card\" content=\"summary_large_image\" \/>\n<meta name=\"twitter:label1\" content=\"Written by\" \/>\n\t<meta name=\"twitter:data1\" content=\"R\u0259\u015fad Bayramov\" \/>\n\t<meta name=\"twitter:label2\" content=\"Est. reading time\" \/>\n\t<meta name=\"twitter:data2\" content=\"1 minute\" \/>\n<script type=\"application\/ld+json\" class=\"yoast-schema-graph\">{\"@context\":\"https:\\\/\\\/schema.org\",\"@graph\":[{\"@type\":\"Article\",\"@id\":\"https:\\\/\\\/ictimai.az\\\/?p=84967#article\",\"isPartOf\":{\"@id\":\"https:\\\/\\\/ictimai.az\\\/?p=84967\"},\"author\":{\"name\":\"R\u0259\u015fad Bayramov\",\"@id\":\"https:\\\/\\\/ictimai.az\\\/#\\\/schema\\\/person\\\/1da94bf2c7ab5d83ad349237bec1e6af\"},\"headline\":\"Psixoloqdan \u015fidd\u0259t g\u00f6r\u0259n autizmli u\u015faqla ba\u011fl\u0131 a\u00e7\u0131qlama\",\"datePublished\":\"2026-08-31T16:17:43+00:00\",\"dateModified\":\"2026-08-31T16:27:24+00:00\",\"mainEntityOfPage\":{\"@id\":\"https:\\\/\\\/ictimai.az\\\/?p=84967\"},\"wordCount\":286,\"commentCount\":0,\"publisher\":{\"@id\":\"https:\\\/\\\/ictimai.az\\\/#organization\"},\"image\":{\"@id\":\"https:\\\/\\\/ictimai.az\\\/?p=84967#primaryimage\"},\"thumbnailUrl\":\"https:\\\/\\\/ictimai.az\\\/core\\\/uploads\\\/2026\\\/08\\\/Screenshot_2026-08-30_121651.png\",\"articleSection\":[\"Sosial\"],\"inLanguage\":\"az\",\"potentialAction\":[{\"@type\":\"CommentAction\",\"name\":\"Comment\",\"target\":[\"https:\\\/\\\/ictimai.az\\\/?p=84967#respond\"]}]},{\"@type\":\"WebPage\",\"@id\":\"https:\\\/\\\/ictimai.az\\\/?p=84967\",\"url\":\"https:\\\/\\\/ictimai.az\\\/?p=84967\",\"name\":\"Psixoloqdan \u015fidd\u0259t g\u00f6r\u0259n autizmli u\u015faqla ba\u011fl\u0131 a\u00e7\u0131qlama - \u0130CT\u0130MA\u0130.AZ\",\"isPartOf\":{\"@id\":\"https:\\\/\\\/ictimai.az\\\/#website\"},\"primaryImageOfPage\":{\"@id\":\"https:\\\/\\\/ictimai.az\\\/?p=84967#primaryimage\"},\"image\":{\"@id\":\"https:\\\/\\\/ictimai.az\\\/?p=84967#primaryimage\"},\"thumbnailUrl\":\"https:\\\/\\\/ictimai.az\\\/core\\\/uploads\\\/2026\\\/08\\\/Screenshot_2026-08-30_121651.png\",\"datePublished\":\"2026-08-31T16:17:43+00:00\",\"dateModified\":\"2026-08-31T16:27:24+00:00\",\"breadcrumb\":{\"@id\":\"https:\\\/\\\/ictimai.az\\\/?p=84967#breadcrumb\"},\"inLanguage\":\"az\",\"potentialAction\":[{\"@type\":\"ReadAction\",\"target\":[\"https:\\\/\\\/ictimai.az\\\/?p=84967\"]}]},{\"@type\":\"ImageObject\",\"inLanguage\":\"az\",\"@id\":\"https:\\\/\\\/ictimai.az\\\/?p=84967#primaryimage\",\"url\":\"https:\\\/\\\/ictimai.az\\\/core\\\/uploads\\\/2026\\\/08\\\/Screenshot_2026-08-30_121651.png\",\"contentUrl\":\"https:\\\/\\\/ictimai.az\\\/core\\\/uploads\\\/2026\\\/08\\\/Screenshot_2026-08-30_121651.png\",\"width\":1274,\"height\":800},{\"@type\":\"BreadcrumbList\",\"@id\":\"https:\\\/\\\/ictimai.az\\\/?p=84967#breadcrumb\",\"itemListElement\":[{\"@type\":\"ListItem\",\"position\":1,\"name\":\"Home\",\"item\":\"https:\\\/\\\/ictimai.az\\\/\"},{\"@type\":\"ListItem\",\"position\":2,\"name\":\"Psixoloqdan \u015fidd\u0259t g\u00f6r\u0259n autizmli u\u015faqla ba\u011fl\u0131 a\u00e7\u0131qlama\"}]},{\"@type\":\"WebSite\",\"@id\":\"https:\\\/\\\/ictimai.az\\\/#website\",\"url\":\"https:\\\/\\\/ictimai.az\\\/\",\"name\":\"\u0130CT\u0130MA\u0130.AZ\",\"description\":\"\",\"publisher\":{\"@id\":\"https:\\\/\\\/ictimai.az\\\/#organization\"},\"potentialAction\":[{\"@type\":\"SearchAction\",\"target\":{\"@type\":\"EntryPoint\",\"urlTemplate\":\"https:\\\/\\\/ictimai.az\\\/?s={search_term_string}\"},\"query-input\":{\"@type\":\"PropertyValueSpecification\",\"valueRequired\":true,\"valueName\":\"search_term_string\"}}],\"inLanguage\":\"az\"},{\"@type\":\"Organization\",\"@id\":\"https:\\\/\\\/ictimai.az\\\/#organization\",\"name\":\"\u0130CT\u0130MA\u0130.AZ\",\"url\":\"https:\\\/\\\/ictimai.az\\\/\",\"logo\":{\"@type\":\"ImageObject\",\"inLanguage\":\"az\",\"@id\":\"https:\\\/\\\/ictimai.az\\\/#\\\/schema\\\/logo\\\/image\\\/\",\"url\":\"https:\\\/\\\/ictimai.az\\\/core\\\/uploads\\\/2026\\\/06\\\/cropped-ictimai_0380d81099c6fe3baae753faceb5481f_p41rg2mzq0uyvextfh3k-768x768-1-3.png\",\"contentUrl\":\"https:\\\/\\\/ictimai.az\\\/core\\\/uploads\\\/2026\\\/06\\\/cropped-ictimai_0380d81099c6fe3baae753faceb5481f_p41rg2mzq0uyvextfh3k-768x768-1-3.png\",\"width\":768,\"height\":768,\"caption\":\"\u0130CT\u0130MA\u0130.AZ\"},\"image\":{\"@id\":\"https:\\\/\\\/ictimai.az\\\/#\\\/schema\\\/logo\\\/image\\\/\"}},{\"@type\":\"Person\",\"@id\":\"https:\\\/\\\/ictimai.az\\\/#\\\/schema\\\/person\\\/1da94bf2c7ab5d83ad349237bec1e6af\",\"name\":\"R\u0259\u015fad Bayramov\",\"image\":{\"@type\":\"ImageObject\",\"inLanguage\":\"az\",\"@id\":\"https:\\\/\\\/secure.gravatar.com\\\/avatar\\\/83c075605ba0a4d35d59726aaad89cfa8008d1f01603342c56f1dd79784491bc?s=96&d=mm&r=g\",\"url\":\"https:\\\/\\\/secure.gravatar.com\\\/avatar\\\/83c075605ba0a4d35d59726aaad89cfa8008d1f01603342c56f1dd79784491bc?s=96&d=mm&r=g\",\"contentUrl\":\"https:\\\/\\\/secure.gravatar.com\\\/avatar\\\/83c075605ba0a4d35d59726aaad89cfa8008d1f01603342c56f1dd79784491bc?s=96&d=mm&r=g\",\"caption\":\"R\u0259\u015fad Bayramov\"},\"sameAs\":[\"https:\\\/\\\/ictimai.az\\\/\"],\"url\":\"https:\\\/\\\/ictimai.az\\\/?author=2\"}]}<\/script>\n<!-- \/ Yoast SEO plugin. -->","yoast_head_json":{"title":"Psixoloqdan \u015fidd\u0259t g\u00f6r\u0259n autizmli u\u015faqla ba\u011fl\u0131 a\u00e7\u0131qlama - \u0130CT\u0130MA\u0130.AZ","robots":{"index":"index","follow":"follow","max-snippet":"max-snippet:-1","max-image-preview":"max-image-preview:large","max-video-preview":"max-video-preview:-1"},"canonical":"https:\/\/ictimai.az\/?p=84967","og_locale":"az_AZ","og_type":"article","og_title":"Psixoloqdan \u015fidd\u0259t g\u00f6r\u0259n autizmli u\u015faqla ba\u011fl\u0131 a\u00e7\u0131qlama - \u0130CT\u0130MA\u0130.AZ","og_description":"\u201cMediada autizm spektr pozuntusu olan yetkinlik ya\u015f\u0131na \u00e7atmayan Aylinin (ad \u015f\u0259rtidir) psixoloq yan\u0131nda ke\u00e7iril\u0259n m\u0259\u015f\u011f\u0259l\u0259 zaman\u0131 fiziki zorak\u0131l\u0131\u011fa m\u0259ruz qalmas\u0131n\u0131 \u0259ks etdir\u0259n\u00a0video\u00a0g\u00f6r\u00fcnt\u00fc yay\u0131l\u0131b\u201d. \u0130ctimai.az x\u0259b\u0259r verir ki, bu s\u00f6zl\u0259ri Ail\u0259, Qad\u0131n v\u0259 U\u015faq Probleml\u0259ri \u00fczr\u0259 D\u00f6vl\u0259t Komit\u0259sinin m\u0259tbuat katibi Teymur M\u0259rdano\u011flu sosial \u015f\u0259b\u0259k\u0259 hesab\u0131nda yaz\u0131b. O bildirib ki, m\u0259s\u0259l\u0259 il\u0259 ba\u011fl\u0131 Ail\u0259, Qad\u0131n v\u0259 U\u015faq [&hellip;]","og_url":"https:\/\/ictimai.az\/?p=84967","og_site_name":"\u0130CT\u0130MA\u0130.AZ","article_published_time":"2026-08-31T16:17:43+00:00","article_modified_time":"2026-08-31T16:27:24+00:00","og_image":[{"width":1274,"height":800,"url":"https:\/\/ictimai.az\/core\/uploads\/2026\/08\/Screenshot_2026-08-30_121651.png","type":"image\/png"}],"author":"R\u0259\u015fad Bayramov","twitter_card":"summary_large_image","twitter_misc":{"Written by":"R\u0259\u015fad Bayramov","Est. reading time":"1 minute"},"schema":{"@context":"https:\/\/schema.org","@graph":[{"@type":"Article","@id":"https:\/\/ictimai.az\/?p=84967#article","isPartOf":{"@id":"https:\/\/ictimai.az\/?p=84967"},"author":{"name":"R\u0259\u015fad Bayramov","@id":"https:\/\/ictimai.az\/#\/schema\/person\/1da94bf2c7ab5d83ad349237bec1e6af"},"headline":"Psixoloqdan \u015fidd\u0259t g\u00f6r\u0259n autizmli u\u015faqla ba\u011fl\u0131 a\u00e7\u0131qlama","datePublished":"2026-08-31T16:17:43+00:00","dateModified":"2026-08-31T16:27:24+00:00","mainEntityOfPage":{"@id":"https:\/\/ictimai.az\/?p=84967"},"wordCount":286,"commentCount":0,"publisher":{"@id":"https:\/\/ictimai.az\/#organization"},"image":{"@id":"https:\/\/ictimai.az\/?p=84967#primaryimage"},"thumbnailUrl":"https:\/\/ictimai.az\/core\/uploads\/2026\/08\/Screenshot_2026-08-30_121651.png","articleSection":["Sosial"],"inLanguage":"az","potentialAction":[{"@type":"CommentAction","name":"Comment","target":["https:\/\/ictimai.az\/?p=84967#respond"]}]},{"@type":"WebPage","@id":"https:\/\/ictimai.az\/?p=84967","url":"https:\/\/ictimai.az\/?p=84967","name":"Psixoloqdan \u015fidd\u0259t g\u00f6r\u0259n autizmli u\u015faqla ba\u011fl\u0131 a\u00e7\u0131qlama - \u0130CT\u0130MA\u0130.AZ","isPartOf":{"@id":"https:\/\/ictimai.az\/#website"},"primaryImageOfPage":{"@id":"https:\/\/ictimai.az\/?p=84967#primaryimage"},"image":{"@id":"https:\/\/ictimai.az\/?p=84967#primaryimage"},"thumbnailUrl":"https:\/\/ictimai.az\/core\/uploads\/2026\/08\/Screenshot_2026-08-30_121651.png","datePublished":"2026-08-31T16:17:43+00:00","dateModified":"2026-08-31T16:27:24+00:00","breadcrumb":{"@id":"https:\/\/ictimai.az\/?p=84967#breadcrumb"},"inLanguage":"az","potentialAction":[{"@type":"ReadAction","target":["https:\/\/ictimai.az\/?p=84967"]}]},{"@type":"ImageObject","inLanguage":"az","@id":"https:\/\/ictimai.az\/?p=84967#primaryimage","url":"https:\/\/ictimai.az\/core\/uploads\/2026\/08\/Screenshot_2026-08-30_121651.png","contentUrl":"https:\/\/ictimai.az\/core\/uploads\/2026\/08\/Screenshot_2026-08-30_121651.png","width":1274,"height":800},{"@type":"BreadcrumbList","@id":"https:\/\/ictimai.az\/?p=84967#breadcrumb","itemListElement":[{"@type":"ListItem","position":1,"name":"Home","item":"https:\/\/ictimai.az\/"},{"@type":"ListItem","position":2,"name":"Psixoloqdan \u015fidd\u0259t g\u00f6r\u0259n autizmli u\u015faqla ba\u011fl\u0131 a\u00e7\u0131qlama"}]},{"@type":"WebSite","@id":"https:\/\/ictimai.az\/#website","url":"https:\/\/ictimai.az\/","name":"\u0130CT\u0130MA\u0130.AZ","description":"","publisher":{"@id":"https:\/\/ictimai.az\/#organization"},"potentialAction":[{"@type":"SearchAction","target":{"@type":"EntryPoint","urlTemplate":"https:\/\/ictimai.az\/?s={search_term_string}"},"query-input":{"@type":"PropertyValueSpecification","valueRequired":true,"valueName":"search_term_string"}}],"inLanguage":"az"},{"@type":"Organization","@id":"https:\/\/ictimai.az\/#organization","name":"\u0130CT\u0130MA\u0130.AZ","url":"https:\/\/ictimai.az\/","logo":{"@type":"ImageObject","inLanguage":"az","@id":"https:\/\/ictimai.az\/#\/schema\/logo\/image\/","url":"https:\/\/ictimai.az\/core\/uploads\/2026\/06\/cropped-ictimai_0380d81099c6fe3baae753faceb5481f_p41rg2mzq0uyvextfh3k-768x768-1-3.png","contentUrl":"https:\/\/ictimai.az\/core\/uploads\/2026\/06\/cropped-ictimai_0380d81099c6fe3baae753faceb5481f_p41rg2mzq0uyvextfh3k-768x768-1-3.png","width":768,"height":768,"caption":"\u0130CT\u0130MA\u0130.AZ"},"image":{"@id":"https:\/\/ictimai.az\/#\/schema\/logo\/image\/"}},{"@type":"Person","@id":"https:\/\/ictimai.az\/#\/schema\/person\/1da94bf2c7ab5d83ad349237bec1e6af","name":"R\u0259\u015fad Bayramov","image":{"@type":"ImageObject","inLanguage":"az","@id":"https:\/\/secure.gravatar.com\/avatar\/83c075605ba0a4d35d59726aaad89cfa8008d1f01603342c56f1dd79784491bc?s=96&d=mm&r=g","url":"https:\/\/secure.gravatar.com\/avatar\/83c075605ba0a4d35d59726aaad89cfa8008d1f01603342c56f1dd79784491bc?s=96&d=mm&r=g","contentUrl":"https:\/\/secure.gravatar.com\/avatar\/83c075605ba0a4d35d59726aaad89cfa8008d1f01603342c56f1dd79784491bc?s=96&d=mm&r=g","caption":"R\u0259\u015fad Bayramov"},"sameAs":["https:\/\/ictimai.az\/"],"url":"https:\/\/ictimai.az\/?author=2"}]}},"_links":{"self":[{"href":"https:\/\/ictimai.az\/index.php?rest_route=\/wp\/v2\/posts\/84967","targetHints":{"allow":["GET"]}}],"collection":[{"href":"https:\/\/ictimai.az\/index.php?rest_route=\/wp\/v2\/posts"}],"about":[{"href":"https:\/\/ictimai.az\/index.php?rest_route=\/wp\/v2\/types\/post"}],"author":[{"embeddable":true,"href":"https:\/\/ictimai.az\/index.php?rest_route=\/wp\/v2\/users\/2"}],"replies":[{"embeddable":true,"href":"https:\/\/ictimai.az\/index.php?rest_route=%2Fwp%2Fv2%2Fcomments&post=84967"}],"version-history":[{"count":0,"href":"https:\/\/ictimai.az\/index.php?rest_route=\/wp\/v2\/posts\/84967\/revisions"}],"wp:featuredmedia":[{"embeddable":true,"href":"https:\/\/ictimai.az\/index.php?rest_route=\/wp\/v2\/media\/84956"}],"wp:attachment":[{"href":"https:\/\/ictimai.az\/index.php?rest_route=%2Fwp%2Fv2%2Fmedia&parent=84967"}],"wp:term":[{"taxonomy":"category","embeddable":true,"href":"https:\/\/ictimai.az\/index.php?rest_route=%2Fwp%2Fv2%2Fcategories&post=84967"},{"taxonomy":"post_tag","embeddable":true,"href":"https:\/\/ictimai.az\/index.php?rest_route=%2Fwp%2Fv2%2Ftags&post=84967"}],"curies":[{"name":"wp","href":"https:\/\/api.w.org\/{rel}","templated":true}]}}