{"id":84974,"date":"2026-08-31T23:01:00","date_gmt":"2026-08-31T19:01:00","guid":{"rendered":"https:\/\/ictimai.az\/?p=84974"},"modified":"2026-09-01T00:03:03","modified_gmt":"2026-08-31T20:03:03","slug":"media-dan-the-independent-the-guardian-v%c9%99-bbc-il%c9%99-bagli-beyanat","status":"publish","type":"post","link":"https:\/\/ictimai.az\/?p=84974","title":{"rendered":"MED\u0130A-dan &#8220;The Independent&#8221;, &#8220;The Guardian&#8221; v\u0259 &#8220;BBC&#8221; il\u0259 ba\u011fl\u0131 B\u018fYANAT"},"content":{"rendered":"\n<p class=\"wp-block-paragraph\">Az\u0259rbaycan Respublikas\u0131n\u0131n Median\u0131n \u0130nki\u015faf\u0131 Agentliyi (MED\u0130A) B\u00f6y\u00fck Britaniyan\u0131n &#8220;The Independent&#8221; v\u0259 &#8220;The Guardian&#8221; q\u0259zetl\u0259rind\u0259, h\u0259m\u00e7inin &#8220;BBC&#8221; yay\u0131m korporasiyas\u0131n\u0131n rus dili xidm\u0259tind\u0259 Az\u0259rbaycanla ba\u011fl\u0131 yay\u0131mlanan materiallara m\u00fcnasib\u0259t bildirib.<\/p>\n\n\n\n<p class=\"wp-block-paragraph\"><strong>\u0130ctimai.az<\/strong>\u00a0x\u0259b\u0259r verir ki, bu bar\u0259d\u0259 Median\u0131n \u0130nki\u015faf\u0131 Agentliyinin yayd\u0131\u011f\u0131 b\u0259yanatda bildirilib:<\/p>\n\n\n\n<p class=\"wp-block-paragraph\">&#8220;Son g\u00fcnl\u0259r B\u00f6y\u00fck Britaniyan\u0131n &#8220;The Independent&#8221; v\u0259 &#8220;The Guardian&#8221; q\u0259zetl\u0259rind\u0259, habel\u0259 &#8220;BBC&#8221; yay\u0131m korporasiyas\u0131n\u0131n rus dili xidm\u0259tind\u0259 Az\u0259rbaycan Respublikas\u0131 il\u0259 ba\u011fl\u0131 h\u0259qiq\u0259t\u0259 uy\u011fun olmayan v\u0259 ictimai r\u0259yi \u00e7a\u015fd\u0131rma\u011fa y\u00f6n\u0259lmi\u015f materiallar d\u0259rc edilmi\u015fdir.<\/p>\n\n\n\n<p class=\"wp-block-paragraph\">Az\u0259rbaycan Respublikas\u0131n\u0131n Median\u0131n \u0130nki\u015faf\u0131 Agentliyi bildirir ki, a\u015fkar birt\u0259r\u0259fli yana\u015fma v\u0259 m\u00fclahiz\u0259l\u0259r\u0259 \u0259saslanan bu yaz\u0131lar \u00f6lk\u0259mizin beyn\u0259lxalq imicini h\u0259d\u0259f alan m\u0259qs\u0259dli informasiya kampaniyas\u0131n\u0131n t\u0259rkib hiss\u0259si t\u0259\u0259ss\u00fcrat\u0131 yarad\u0131r.<\/p>\n\n\n\n<p class=\"wp-block-paragraph\">M\u0259qal\u0259 m\u00fc\u0259llifl\u0259ri m\u00f6vzunu balansl\u0131 v\u0259 obyektiv ara\u015fd\u0131rmaq, el\u0259c\u0259 d\u0259 qar\u015f\u0131 t\u0259r\u0259fin r\u0259smi m\u00fcnasib\u0259tini \u00f6yr\u0259nm\u0259k \u00fc\u00e7\u00fcn h\u0259r hans\u0131 add\u0131m atmam\u0131\u015f, sad\u0259c\u0259 \u00f6z subyektiv m\u00fclahiz\u0259l\u0259rin\u0259 \u0259saslanan tezisl\u0259ri ictimaiyy\u0259t\u0259 t\u0259qdim etm\u0259y\u0259 \u00fcst\u00fcnl\u00fck vermi\u015fl\u0259r. Bu is\u0259 s\u00f6z\u00fcged\u0259n materiallar\u0131n m\u00fc\u0259yy\u0259n lobbi dair\u0259l\u0259rinin maraqlar\u0131ndan ir\u0259li g\u0259l\u0259n siyasi sifari\u015f xarakteri da\u015f\u0131d\u0131\u011f\u0131na dair ciddi \u015f\u00fcbh\u0259l\u0259r yarad\u0131r v\u0259 d\u0259rin t\u0259\u0259ss\u00fcf do\u011furur.<\/p>\n\n\n\n<p class=\"wp-block-paragraph\">\u00d6lk\u0259mizin suverenliyin\u0259, daxili v\u0259 xarici siyas\u0259tin\u0259, habel\u0259 beyn\u0259lxalq n\u00fcfuzuna k\u00f6lg\u0259 salmaq m\u0259qs\u0259di da\u015f\u0131yan bu kimi hallar\u0131n aidiyy\u0259ti \u00fczr\u0259 ara\u015fd\u0131r\u0131lmas\u0131 v\u0259 z\u0259ruri add\u0131mlar\u0131n at\u0131lmas\u0131 istiqam\u0259tind\u0259 m\u00fcvafiq t\u0259dbirl\u0259rin g\u00f6r\u00fclm\u0259si t\u0259min edil\u0259c\u0259kdir.<\/p>\n\n\n\n<p class=\"wp-block-paragraph\">Bir daha ad\u0131 \u00e7\u0259kil\u0259n media qurumlar\u0131n\u0131 (&#8220;The Independent&#8221;, &#8220;The Guardian&#8221; v\u0259 &#8220;BBC&#8221;) b\u0259yan etdikl\u0259ri pe\u015f\u0259 prinsipl\u0259rin\u0259 sadiq qalma\u011fa, Az\u0259rbaycan haqq\u0131nda birt\u0259r\u0259fli, q\u0259r\u0259zli v\u0259 h\u0259qiq\u0259t\u0259 uy\u011fun olmayan materiallar\u0131n d\u0259rcind\u0259n \u00e7\u0259kinm\u0259y\u0259, el\u0259c\u0259 d\u0259 jurnalist etikas\u0131na uy\u011fun olaraq t\u0259r\u0259fsiz informasiya t\u0259minat\u0131n\u0131 b\u0259rpa etm\u0259y\u0259 d\u0259v\u0259t edirik&#8221;.<\/p>\n","protected":false},"excerpt":{"rendered":"<p>Az\u0259rbaycan Respublikas\u0131n\u0131n Median\u0131n \u0130nki\u015faf\u0131 Agentliyi (MED\u0130A) B\u00f6y\u00fck Britaniyan\u0131n &#8220;The Independent&#8221; v\u0259 &#8220;The Guardian&#8221; q\u0259zetl\u0259rind\u0259, h\u0259m\u00e7inin &#8220;BBC&#8221; yay\u0131m korporasiyas\u0131n\u0131n rus dili xidm\u0259tind\u0259 Az\u0259rbaycanla ba\u011fl\u0131 yay\u0131mlanan materiallara m\u00fcnasib\u0259t bildirib. \u0130ctimai.az\u00a0x\u0259b\u0259r verir ki, bu bar\u0259d\u0259 Median\u0131n \u0130nki\u015faf\u0131 Agentliyinin yayd\u0131\u011f\u0131 b\u0259yanatda bildirilib: &#8220;Son g\u00fcnl\u0259r B\u00f6y\u00fck Britaniyan\u0131n &#8220;The Independent&#8221; v\u0259 &#8220;The Guardian&#8221; q\u0259zetl\u0259rind\u0259, habel\u0259 &#8220;BBC&#8221; yay\u0131m korporasiyas\u0131n\u0131n rus dili xidm\u0259tind\u0259 [&hellip;]<\/p>\n","protected":false},"author":2,"featured_media":84975,"comment_status":"open","ping_status":"closed","sticky":false,"template":"","format":"standard","meta":{"footnotes":""},"categories":[36],"tags":[],"class_list":["post-84974","post","type-post","status-publish","format-standard","has-post-thumbnail","hentry","category-media"],"yoast_head":"<!-- This site is optimized with the Yoast SEO plugin v28.2 - https:\/\/yoast.com\/product\/yoast-seo-wordpress\/ -->\n<title>MED\u0130A-dan &quot;The Independent&quot;, &quot;The Guardian&quot; v\u0259 &quot;BBC&quot; il\u0259 ba\u011fl\u0131 B\u018fYANAT - \u0130CT\u0130MA\u0130.AZ<\/title>\n<meta name=\"robots\" content=\"index, follow, max-snippet:-1, max-image-preview:large, max-video-preview:-1\" \/>\n<link rel=\"canonical\" href=\"https:\/\/ictimai.az\/?p=84974\" \/>\n<meta property=\"og:locale\" content=\"az_AZ\" \/>\n<meta property=\"og:type\" content=\"article\" \/>\n<meta property=\"og:title\" content=\"MED\u0130A-dan &quot;The Independent&quot;, &quot;The Guardian&quot; v\u0259 &quot;BBC&quot; il\u0259 ba\u011fl\u0131 B\u018fYANAT - \u0130CT\u0130MA\u0130.AZ\" \/>\n<meta property=\"og:description\" content=\"Az\u0259rbaycan Respublikas\u0131n\u0131n Median\u0131n \u0130nki\u015faf\u0131 Agentliyi (MED\u0130A) B\u00f6y\u00fck Britaniyan\u0131n &#8220;The Independent&#8221; v\u0259 &#8220;The Guardian&#8221; q\u0259zetl\u0259rind\u0259, h\u0259m\u00e7inin &#8220;BBC&#8221; yay\u0131m korporasiyas\u0131n\u0131n rus dili xidm\u0259tind\u0259 Az\u0259rbaycanla ba\u011fl\u0131 yay\u0131mlanan materiallara m\u00fcnasib\u0259t bildirib. \u0130ctimai.az\u00a0x\u0259b\u0259r verir ki, bu bar\u0259d\u0259 Median\u0131n \u0130nki\u015faf\u0131 Agentliyinin yayd\u0131\u011f\u0131 b\u0259yanatda bildirilib: &#8220;Son g\u00fcnl\u0259r B\u00f6y\u00fck Britaniyan\u0131n &#8220;The Independent&#8221; v\u0259 &#8220;The Guardian&#8221; q\u0259zetl\u0259rind\u0259, habel\u0259 &#8220;BBC&#8221; yay\u0131m korporasiyas\u0131n\u0131n rus dili xidm\u0259tind\u0259 [&hellip;]\" \/>\n<meta property=\"og:url\" content=\"https:\/\/ictimai.az\/?p=84974\" \/>\n<meta property=\"og:site_name\" content=\"\u0130CT\u0130MA\u0130.AZ\" \/>\n<meta property=\"article:published_time\" content=\"2026-08-31T19:01:00+00:00\" \/>\n<meta property=\"article:modified_time\" content=\"2026-08-31T20:03:03+00:00\" \/>\n<meta property=\"og:image\" content=\"https:\/\/ictimai.az\/core\/uploads\/2026\/09\/owu8lRNMSsqt1WwH5gVn8haWRpXs2deWl7ghhzdP_1200.webp\" \/>\n\t<meta property=\"og:image:width\" content=\"1200\" \/>\n\t<meta property=\"og:image:height\" content=\"760\" \/>\n\t<meta property=\"og:image:type\" content=\"image\/webp\" \/>\n<meta name=\"author\" content=\"R\u0259\u015fad Bayramov\" \/>\n<meta name=\"twitter:card\" content=\"summary_large_image\" \/>\n<meta name=\"twitter:label1\" content=\"Written by\" \/>\n\t<meta name=\"twitter:data1\" content=\"R\u0259\u015fad Bayramov\" \/>\n\t<meta name=\"twitter:label2\" content=\"Est. reading time\" \/>\n\t<meta name=\"twitter:data2\" content=\"2 minutes\" \/>\n<script type=\"application\/ld+json\" class=\"yoast-schema-graph\">{\"@context\":\"https:\\\/\\\/schema.org\",\"@graph\":[{\"@type\":\"Article\",\"@id\":\"https:\\\/\\\/ictimai.az\\\/?p=84974#article\",\"isPartOf\":{\"@id\":\"https:\\\/\\\/ictimai.az\\\/?p=84974\"},\"author\":{\"name\":\"R\u0259\u015fad Bayramov\",\"@id\":\"https:\\\/\\\/ictimai.az\\\/#\\\/schema\\\/person\\\/1da94bf2c7ab5d83ad349237bec1e6af\"},\"headline\":\"MED\u0130A-dan &#8220;The Independent&#8221;, &#8220;The Guardian&#8221; v\u0259 &#8220;BBC&#8221; il\u0259 ba\u011fl\u0131 B\u018fYANAT\",\"datePublished\":\"2026-08-31T19:01:00+00:00\",\"dateModified\":\"2026-08-31T20:03:03+00:00\",\"mainEntityOfPage\":{\"@id\":\"https:\\\/\\\/ictimai.az\\\/?p=84974\"},\"wordCount\":419,\"commentCount\":0,\"publisher\":{\"@id\":\"https:\\\/\\\/ictimai.az\\\/#organization\"},\"image\":{\"@id\":\"https:\\\/\\\/ictimai.az\\\/?p=84974#primaryimage\"},\"thumbnailUrl\":\"https:\\\/\\\/ictimai.az\\\/core\\\/uploads\\\/2026\\\/09\\\/owu8lRNMSsqt1WwH5gVn8haWRpXs2deWl7ghhzdP_1200.webp\",\"articleSection\":[\"MED\u0130A\"],\"inLanguage\":\"az\",\"potentialAction\":[{\"@type\":\"CommentAction\",\"name\":\"Comment\",\"target\":[\"https:\\\/\\\/ictimai.az\\\/?p=84974#respond\"]}]},{\"@type\":\"WebPage\",\"@id\":\"https:\\\/\\\/ictimai.az\\\/?p=84974\",\"url\":\"https:\\\/\\\/ictimai.az\\\/?p=84974\",\"name\":\"MED\u0130A-dan \\\"The Independent\\\", \\\"The Guardian\\\" v\u0259 \\\"BBC\\\" il\u0259 ba\u011fl\u0131 B\u018fYANAT - \u0130CT\u0130MA\u0130.AZ\",\"isPartOf\":{\"@id\":\"https:\\\/\\\/ictimai.az\\\/#website\"},\"primaryImageOfPage\":{\"@id\":\"https:\\\/\\\/ictimai.az\\\/?p=84974#primaryimage\"},\"image\":{\"@id\":\"https:\\\/\\\/ictimai.az\\\/?p=84974#primaryimage\"},\"thumbnailUrl\":\"https:\\\/\\\/ictimai.az\\\/core\\\/uploads\\\/2026\\\/09\\\/owu8lRNMSsqt1WwH5gVn8haWRpXs2deWl7ghhzdP_1200.webp\",\"datePublished\":\"2026-08-31T19:01:00+00:00\",\"dateModified\":\"2026-08-31T20:03:03+00:00\",\"breadcrumb\":{\"@id\":\"https:\\\/\\\/ictimai.az\\\/?p=84974#breadcrumb\"},\"inLanguage\":\"az\",\"potentialAction\":[{\"@type\":\"ReadAction\",\"target\":[\"https:\\\/\\\/ictimai.az\\\/?p=84974\"]}]},{\"@type\":\"ImageObject\",\"inLanguage\":\"az\",\"@id\":\"https:\\\/\\\/ictimai.az\\\/?p=84974#primaryimage\",\"url\":\"https:\\\/\\\/ictimai.az\\\/core\\\/uploads\\\/2026\\\/09\\\/owu8lRNMSsqt1WwH5gVn8haWRpXs2deWl7ghhzdP_1200.webp\",\"contentUrl\":\"https:\\\/\\\/ictimai.az\\\/core\\\/uploads\\\/2026\\\/09\\\/owu8lRNMSsqt1WwH5gVn8haWRpXs2deWl7ghhzdP_1200.webp\",\"width\":1200,\"height\":760},{\"@type\":\"BreadcrumbList\",\"@id\":\"https:\\\/\\\/ictimai.az\\\/?p=84974#breadcrumb\",\"itemListElement\":[{\"@type\":\"ListItem\",\"position\":1,\"name\":\"Home\",\"item\":\"https:\\\/\\\/ictimai.az\\\/\"},{\"@type\":\"ListItem\",\"position\":2,\"name\":\"MED\u0130A-dan &#8220;The Independent&#8221;, &#8220;The Guardian&#8221; v\u0259 &#8220;BBC&#8221; il\u0259 ba\u011fl\u0131 B\u018fYANAT\"}]},{\"@type\":\"WebSite\",\"@id\":\"https:\\\/\\\/ictimai.az\\\/#website\",\"url\":\"https:\\\/\\\/ictimai.az\\\/\",\"name\":\"\u0130CT\u0130MA\u0130.AZ\",\"description\":\"\",\"publisher\":{\"@id\":\"https:\\\/\\\/ictimai.az\\\/#organization\"},\"potentialAction\":[{\"@type\":\"SearchAction\",\"target\":{\"@type\":\"EntryPoint\",\"urlTemplate\":\"https:\\\/\\\/ictimai.az\\\/?s={search_term_string}\"},\"query-input\":{\"@type\":\"PropertyValueSpecification\",\"valueRequired\":true,\"valueName\":\"search_term_string\"}}],\"inLanguage\":\"az\"},{\"@type\":\"Organization\",\"@id\":\"https:\\\/\\\/ictimai.az\\\/#organization\",\"name\":\"\u0130CT\u0130MA\u0130.AZ\",\"url\":\"https:\\\/\\\/ictimai.az\\\/\",\"logo\":{\"@type\":\"ImageObject\",\"inLanguage\":\"az\",\"@id\":\"https:\\\/\\\/ictimai.az\\\/#\\\/schema\\\/logo\\\/image\\\/\",\"url\":\"https:\\\/\\\/ictimai.az\\\/core\\\/uploads\\\/2026\\\/06\\\/cropped-ictimai_0380d81099c6fe3baae753faceb5481f_p41rg2mzq0uyvextfh3k-768x768-1-3.png\",\"contentUrl\":\"https:\\\/\\\/ictimai.az\\\/core\\\/uploads\\\/2026\\\/06\\\/cropped-ictimai_0380d81099c6fe3baae753faceb5481f_p41rg2mzq0uyvextfh3k-768x768-1-3.png\",\"width\":768,\"height\":768,\"caption\":\"\u0130CT\u0130MA\u0130.AZ\"},\"image\":{\"@id\":\"https:\\\/\\\/ictimai.az\\\/#\\\/schema\\\/logo\\\/image\\\/\"}},{\"@type\":\"Person\",\"@id\":\"https:\\\/\\\/ictimai.az\\\/#\\\/schema\\\/person\\\/1da94bf2c7ab5d83ad349237bec1e6af\",\"name\":\"R\u0259\u015fad Bayramov\",\"image\":{\"@type\":\"ImageObject\",\"inLanguage\":\"az\",\"@id\":\"https:\\\/\\\/secure.gravatar.com\\\/avatar\\\/83c075605ba0a4d35d59726aaad89cfa8008d1f01603342c56f1dd79784491bc?s=96&d=mm&r=g\",\"url\":\"https:\\\/\\\/secure.gravatar.com\\\/avatar\\\/83c075605ba0a4d35d59726aaad89cfa8008d1f01603342c56f1dd79784491bc?s=96&d=mm&r=g\",\"contentUrl\":\"https:\\\/\\\/secure.gravatar.com\\\/avatar\\\/83c075605ba0a4d35d59726aaad89cfa8008d1f01603342c56f1dd79784491bc?s=96&d=mm&r=g\",\"caption\":\"R\u0259\u015fad Bayramov\"},\"sameAs\":[\"https:\\\/\\\/ictimai.az\\\/\"],\"url\":\"https:\\\/\\\/ictimai.az\\\/?author=2\"}]}<\/script>\n<!-- \/ Yoast SEO plugin. -->","yoast_head_json":{"title":"MED\u0130A-dan \"The Independent\", \"The Guardian\" v\u0259 \"BBC\" il\u0259 ba\u011fl\u0131 B\u018fYANAT - \u0130CT\u0130MA\u0130.AZ","robots":{"index":"index","follow":"follow","max-snippet":"max-snippet:-1","max-image-preview":"max-image-preview:large","max-video-preview":"max-video-preview:-1"},"canonical":"https:\/\/ictimai.az\/?p=84974","og_locale":"az_AZ","og_type":"article","og_title":"MED\u0130A-dan \"The Independent\", \"The Guardian\" v\u0259 \"BBC\" il\u0259 ba\u011fl\u0131 B\u018fYANAT - \u0130CT\u0130MA\u0130.AZ","og_description":"Az\u0259rbaycan Respublikas\u0131n\u0131n Median\u0131n \u0130nki\u015faf\u0131 Agentliyi (MED\u0130A) B\u00f6y\u00fck Britaniyan\u0131n &#8220;The Independent&#8221; v\u0259 &#8220;The Guardian&#8221; q\u0259zetl\u0259rind\u0259, h\u0259m\u00e7inin &#8220;BBC&#8221; yay\u0131m korporasiyas\u0131n\u0131n rus dili xidm\u0259tind\u0259 Az\u0259rbaycanla ba\u011fl\u0131 yay\u0131mlanan materiallara m\u00fcnasib\u0259t bildirib. \u0130ctimai.az\u00a0x\u0259b\u0259r verir ki, bu bar\u0259d\u0259 Median\u0131n \u0130nki\u015faf\u0131 Agentliyinin yayd\u0131\u011f\u0131 b\u0259yanatda bildirilib: &#8220;Son g\u00fcnl\u0259r B\u00f6y\u00fck Britaniyan\u0131n &#8220;The Independent&#8221; v\u0259 &#8220;The Guardian&#8221; q\u0259zetl\u0259rind\u0259, habel\u0259 &#8220;BBC&#8221; yay\u0131m korporasiyas\u0131n\u0131n rus dili xidm\u0259tind\u0259 [&hellip;]","og_url":"https:\/\/ictimai.az\/?p=84974","og_site_name":"\u0130CT\u0130MA\u0130.AZ","article_published_time":"2026-08-31T19:01:00+00:00","article_modified_time":"2026-08-31T20:03:03+00:00","og_image":[{"width":1200,"height":760,"url":"https:\/\/ictimai.az\/core\/uploads\/2026\/09\/owu8lRNMSsqt1WwH5gVn8haWRpXs2deWl7ghhzdP_1200.webp","type":"image\/webp"}],"author":"R\u0259\u015fad Bayramov","twitter_card":"summary_large_image","twitter_misc":{"Written by":"R\u0259\u015fad Bayramov","Est. reading time":"2 minutes"},"schema":{"@context":"https:\/\/schema.org","@graph":[{"@type":"Article","@id":"https:\/\/ictimai.az\/?p=84974#article","isPartOf":{"@id":"https:\/\/ictimai.az\/?p=84974"},"author":{"name":"R\u0259\u015fad Bayramov","@id":"https:\/\/ictimai.az\/#\/schema\/person\/1da94bf2c7ab5d83ad349237bec1e6af"},"headline":"MED\u0130A-dan &#8220;The Independent&#8221;, &#8220;The Guardian&#8221; v\u0259 &#8220;BBC&#8221; il\u0259 ba\u011fl\u0131 B\u018fYANAT","datePublished":"2026-08-31T19:01:00+00:00","dateModified":"2026-08-31T20:03:03+00:00","mainEntityOfPage":{"@id":"https:\/\/ictimai.az\/?p=84974"},"wordCount":419,"commentCount":0,"publisher":{"@id":"https:\/\/ictimai.az\/#organization"},"image":{"@id":"https:\/\/ictimai.az\/?p=84974#primaryimage"},"thumbnailUrl":"https:\/\/ictimai.az\/core\/uploads\/2026\/09\/owu8lRNMSsqt1WwH5gVn8haWRpXs2deWl7ghhzdP_1200.webp","articleSection":["MED\u0130A"],"inLanguage":"az","potentialAction":[{"@type":"CommentAction","name":"Comment","target":["https:\/\/ictimai.az\/?p=84974#respond"]}]},{"@type":"WebPage","@id":"https:\/\/ictimai.az\/?p=84974","url":"https:\/\/ictimai.az\/?p=84974","name":"MED\u0130A-dan \"The Independent\", \"The Guardian\" v\u0259 \"BBC\" il\u0259 ba\u011fl\u0131 B\u018fYANAT - \u0130CT\u0130MA\u0130.AZ","isPartOf":{"@id":"https:\/\/ictimai.az\/#website"},"primaryImageOfPage":{"@id":"https:\/\/ictimai.az\/?p=84974#primaryimage"},"image":{"@id":"https:\/\/ictimai.az\/?p=84974#primaryimage"},"thumbnailUrl":"https:\/\/ictimai.az\/core\/uploads\/2026\/09\/owu8lRNMSsqt1WwH5gVn8haWRpXs2deWl7ghhzdP_1200.webp","datePublished":"2026-08-31T19:01:00+00:00","dateModified":"2026-08-31T20:03:03+00:00","breadcrumb":{"@id":"https:\/\/ictimai.az\/?p=84974#breadcrumb"},"inLanguage":"az","potentialAction":[{"@type":"ReadAction","target":["https:\/\/ictimai.az\/?p=84974"]}]},{"@type":"ImageObject","inLanguage":"az","@id":"https:\/\/ictimai.az\/?p=84974#primaryimage","url":"https:\/\/ictimai.az\/core\/uploads\/2026\/09\/owu8lRNMSsqt1WwH5gVn8haWRpXs2deWl7ghhzdP_1200.webp","contentUrl":"https:\/\/ictimai.az\/core\/uploads\/2026\/09\/owu8lRNMSsqt1WwH5gVn8haWRpXs2deWl7ghhzdP_1200.webp","width":1200,"height":760},{"@type":"BreadcrumbList","@id":"https:\/\/ictimai.az\/?p=84974#breadcrumb","itemListElement":[{"@type":"ListItem","position":1,"name":"Home","item":"https:\/\/ictimai.az\/"},{"@type":"ListItem","position":2,"name":"MED\u0130A-dan &#8220;The Independent&#8221;, &#8220;The Guardian&#8221; v\u0259 &#8220;BBC&#8221; il\u0259 ba\u011fl\u0131 B\u018fYANAT"}]},{"@type":"WebSite","@id":"https:\/\/ictimai.az\/#website","url":"https:\/\/ictimai.az\/","name":"\u0130CT\u0130MA\u0130.AZ","description":"","publisher":{"@id":"https:\/\/ictimai.az\/#organization"},"potentialAction":[{"@type":"SearchAction","target":{"@type":"EntryPoint","urlTemplate":"https:\/\/ictimai.az\/?s={search_term_string}"},"query-input":{"@type":"PropertyValueSpecification","valueRequired":true,"valueName":"search_term_string"}}],"inLanguage":"az"},{"@type":"Organization","@id":"https:\/\/ictimai.az\/#organization","name":"\u0130CT\u0130MA\u0130.AZ","url":"https:\/\/ictimai.az\/","logo":{"@type":"ImageObject","inLanguage":"az","@id":"https:\/\/ictimai.az\/#\/schema\/logo\/image\/","url":"https:\/\/ictimai.az\/core\/uploads\/2026\/06\/cropped-ictimai_0380d81099c6fe3baae753faceb5481f_p41rg2mzq0uyvextfh3k-768x768-1-3.png","contentUrl":"https:\/\/ictimai.az\/core\/uploads\/2026\/06\/cropped-ictimai_0380d81099c6fe3baae753faceb5481f_p41rg2mzq0uyvextfh3k-768x768-1-3.png","width":768,"height":768,"caption":"\u0130CT\u0130MA\u0130.AZ"},"image":{"@id":"https:\/\/ictimai.az\/#\/schema\/logo\/image\/"}},{"@type":"Person","@id":"https:\/\/ictimai.az\/#\/schema\/person\/1da94bf2c7ab5d83ad349237bec1e6af","name":"R\u0259\u015fad Bayramov","image":{"@type":"ImageObject","inLanguage":"az","@id":"https:\/\/secure.gravatar.com\/avatar\/83c075605ba0a4d35d59726aaad89cfa8008d1f01603342c56f1dd79784491bc?s=96&d=mm&r=g","url":"https:\/\/secure.gravatar.com\/avatar\/83c075605ba0a4d35d59726aaad89cfa8008d1f01603342c56f1dd79784491bc?s=96&d=mm&r=g","contentUrl":"https:\/\/secure.gravatar.com\/avatar\/83c075605ba0a4d35d59726aaad89cfa8008d1f01603342c56f1dd79784491bc?s=96&d=mm&r=g","caption":"R\u0259\u015fad Bayramov"},"sameAs":["https:\/\/ictimai.az\/"],"url":"https:\/\/ictimai.az\/?author=2"}]}},"_links":{"self":[{"href":"https:\/\/ictimai.az\/index.php?rest_route=\/wp\/v2\/posts\/84974","targetHints":{"allow":["GET"]}}],"collection":[{"href":"https:\/\/ictimai.az\/index.php?rest_route=\/wp\/v2\/posts"}],"about":[{"href":"https:\/\/ictimai.az\/index.php?rest_route=\/wp\/v2\/types\/post"}],"author":[{"embeddable":true,"href":"https:\/\/ictimai.az\/index.php?rest_route=\/wp\/v2\/users\/2"}],"replies":[{"embeddable":true,"href":"https:\/\/ictimai.az\/index.php?rest_route=%2Fwp%2Fv2%2Fcomments&post=84974"}],"version-history":[{"count":0,"href":"https:\/\/ictimai.az\/index.php?rest_route=\/wp\/v2\/posts\/84974\/revisions"}],"wp:featuredmedia":[{"embeddable":true,"href":"https:\/\/ictimai.az\/index.php?rest_route=\/wp\/v2\/media\/84975"}],"wp:attachment":[{"href":"https:\/\/ictimai.az\/index.php?rest_route=%2Fwp%2Fv2%2Fmedia&parent=84974"}],"wp:term":[{"taxonomy":"category","embeddable":true,"href":"https:\/\/ictimai.az\/index.php?rest_route=%2Fwp%2Fv2%2Fcategories&post=84974"},{"taxonomy":"post_tag","embeddable":true,"href":"https:\/\/ictimai.az\/index.php?rest_route=%2Fwp%2Fv2%2Ftags&post=84974"}],"curies":[{"name":"wp","href":"https:\/\/api.w.org\/{rel}","templated":true}]}}