{"id":85006,"date":"2026-09-03T20:29:00","date_gmt":"2026-09-03T16:29:00","guid":{"rendered":"https:\/\/ictimai.az\/?p=85006"},"modified":"2026-09-03T20:38:29","modified_gmt":"2026-09-03T16:38:29","slug":"q%c9%99rb-mediasi-az%c9%99rbaycana-qarsi-t%c9%99skil-olunmus-dezinformasiya-kampaniyasi-aparir-beyanat","status":"publish","type":"post","link":"https:\/\/ictimai.az\/?p=85006","title":{"rendered":"Q\u0259rb medias\u0131 Az\u0259rbaycana qar\u015f\u0131 t\u0259\u015fkil olunmu\u015f dezinformasiya kampaniyas\u0131 apar\u0131r &#8211; B\u018fYANAT"},"content":{"rendered":"\n<p class=\"wp-block-paragraph\">M\u0259nzil-q\u0259rargah\u0131 Pol\u015fada yerl\u0259\u015f\u0259n &#8220;Nexta&#8221; kanal\u0131 t\u0259r\u0259find\u0259n 2026-c\u0131 il sentyabr 2-d\u0259 Goranboy rayonunun Nizami k\u0259ndi yax\u0131nl\u0131\u011f\u0131nda ba\u015f vermi\u015f yan\u011f\u0131n hadis\u0259si il\u0259 ba\u011fl\u0131 subyektiv m\u00fclahiz\u0259l\u0259r\u0259 \u0259saslanan, m\u0259s\u0259l\u0259ni d\u00f6vl\u0259tl\u0259raras\u0131 siyasi m\u00fcnasib\u0259tl\u0259r fonunda t\u0259qdim etm\u0259y\u0259 \u00e7al\u0131\u015fan v\u0259 ictimai r\u0259yi \u00e7a\u015fd\u0131rma\u011fa y\u00f6n\u0259lmi\u015f m\u0259lumat yay\u0131l\u0131b. T\u0259hlill\u0259r g\u00f6st\u0259rir ki, ba\u015f ver\u0259nl\u0259r vahid m\u0259rk\u0259zd\u0259n idar\u0259 olunan hibrid informasiya kampaniyas\u0131n\u0131n t\u0259rkib hiss\u0259sidir. \u00d6z\u00fcn\u00fcn informasiya m\u00fchitind\u0259n k\u0259nar q\u00fcvv\u0259l\u0259ri daim hibrid m\u00fcharib\u0259d\u0259 ittiham ed\u0259n Q\u0259rb medias\u0131n\u0131n \u00f6z\u00fc Az\u0259rbaycana qar\u015f\u0131 t\u0259\u015fkil olunmu\u015f dezinformasiya kampaniyas\u0131 apar\u0131r.<\/p>\n\n\n\n<p class=\"wp-block-paragraph\"><strong>\u0130ctimai.az<\/strong>\u00a0x\u0259b\u0259r verir ki, bu bar\u0259d\u0259 Az\u0259rbaycan Respublikas\u0131n\u0131n Median\u0131n \u0130nki\u015faf\u0131 Agentliyinin b\u0259yanat\u0131nda bildirilir.<\/p>\n\n\n\n<p class=\"wp-block-paragraph\">&#8220;Bu fakt bir daha g\u00f6st\u0259rir ki, regionda qon\u015fu d\u00f6vl\u0259tl\u0259r aras\u0131nda m\u00fcnasib\u0259tl\u0259rin normalla\u015fmas\u0131, sabitliyin v\u0259 firavanl\u0131\u011f\u0131n m\u00f6hk\u0259ml\u0259nm\u0259si m\u00fc\u0259yy\u0259n dair\u0259l\u0259rin maraqlar\u0131na cavab verm\u0259diyind\u0259n, \u00f6lk\u0259mizin informasiya m\u0259kan\u0131n\u0131 \u00e7irkl\u0259ndirm\u0259k v\u0259 c\u0259miyy\u0259td\u0259 s\u00fcni t\u0259\u015fvi\u015f yaratmaq m\u0259qs\u0259di da\u015f\u0131yan klassik dezinformasiya hallar\u0131 intensivl\u0259\u015fib.<\/p>\n\n\n\n<p class=\"wp-block-paragraph\">\u00dcmumi informasiya m\u00fchitinin monitorinqi v\u0259 t\u0259hlili g\u00f6st\u0259rir ki, son d\u00f6vrl\u0259r bir s\u0131ra Q\u0259rb media resurslar\u0131nda Az\u0259rbaycana qar\u015f\u0131 h\u0259qiq\u0259t\u0259 uy\u011fun olmayan m\u0259lumatlar\u0131n yay\u0131lmas\u0131 kampaniyas\u0131 m\u00fc\u015fahid\u0259 olunur. X\u00fcsusil\u0259, B\u00f6y\u00fck Britaniyan\u0131n &#8220;The Independent&#8221;, &#8220;The Guardian&#8221; q\u0259zetl\u0259rind\u0259 v\u0259 BBC teleradio v\u0259 yay\u0131m \u015firk\u0259tind\u0259, AB\u015e-nin CNN telekanal\u0131nda, Fransan\u0131n &#8220;Le Monde&#8221; q\u0259zetind\u0259, Pol\u015fan\u0131n TVP telekanal\u0131 v\u0259 dig\u0259r resurslarda yay\u0131lan materiallardak\u0131 a\u015fkar birt\u0259r\u0259fli yana\u015fma v\u0259 \u0259sass\u0131z m\u00fclahiz\u0259l\u0259r Az\u0259rbaycan\u0131n beyn\u0259lxalq imicini h\u0259d\u0259f alan informasiya h\u00fccumunun t\u0259rkib hiss\u0259sidir.<\/p>\n\n\n\n<p class=\"wp-block-paragraph\">Bu q\u0259bild\u0259n olan f\u0259rziyy\u0259 v\u0259 iddialar\u0131n yay\u0131lmas\u0131 informasiya manipulyasiyas\u0131n\u0131n a\u00e7\u0131q t\u0259zah\u00fcr\u00fc kimi qiym\u0259tl\u0259ndirilm\u0259lidir.<\/p>\n\n\n\n<p class=\"wp-block-paragraph\">Median\u0131n \u0130nki\u015faf\u0131 Agentliyi \u00f6lk\u0259mizin suverenliyin\u0259, daxili v\u0259 xarici siyas\u0259tin\u0259, el\u0259c\u0259 d\u0259 beyn\u0259lxalq n\u00fcfuzuna k\u00f6lg\u0259 salmaq m\u0259qs\u0259di da\u015f\u0131yan bu kimi hallar\u0131n ara\u015fd\u0131r\u0131lmas\u0131 v\u0259 dezinformasiya c\u0259hdl\u0259rinin qar\u015f\u0131s\u0131n\u0131n al\u0131nmas\u0131 istiqam\u0259tind\u0259 laz\u0131mi t\u0259dbirl\u0259r g\u00f6rm\u0259kd\u0259 davam ed\u0259c\u0259k&#8221;, &#8211; b\u0259yanatda vur\u011fulan\u0131r.<\/p>\n","protected":false},"excerpt":{"rendered":"<p>M\u0259nzil-q\u0259rargah\u0131 Pol\u015fada yerl\u0259\u015f\u0259n &#8220;Nexta&#8221; kanal\u0131 t\u0259r\u0259find\u0259n 2026-c\u0131 il sentyabr 2-d\u0259 Goranboy rayonunun Nizami k\u0259ndi yax\u0131nl\u0131\u011f\u0131nda ba\u015f vermi\u015f yan\u011f\u0131n hadis\u0259si il\u0259 ba\u011fl\u0131 subyektiv m\u00fclahiz\u0259l\u0259r\u0259 \u0259saslanan, m\u0259s\u0259l\u0259ni d\u00f6vl\u0259tl\u0259raras\u0131 siyasi m\u00fcnasib\u0259tl\u0259r fonunda t\u0259qdim etm\u0259y\u0259 \u00e7al\u0131\u015fan v\u0259 ictimai r\u0259yi \u00e7a\u015fd\u0131rma\u011fa y\u00f6n\u0259lmi\u015f m\u0259lumat yay\u0131l\u0131b. T\u0259hlill\u0259r g\u00f6st\u0259rir ki, ba\u015f ver\u0259nl\u0259r vahid m\u0259rk\u0259zd\u0259n idar\u0259 olunan hibrid informasiya kampaniyas\u0131n\u0131n t\u0259rkib hiss\u0259sidir. \u00d6z\u00fcn\u00fcn informasiya [&hellip;]<\/p>\n","protected":false},"author":2,"featured_media":85007,"comment_status":"open","ping_status":"closed","sticky":false,"template":"","format":"standard","meta":{"footnotes":""},"categories":[36],"tags":[],"class_list":["post-85006","post","type-post","status-publish","format-standard","has-post-thumbnail","hentry","category-media"],"yoast_head":"<!-- This site is optimized with the Yoast SEO plugin v28.2 - https:\/\/yoast.com\/product\/yoast-seo-wordpress\/ -->\n<title>Q\u0259rb medias\u0131 Az\u0259rbaycana qar\u015f\u0131 t\u0259\u015fkil olunmu\u015f dezinformasiya kampaniyas\u0131 apar\u0131r - B\u018fYANAT - \u0130CT\u0130MA\u0130.AZ<\/title>\n<meta name=\"robots\" content=\"index, follow, max-snippet:-1, max-image-preview:large, max-video-preview:-1\" \/>\n<link rel=\"canonical\" href=\"https:\/\/ictimai.az\/?p=85006\" \/>\n<meta property=\"og:locale\" content=\"az_AZ\" \/>\n<meta property=\"og:type\" content=\"article\" \/>\n<meta property=\"og:title\" content=\"Q\u0259rb medias\u0131 Az\u0259rbaycana qar\u015f\u0131 t\u0259\u015fkil olunmu\u015f dezinformasiya kampaniyas\u0131 apar\u0131r - B\u018fYANAT - \u0130CT\u0130MA\u0130.AZ\" \/>\n<meta property=\"og:description\" content=\"M\u0259nzil-q\u0259rargah\u0131 Pol\u015fada yerl\u0259\u015f\u0259n &#8220;Nexta&#8221; kanal\u0131 t\u0259r\u0259find\u0259n 2026-c\u0131 il sentyabr 2-d\u0259 Goranboy rayonunun Nizami k\u0259ndi yax\u0131nl\u0131\u011f\u0131nda ba\u015f vermi\u015f yan\u011f\u0131n hadis\u0259si il\u0259 ba\u011fl\u0131 subyektiv m\u00fclahiz\u0259l\u0259r\u0259 \u0259saslanan, m\u0259s\u0259l\u0259ni d\u00f6vl\u0259tl\u0259raras\u0131 siyasi m\u00fcnasib\u0259tl\u0259r fonunda t\u0259qdim etm\u0259y\u0259 \u00e7al\u0131\u015fan v\u0259 ictimai r\u0259yi \u00e7a\u015fd\u0131rma\u011fa y\u00f6n\u0259lmi\u015f m\u0259lumat yay\u0131l\u0131b. T\u0259hlill\u0259r g\u00f6st\u0259rir ki, ba\u015f ver\u0259nl\u0259r vahid m\u0259rk\u0259zd\u0259n idar\u0259 olunan hibrid informasiya kampaniyas\u0131n\u0131n t\u0259rkib hiss\u0259sidir. \u00d6z\u00fcn\u00fcn informasiya [&hellip;]\" \/>\n<meta property=\"og:url\" content=\"https:\/\/ictimai.az\/?p=85006\" \/>\n<meta property=\"og:site_name\" content=\"\u0130CT\u0130MA\u0130.AZ\" \/>\n<meta property=\"article:published_time\" content=\"2026-09-03T16:29:00+00:00\" \/>\n<meta property=\"article:modified_time\" content=\"2026-09-03T16:38:29+00:00\" \/>\n<meta property=\"og:image\" content=\"https:\/\/ictimai.az\/core\/uploads\/2026\/09\/ahWpwrlWQ2VwliZsfu8hoQ47YTDpt3ciq9hH5Ftf_1200.webp\" \/>\n\t<meta property=\"og:image:width\" content=\"1173\" \/>\n\t<meta property=\"og:image:height\" content=\"800\" \/>\n\t<meta property=\"og:image:type\" content=\"image\/webp\" \/>\n<meta name=\"author\" content=\"R\u0259\u015fad Bayramov\" \/>\n<meta name=\"twitter:card\" content=\"summary_large_image\" \/>\n<meta name=\"twitter:label1\" content=\"Written by\" \/>\n\t<meta name=\"twitter:data1\" content=\"R\u0259\u015fad Bayramov\" \/>\n\t<meta name=\"twitter:label2\" content=\"Est. reading time\" \/>\n\t<meta name=\"twitter:data2\" content=\"2 minutes\" \/>\n<script type=\"application\/ld+json\" class=\"yoast-schema-graph\">{\"@context\":\"https:\\\/\\\/schema.org\",\"@graph\":[{\"@type\":\"Article\",\"@id\":\"https:\\\/\\\/ictimai.az\\\/?p=85006#article\",\"isPartOf\":{\"@id\":\"https:\\\/\\\/ictimai.az\\\/?p=85006\"},\"author\":{\"name\":\"R\u0259\u015fad Bayramov\",\"@id\":\"https:\\\/\\\/ictimai.az\\\/#\\\/schema\\\/person\\\/1da94bf2c7ab5d83ad349237bec1e6af\"},\"headline\":\"Q\u0259rb medias\u0131 Az\u0259rbaycana qar\u015f\u0131 t\u0259\u015fkil olunmu\u015f dezinformasiya kampaniyas\u0131 apar\u0131r &#8211; B\u018fYANAT\",\"datePublished\":\"2026-09-03T16:29:00+00:00\",\"dateModified\":\"2026-09-03T16:38:29+00:00\",\"mainEntityOfPage\":{\"@id\":\"https:\\\/\\\/ictimai.az\\\/?p=85006\"},\"wordCount\":463,\"commentCount\":0,\"publisher\":{\"@id\":\"https:\\\/\\\/ictimai.az\\\/#organization\"},\"image\":{\"@id\":\"https:\\\/\\\/ictimai.az\\\/?p=85006#primaryimage\"},\"thumbnailUrl\":\"https:\\\/\\\/ictimai.az\\\/core\\\/uploads\\\/2026\\\/09\\\/ahWpwrlWQ2VwliZsfu8hoQ47YTDpt3ciq9hH5Ftf_1200.webp\",\"articleSection\":[\"MED\u0130A\"],\"inLanguage\":\"az\",\"potentialAction\":[{\"@type\":\"CommentAction\",\"name\":\"Comment\",\"target\":[\"https:\\\/\\\/ictimai.az\\\/?p=85006#respond\"]}]},{\"@type\":\"WebPage\",\"@id\":\"https:\\\/\\\/ictimai.az\\\/?p=85006\",\"url\":\"https:\\\/\\\/ictimai.az\\\/?p=85006\",\"name\":\"Q\u0259rb medias\u0131 Az\u0259rbaycana qar\u015f\u0131 t\u0259\u015fkil olunmu\u015f dezinformasiya kampaniyas\u0131 apar\u0131r - B\u018fYANAT - \u0130CT\u0130MA\u0130.AZ\",\"isPartOf\":{\"@id\":\"https:\\\/\\\/ictimai.az\\\/#website\"},\"primaryImageOfPage\":{\"@id\":\"https:\\\/\\\/ictimai.az\\\/?p=85006#primaryimage\"},\"image\":{\"@id\":\"https:\\\/\\\/ictimai.az\\\/?p=85006#primaryimage\"},\"thumbnailUrl\":\"https:\\\/\\\/ictimai.az\\\/core\\\/uploads\\\/2026\\\/09\\\/ahWpwrlWQ2VwliZsfu8hoQ47YTDpt3ciq9hH5Ftf_1200.webp\",\"datePublished\":\"2026-09-03T16:29:00+00:00\",\"dateModified\":\"2026-09-03T16:38:29+00:00\",\"breadcrumb\":{\"@id\":\"https:\\\/\\\/ictimai.az\\\/?p=85006#breadcrumb\"},\"inLanguage\":\"az\",\"potentialAction\":[{\"@type\":\"ReadAction\",\"target\":[\"https:\\\/\\\/ictimai.az\\\/?p=85006\"]}]},{\"@type\":\"ImageObject\",\"inLanguage\":\"az\",\"@id\":\"https:\\\/\\\/ictimai.az\\\/?p=85006#primaryimage\",\"url\":\"https:\\\/\\\/ictimai.az\\\/core\\\/uploads\\\/2026\\\/09\\\/ahWpwrlWQ2VwliZsfu8hoQ47YTDpt3ciq9hH5Ftf_1200.webp\",\"contentUrl\":\"https:\\\/\\\/ictimai.az\\\/core\\\/uploads\\\/2026\\\/09\\\/ahWpwrlWQ2VwliZsfu8hoQ47YTDpt3ciq9hH5Ftf_1200.webp\",\"width\":1173,\"height\":800},{\"@type\":\"BreadcrumbList\",\"@id\":\"https:\\\/\\\/ictimai.az\\\/?p=85006#breadcrumb\",\"itemListElement\":[{\"@type\":\"ListItem\",\"position\":1,\"name\":\"Home\",\"item\":\"https:\\\/\\\/ictimai.az\\\/\"},{\"@type\":\"ListItem\",\"position\":2,\"name\":\"Q\u0259rb medias\u0131 Az\u0259rbaycana qar\u015f\u0131 t\u0259\u015fkil olunmu\u015f dezinformasiya kampaniyas\u0131 apar\u0131r &#8211; B\u018fYANAT\"}]},{\"@type\":\"WebSite\",\"@id\":\"https:\\\/\\\/ictimai.az\\\/#website\",\"url\":\"https:\\\/\\\/ictimai.az\\\/\",\"name\":\"\u0130CT\u0130MA\u0130.AZ\",\"description\":\"\",\"publisher\":{\"@id\":\"https:\\\/\\\/ictimai.az\\\/#organization\"},\"potentialAction\":[{\"@type\":\"SearchAction\",\"target\":{\"@type\":\"EntryPoint\",\"urlTemplate\":\"https:\\\/\\\/ictimai.az\\\/?s={search_term_string}\"},\"query-input\":{\"@type\":\"PropertyValueSpecification\",\"valueRequired\":true,\"valueName\":\"search_term_string\"}}],\"inLanguage\":\"az\"},{\"@type\":\"Organization\",\"@id\":\"https:\\\/\\\/ictimai.az\\\/#organization\",\"name\":\"\u0130CT\u0130MA\u0130.AZ\",\"url\":\"https:\\\/\\\/ictimai.az\\\/\",\"logo\":{\"@type\":\"ImageObject\",\"inLanguage\":\"az\",\"@id\":\"https:\\\/\\\/ictimai.az\\\/#\\\/schema\\\/logo\\\/image\\\/\",\"url\":\"https:\\\/\\\/ictimai.az\\\/core\\\/uploads\\\/2026\\\/06\\\/cropped-ictimai_0380d81099c6fe3baae753faceb5481f_p41rg2mzq0uyvextfh3k-768x768-1-3.png\",\"contentUrl\":\"https:\\\/\\\/ictimai.az\\\/core\\\/uploads\\\/2026\\\/06\\\/cropped-ictimai_0380d81099c6fe3baae753faceb5481f_p41rg2mzq0uyvextfh3k-768x768-1-3.png\",\"width\":768,\"height\":768,\"caption\":\"\u0130CT\u0130MA\u0130.AZ\"},\"image\":{\"@id\":\"https:\\\/\\\/ictimai.az\\\/#\\\/schema\\\/logo\\\/image\\\/\"}},{\"@type\":\"Person\",\"@id\":\"https:\\\/\\\/ictimai.az\\\/#\\\/schema\\\/person\\\/1da94bf2c7ab5d83ad349237bec1e6af\",\"name\":\"R\u0259\u015fad Bayramov\",\"image\":{\"@type\":\"ImageObject\",\"inLanguage\":\"az\",\"@id\":\"https:\\\/\\\/secure.gravatar.com\\\/avatar\\\/83c075605ba0a4d35d59726aaad89cfa8008d1f01603342c56f1dd79784491bc?s=96&d=mm&r=g\",\"url\":\"https:\\\/\\\/secure.gravatar.com\\\/avatar\\\/83c075605ba0a4d35d59726aaad89cfa8008d1f01603342c56f1dd79784491bc?s=96&d=mm&r=g\",\"contentUrl\":\"https:\\\/\\\/secure.gravatar.com\\\/avatar\\\/83c075605ba0a4d35d59726aaad89cfa8008d1f01603342c56f1dd79784491bc?s=96&d=mm&r=g\",\"caption\":\"R\u0259\u015fad Bayramov\"},\"sameAs\":[\"https:\\\/\\\/ictimai.az\\\/\"],\"url\":\"https:\\\/\\\/ictimai.az\\\/?author=2\"}]}<\/script>\n<!-- \/ Yoast SEO plugin. -->","yoast_head_json":{"title":"Q\u0259rb medias\u0131 Az\u0259rbaycana qar\u015f\u0131 t\u0259\u015fkil olunmu\u015f dezinformasiya kampaniyas\u0131 apar\u0131r - B\u018fYANAT - \u0130CT\u0130MA\u0130.AZ","robots":{"index":"index","follow":"follow","max-snippet":"max-snippet:-1","max-image-preview":"max-image-preview:large","max-video-preview":"max-video-preview:-1"},"canonical":"https:\/\/ictimai.az\/?p=85006","og_locale":"az_AZ","og_type":"article","og_title":"Q\u0259rb medias\u0131 Az\u0259rbaycana qar\u015f\u0131 t\u0259\u015fkil olunmu\u015f dezinformasiya kampaniyas\u0131 apar\u0131r - B\u018fYANAT - \u0130CT\u0130MA\u0130.AZ","og_description":"M\u0259nzil-q\u0259rargah\u0131 Pol\u015fada yerl\u0259\u015f\u0259n &#8220;Nexta&#8221; kanal\u0131 t\u0259r\u0259find\u0259n 2026-c\u0131 il sentyabr 2-d\u0259 Goranboy rayonunun Nizami k\u0259ndi yax\u0131nl\u0131\u011f\u0131nda ba\u015f vermi\u015f yan\u011f\u0131n hadis\u0259si il\u0259 ba\u011fl\u0131 subyektiv m\u00fclahiz\u0259l\u0259r\u0259 \u0259saslanan, m\u0259s\u0259l\u0259ni d\u00f6vl\u0259tl\u0259raras\u0131 siyasi m\u00fcnasib\u0259tl\u0259r fonunda t\u0259qdim etm\u0259y\u0259 \u00e7al\u0131\u015fan v\u0259 ictimai r\u0259yi \u00e7a\u015fd\u0131rma\u011fa y\u00f6n\u0259lmi\u015f m\u0259lumat yay\u0131l\u0131b. T\u0259hlill\u0259r g\u00f6st\u0259rir ki, ba\u015f ver\u0259nl\u0259r vahid m\u0259rk\u0259zd\u0259n idar\u0259 olunan hibrid informasiya kampaniyas\u0131n\u0131n t\u0259rkib hiss\u0259sidir. \u00d6z\u00fcn\u00fcn informasiya [&hellip;]","og_url":"https:\/\/ictimai.az\/?p=85006","og_site_name":"\u0130CT\u0130MA\u0130.AZ","article_published_time":"2026-09-03T16:29:00+00:00","article_modified_time":"2026-09-03T16:38:29+00:00","og_image":[{"width":1173,"height":800,"url":"https:\/\/ictimai.az\/core\/uploads\/2026\/09\/ahWpwrlWQ2VwliZsfu8hoQ47YTDpt3ciq9hH5Ftf_1200.webp","type":"image\/webp"}],"author":"R\u0259\u015fad Bayramov","twitter_card":"summary_large_image","twitter_misc":{"Written by":"R\u0259\u015fad Bayramov","Est. reading time":"2 minutes"},"schema":{"@context":"https:\/\/schema.org","@graph":[{"@type":"Article","@id":"https:\/\/ictimai.az\/?p=85006#article","isPartOf":{"@id":"https:\/\/ictimai.az\/?p=85006"},"author":{"name":"R\u0259\u015fad Bayramov","@id":"https:\/\/ictimai.az\/#\/schema\/person\/1da94bf2c7ab5d83ad349237bec1e6af"},"headline":"Q\u0259rb medias\u0131 Az\u0259rbaycana qar\u015f\u0131 t\u0259\u015fkil olunmu\u015f dezinformasiya kampaniyas\u0131 apar\u0131r &#8211; B\u018fYANAT","datePublished":"2026-09-03T16:29:00+00:00","dateModified":"2026-09-03T16:38:29+00:00","mainEntityOfPage":{"@id":"https:\/\/ictimai.az\/?p=85006"},"wordCount":463,"commentCount":0,"publisher":{"@id":"https:\/\/ictimai.az\/#organization"},"image":{"@id":"https:\/\/ictimai.az\/?p=85006#primaryimage"},"thumbnailUrl":"https:\/\/ictimai.az\/core\/uploads\/2026\/09\/ahWpwrlWQ2VwliZsfu8hoQ47YTDpt3ciq9hH5Ftf_1200.webp","articleSection":["MED\u0130A"],"inLanguage":"az","potentialAction":[{"@type":"CommentAction","name":"Comment","target":["https:\/\/ictimai.az\/?p=85006#respond"]}]},{"@type":"WebPage","@id":"https:\/\/ictimai.az\/?p=85006","url":"https:\/\/ictimai.az\/?p=85006","name":"Q\u0259rb medias\u0131 Az\u0259rbaycana qar\u015f\u0131 t\u0259\u015fkil olunmu\u015f dezinformasiya kampaniyas\u0131 apar\u0131r - B\u018fYANAT - \u0130CT\u0130MA\u0130.AZ","isPartOf":{"@id":"https:\/\/ictimai.az\/#website"},"primaryImageOfPage":{"@id":"https:\/\/ictimai.az\/?p=85006#primaryimage"},"image":{"@id":"https:\/\/ictimai.az\/?p=85006#primaryimage"},"thumbnailUrl":"https:\/\/ictimai.az\/core\/uploads\/2026\/09\/ahWpwrlWQ2VwliZsfu8hoQ47YTDpt3ciq9hH5Ftf_1200.webp","datePublished":"2026-09-03T16:29:00+00:00","dateModified":"2026-09-03T16:38:29+00:00","breadcrumb":{"@id":"https:\/\/ictimai.az\/?p=85006#breadcrumb"},"inLanguage":"az","potentialAction":[{"@type":"ReadAction","target":["https:\/\/ictimai.az\/?p=85006"]}]},{"@type":"ImageObject","inLanguage":"az","@id":"https:\/\/ictimai.az\/?p=85006#primaryimage","url":"https:\/\/ictimai.az\/core\/uploads\/2026\/09\/ahWpwrlWQ2VwliZsfu8hoQ47YTDpt3ciq9hH5Ftf_1200.webp","contentUrl":"https:\/\/ictimai.az\/core\/uploads\/2026\/09\/ahWpwrlWQ2VwliZsfu8hoQ47YTDpt3ciq9hH5Ftf_1200.webp","width":1173,"height":800},{"@type":"BreadcrumbList","@id":"https:\/\/ictimai.az\/?p=85006#breadcrumb","itemListElement":[{"@type":"ListItem","position":1,"name":"Home","item":"https:\/\/ictimai.az\/"},{"@type":"ListItem","position":2,"name":"Q\u0259rb medias\u0131 Az\u0259rbaycana qar\u015f\u0131 t\u0259\u015fkil olunmu\u015f dezinformasiya kampaniyas\u0131 apar\u0131r &#8211; B\u018fYANAT"}]},{"@type":"WebSite","@id":"https:\/\/ictimai.az\/#website","url":"https:\/\/ictimai.az\/","name":"\u0130CT\u0130MA\u0130.AZ","description":"","publisher":{"@id":"https:\/\/ictimai.az\/#organization"},"potentialAction":[{"@type":"SearchAction","target":{"@type":"EntryPoint","urlTemplate":"https:\/\/ictimai.az\/?s={search_term_string}"},"query-input":{"@type":"PropertyValueSpecification","valueRequired":true,"valueName":"search_term_string"}}],"inLanguage":"az"},{"@type":"Organization","@id":"https:\/\/ictimai.az\/#organization","name":"\u0130CT\u0130MA\u0130.AZ","url":"https:\/\/ictimai.az\/","logo":{"@type":"ImageObject","inLanguage":"az","@id":"https:\/\/ictimai.az\/#\/schema\/logo\/image\/","url":"https:\/\/ictimai.az\/core\/uploads\/2026\/06\/cropped-ictimai_0380d81099c6fe3baae753faceb5481f_p41rg2mzq0uyvextfh3k-768x768-1-3.png","contentUrl":"https:\/\/ictimai.az\/core\/uploads\/2026\/06\/cropped-ictimai_0380d81099c6fe3baae753faceb5481f_p41rg2mzq0uyvextfh3k-768x768-1-3.png","width":768,"height":768,"caption":"\u0130CT\u0130MA\u0130.AZ"},"image":{"@id":"https:\/\/ictimai.az\/#\/schema\/logo\/image\/"}},{"@type":"Person","@id":"https:\/\/ictimai.az\/#\/schema\/person\/1da94bf2c7ab5d83ad349237bec1e6af","name":"R\u0259\u015fad Bayramov","image":{"@type":"ImageObject","inLanguage":"az","@id":"https:\/\/secure.gravatar.com\/avatar\/83c075605ba0a4d35d59726aaad89cfa8008d1f01603342c56f1dd79784491bc?s=96&d=mm&r=g","url":"https:\/\/secure.gravatar.com\/avatar\/83c075605ba0a4d35d59726aaad89cfa8008d1f01603342c56f1dd79784491bc?s=96&d=mm&r=g","contentUrl":"https:\/\/secure.gravatar.com\/avatar\/83c075605ba0a4d35d59726aaad89cfa8008d1f01603342c56f1dd79784491bc?s=96&d=mm&r=g","caption":"R\u0259\u015fad Bayramov"},"sameAs":["https:\/\/ictimai.az\/"],"url":"https:\/\/ictimai.az\/?author=2"}]}},"_links":{"self":[{"href":"https:\/\/ictimai.az\/index.php?rest_route=\/wp\/v2\/posts\/85006","targetHints":{"allow":["GET"]}}],"collection":[{"href":"https:\/\/ictimai.az\/index.php?rest_route=\/wp\/v2\/posts"}],"about":[{"href":"https:\/\/ictimai.az\/index.php?rest_route=\/wp\/v2\/types\/post"}],"author":[{"embeddable":true,"href":"https:\/\/ictimai.az\/index.php?rest_route=\/wp\/v2\/users\/2"}],"replies":[{"embeddable":true,"href":"https:\/\/ictimai.az\/index.php?rest_route=%2Fwp%2Fv2%2Fcomments&post=85006"}],"version-history":[{"count":0,"href":"https:\/\/ictimai.az\/index.php?rest_route=\/wp\/v2\/posts\/85006\/revisions"}],"wp:featuredmedia":[{"embeddable":true,"href":"https:\/\/ictimai.az\/index.php?rest_route=\/wp\/v2\/media\/85007"}],"wp:attachment":[{"href":"https:\/\/ictimai.az\/index.php?rest_route=%2Fwp%2Fv2%2Fmedia&parent=85006"}],"wp:term":[{"taxonomy":"category","embeddable":true,"href":"https:\/\/ictimai.az\/index.php?rest_route=%2Fwp%2Fv2%2Fcategories&post=85006"},{"taxonomy":"post_tag","embeddable":true,"href":"https:\/\/ictimai.az\/index.php?rest_route=%2Fwp%2Fv2%2Ftags&post=85006"}],"curies":[{"name":"wp","href":"https:\/\/api.w.org\/{rel}","templated":true}]}}