{"id":85011,"date":"2026-09-04T10:18:38","date_gmt":"2026-09-04T06:18:38","guid":{"rendered":"https:\/\/ictimai.az\/?p=85011"},"modified":"2026-09-04T10:18:40","modified_gmt":"2026-09-04T06:18:40","slug":"prezident-melonini-t%c9%99brik-etdi","status":"publish","type":"post","link":"https:\/\/ictimai.az\/?p=85011","title":{"rendered":"Prezident Melonini t\u0259brik etdi"},"content":{"rendered":"\n<p class=\"wp-block-paragraph\">Az\u0259rbaycan Prezidenti \u0130lham \u018fliyev \u0130taliyan\u0131n Ba\u015f naziri\u00a0Corcia Melonini t\u0259brik edib.<\/p>\n\n\n\n<p class=\"wp-block-paragraph\">\u0130ctimai.az x\u0259b\u0259r verir ki, bununla ba\u011fl\u0131 d\u00f6vl\u0259t ba\u015f\u00e7\u0131s\u0131 \u201cX\u201d hesab\u0131nda payla\u015f\u0131m edib.<\/p>\n\n\n\n<p class=\"wp-block-paragraph\">\u201c\u0130taliya Respublikas\u0131n\u0131n tarixind\u0259 \u0259n uzun m\u00fcdd\u0259t Ba\u015f nazir v\u0259zif\u0259sind\u0259 olan Corcia Melonini s\u0259mimi-q\u0259lbd\u0259n t\u0259brik edir\u0259m.<\/p>\n\n\n\n<p class=\"wp-block-paragraph\">Bu tarixi nailiyy\u0259t onun g\u00fccl\u00fc liderliyini, siyasi q\u0259tiyy\u0259tini v\u0259 \u0130taliya xalq\u0131n\u0131n etimad\u0131n\u0131 \u0259ks etdirir.<\/p>\n\n\n\n<p class=\"wp-block-paragraph\">Ba\u015f nazir Meloninin Az\u0259rbaycan il\u0259 \u0130taliya aras\u0131nda strateji t\u0259r\u0259fda\u015fl\u0131\u011f\u0131n m\u00f6hk\u0259ml\u0259ndirilm\u0259sind\u0259 \u015f\u0259xsi rolunu v\u0259 d\u0259y\u0259rli t\u00f6hf\u0259sini y\u00fcks\u0259k qiym\u0259tl\u0259ndirir\u0259m. \u018fmin\u0259m ki, \u00f6lk\u0259l\u0259rimiz v\u0259 xalqlar\u0131m\u0131z\u0131n rifah\u0131 namin\u0259 dostlu\u011fumuz v\u0259 qar\u015f\u0131l\u0131ql\u0131 faydal\u0131 \u0259m\u0259kda\u015fl\u0131\u011f\u0131m\u0131z bundan sonra da d\u0259rinl\u0259\u015f\u0259c\u0259k v\u0259 geni\u015fl\u0259n\u0259c\u0259k\u201d, &#8211; payla\u015f\u0131mda deyilir.<\/p>\n\n\n\n<hr class=\"wp-block-separator has-alpha-channel-opacity\"\/>\n\n\n\n<p class=\"wp-block-paragraph\"><\/p>\n","protected":false},"excerpt":{"rendered":"<p>Az\u0259rbaycan Prezidenti \u0130lham \u018fliyev \u0130taliyan\u0131n Ba\u015f naziri\u00a0Corcia Melonini t\u0259brik edib. \u0130ctimai.az x\u0259b\u0259r verir ki, bununla ba\u011fl\u0131 d\u00f6vl\u0259t ba\u015f\u00e7\u0131s\u0131 \u201cX\u201d hesab\u0131nda payla\u015f\u0131m edib. \u201c\u0130taliya Respublikas\u0131n\u0131n tarixind\u0259 \u0259n uzun m\u00fcdd\u0259t Ba\u015f nazir v\u0259zif\u0259sind\u0259 olan Corcia Melonini s\u0259mimi-q\u0259lbd\u0259n t\u0259brik edir\u0259m. Bu tarixi nailiyy\u0259t onun g\u00fccl\u00fc liderliyini, siyasi q\u0259tiyy\u0259tini v\u0259 \u0130taliya xalq\u0131n\u0131n etimad\u0131n\u0131 \u0259ks etdirir. Ba\u015f nazir Meloninin Az\u0259rbaycan [&hellip;]<\/p>\n","protected":false},"author":2,"featured_media":84937,"comment_status":"open","ping_status":"closed","sticky":false,"template":"","format":"standard","meta":{"footnotes":""},"categories":[15],"tags":[],"class_list":["post-85011","post","type-post","status-publish","format-standard","has-post-thumbnail","hentry","category-politics"],"yoast_head":"<!-- This site is optimized with the Yoast SEO plugin v28.2 - https:\/\/yoast.com\/product\/yoast-seo-wordpress\/ -->\n<title>Prezident Melonini t\u0259brik etdi - \u0130CT\u0130MA\u0130.AZ<\/title>\n<meta name=\"robots\" content=\"index, follow, max-snippet:-1, max-image-preview:large, max-video-preview:-1\" \/>\n<link rel=\"canonical\" href=\"https:\/\/ictimai.az\/?p=85011\" \/>\n<meta property=\"og:locale\" content=\"az_AZ\" \/>\n<meta property=\"og:type\" content=\"article\" \/>\n<meta property=\"og:title\" content=\"Prezident Melonini t\u0259brik etdi - \u0130CT\u0130MA\u0130.AZ\" \/>\n<meta property=\"og:description\" content=\"Az\u0259rbaycan Prezidenti \u0130lham \u018fliyev \u0130taliyan\u0131n Ba\u015f naziri\u00a0Corcia Melonini t\u0259brik edib. \u0130ctimai.az x\u0259b\u0259r verir ki, bununla ba\u011fl\u0131 d\u00f6vl\u0259t ba\u015f\u00e7\u0131s\u0131 \u201cX\u201d hesab\u0131nda payla\u015f\u0131m edib. \u201c\u0130taliya Respublikas\u0131n\u0131n tarixind\u0259 \u0259n uzun m\u00fcdd\u0259t Ba\u015f nazir v\u0259zif\u0259sind\u0259 olan Corcia Melonini s\u0259mimi-q\u0259lbd\u0259n t\u0259brik edir\u0259m. Bu tarixi nailiyy\u0259t onun g\u00fccl\u00fc liderliyini, siyasi q\u0259tiyy\u0259tini v\u0259 \u0130taliya xalq\u0131n\u0131n etimad\u0131n\u0131 \u0259ks etdirir. Ba\u015f nazir Meloninin Az\u0259rbaycan [&hellip;]\" \/>\n<meta property=\"og:url\" content=\"https:\/\/ictimai.az\/?p=85011\" \/>\n<meta property=\"og:site_name\" content=\"\u0130CT\u0130MA\u0130.AZ\" \/>\n<meta property=\"article:published_time\" content=\"2026-09-04T06:18:38+00:00\" \/>\n<meta property=\"article:modified_time\" content=\"2026-09-04T06:18:40+00:00\" \/>\n<meta property=\"og:image\" content=\"https:\/\/ictimai.az\/core\/uploads\/2026\/08\/images-3.jpeg\" \/>\n\t<meta property=\"og:image:width\" content=\"663\" \/>\n\t<meta property=\"og:image:height\" content=\"462\" \/>\n\t<meta property=\"og:image:type\" content=\"image\/jpeg\" \/>\n<meta name=\"author\" content=\"R\u0259\u015fad Bayramov\" \/>\n<meta name=\"twitter:card\" content=\"summary_large_image\" \/>\n<meta name=\"twitter:label1\" content=\"Written by\" \/>\n\t<meta name=\"twitter:data1\" content=\"R\u0259\u015fad Bayramov\" \/>\n\t<meta name=\"twitter:label2\" content=\"Est. reading time\" \/>\n\t<meta name=\"twitter:data2\" content=\"1 minute\" \/>\n<script type=\"application\/ld+json\" class=\"yoast-schema-graph\">{\"@context\":\"https:\\\/\\\/schema.org\",\"@graph\":[{\"@type\":\"Article\",\"@id\":\"https:\\\/\\\/ictimai.az\\\/?p=85011#article\",\"isPartOf\":{\"@id\":\"https:\\\/\\\/ictimai.az\\\/?p=85011\"},\"author\":{\"name\":\"R\u0259\u015fad Bayramov\",\"@id\":\"https:\\\/\\\/ictimai.az\\\/#\\\/schema\\\/person\\\/1da94bf2c7ab5d83ad349237bec1e6af\"},\"headline\":\"Prezident Melonini t\u0259brik etdi\",\"datePublished\":\"2026-09-04T06:18:38+00:00\",\"dateModified\":\"2026-09-04T06:18:40+00:00\",\"mainEntityOfPage\":{\"@id\":\"https:\\\/\\\/ictimai.az\\\/?p=85011\"},\"wordCount\":165,\"commentCount\":0,\"publisher\":{\"@id\":\"https:\\\/\\\/ictimai.az\\\/#organization\"},\"image\":{\"@id\":\"https:\\\/\\\/ictimai.az\\\/?p=85011#primaryimage\"},\"thumbnailUrl\":\"https:\\\/\\\/ictimai.az\\\/core\\\/uploads\\\/2026\\\/08\\\/images-3.jpeg\",\"articleSection\":[\"Siyas\u0259t\"],\"inLanguage\":\"az\",\"potentialAction\":[{\"@type\":\"CommentAction\",\"name\":\"Comment\",\"target\":[\"https:\\\/\\\/ictimai.az\\\/?p=85011#respond\"]}]},{\"@type\":\"WebPage\",\"@id\":\"https:\\\/\\\/ictimai.az\\\/?p=85011\",\"url\":\"https:\\\/\\\/ictimai.az\\\/?p=85011\",\"name\":\"Prezident Melonini t\u0259brik etdi - \u0130CT\u0130MA\u0130.AZ\",\"isPartOf\":{\"@id\":\"https:\\\/\\\/ictimai.az\\\/#website\"},\"primaryImageOfPage\":{\"@id\":\"https:\\\/\\\/ictimai.az\\\/?p=85011#primaryimage\"},\"image\":{\"@id\":\"https:\\\/\\\/ictimai.az\\\/?p=85011#primaryimage\"},\"thumbnailUrl\":\"https:\\\/\\\/ictimai.az\\\/core\\\/uploads\\\/2026\\\/08\\\/images-3.jpeg\",\"datePublished\":\"2026-09-04T06:18:38+00:00\",\"dateModified\":\"2026-09-04T06:18:40+00:00\",\"breadcrumb\":{\"@id\":\"https:\\\/\\\/ictimai.az\\\/?p=85011#breadcrumb\"},\"inLanguage\":\"az\",\"potentialAction\":[{\"@type\":\"ReadAction\",\"target\":[\"https:\\\/\\\/ictimai.az\\\/?p=85011\"]}]},{\"@type\":\"ImageObject\",\"inLanguage\":\"az\",\"@id\":\"https:\\\/\\\/ictimai.az\\\/?p=85011#primaryimage\",\"url\":\"https:\\\/\\\/ictimai.az\\\/core\\\/uploads\\\/2026\\\/08\\\/images-3.jpeg\",\"contentUrl\":\"https:\\\/\\\/ictimai.az\\\/core\\\/uploads\\\/2026\\\/08\\\/images-3.jpeg\",\"width\":663,\"height\":462},{\"@type\":\"BreadcrumbList\",\"@id\":\"https:\\\/\\\/ictimai.az\\\/?p=85011#breadcrumb\",\"itemListElement\":[{\"@type\":\"ListItem\",\"position\":1,\"name\":\"Home\",\"item\":\"https:\\\/\\\/ictimai.az\\\/\"},{\"@type\":\"ListItem\",\"position\":2,\"name\":\"Prezident Melonini t\u0259brik etdi\"}]},{\"@type\":\"WebSite\",\"@id\":\"https:\\\/\\\/ictimai.az\\\/#website\",\"url\":\"https:\\\/\\\/ictimai.az\\\/\",\"name\":\"\u0130CT\u0130MA\u0130.AZ\",\"description\":\"\",\"publisher\":{\"@id\":\"https:\\\/\\\/ictimai.az\\\/#organization\"},\"potentialAction\":[{\"@type\":\"SearchAction\",\"target\":{\"@type\":\"EntryPoint\",\"urlTemplate\":\"https:\\\/\\\/ictimai.az\\\/?s={search_term_string}\"},\"query-input\":{\"@type\":\"PropertyValueSpecification\",\"valueRequired\":true,\"valueName\":\"search_term_string\"}}],\"inLanguage\":\"az\"},{\"@type\":\"Organization\",\"@id\":\"https:\\\/\\\/ictimai.az\\\/#organization\",\"name\":\"\u0130CT\u0130MA\u0130.AZ\",\"url\":\"https:\\\/\\\/ictimai.az\\\/\",\"logo\":{\"@type\":\"ImageObject\",\"inLanguage\":\"az\",\"@id\":\"https:\\\/\\\/ictimai.az\\\/#\\\/schema\\\/logo\\\/image\\\/\",\"url\":\"https:\\\/\\\/ictimai.az\\\/core\\\/uploads\\\/2026\\\/06\\\/cropped-ictimai_0380d81099c6fe3baae753faceb5481f_p41rg2mzq0uyvextfh3k-768x768-1-3.png\",\"contentUrl\":\"https:\\\/\\\/ictimai.az\\\/core\\\/uploads\\\/2026\\\/06\\\/cropped-ictimai_0380d81099c6fe3baae753faceb5481f_p41rg2mzq0uyvextfh3k-768x768-1-3.png\",\"width\":768,\"height\":768,\"caption\":\"\u0130CT\u0130MA\u0130.AZ\"},\"image\":{\"@id\":\"https:\\\/\\\/ictimai.az\\\/#\\\/schema\\\/logo\\\/image\\\/\"}},{\"@type\":\"Person\",\"@id\":\"https:\\\/\\\/ictimai.az\\\/#\\\/schema\\\/person\\\/1da94bf2c7ab5d83ad349237bec1e6af\",\"name\":\"R\u0259\u015fad Bayramov\",\"image\":{\"@type\":\"ImageObject\",\"inLanguage\":\"az\",\"@id\":\"https:\\\/\\\/secure.gravatar.com\\\/avatar\\\/83c075605ba0a4d35d59726aaad89cfa8008d1f01603342c56f1dd79784491bc?s=96&d=mm&r=g\",\"url\":\"https:\\\/\\\/secure.gravatar.com\\\/avatar\\\/83c075605ba0a4d35d59726aaad89cfa8008d1f01603342c56f1dd79784491bc?s=96&d=mm&r=g\",\"contentUrl\":\"https:\\\/\\\/secure.gravatar.com\\\/avatar\\\/83c075605ba0a4d35d59726aaad89cfa8008d1f01603342c56f1dd79784491bc?s=96&d=mm&r=g\",\"caption\":\"R\u0259\u015fad Bayramov\"},\"sameAs\":[\"https:\\\/\\\/ictimai.az\\\/\"],\"url\":\"https:\\\/\\\/ictimai.az\\\/?author=2\"}]}<\/script>\n<!-- \/ Yoast SEO plugin. -->","yoast_head_json":{"title":"Prezident Melonini t\u0259brik etdi - \u0130CT\u0130MA\u0130.AZ","robots":{"index":"index","follow":"follow","max-snippet":"max-snippet:-1","max-image-preview":"max-image-preview:large","max-video-preview":"max-video-preview:-1"},"canonical":"https:\/\/ictimai.az\/?p=85011","og_locale":"az_AZ","og_type":"article","og_title":"Prezident Melonini t\u0259brik etdi - \u0130CT\u0130MA\u0130.AZ","og_description":"Az\u0259rbaycan Prezidenti \u0130lham \u018fliyev \u0130taliyan\u0131n Ba\u015f naziri\u00a0Corcia Melonini t\u0259brik edib. \u0130ctimai.az x\u0259b\u0259r verir ki, bununla ba\u011fl\u0131 d\u00f6vl\u0259t ba\u015f\u00e7\u0131s\u0131 \u201cX\u201d hesab\u0131nda payla\u015f\u0131m edib. \u201c\u0130taliya Respublikas\u0131n\u0131n tarixind\u0259 \u0259n uzun m\u00fcdd\u0259t Ba\u015f nazir v\u0259zif\u0259sind\u0259 olan Corcia Melonini s\u0259mimi-q\u0259lbd\u0259n t\u0259brik edir\u0259m. Bu tarixi nailiyy\u0259t onun g\u00fccl\u00fc liderliyini, siyasi q\u0259tiyy\u0259tini v\u0259 \u0130taliya xalq\u0131n\u0131n etimad\u0131n\u0131 \u0259ks etdirir. Ba\u015f nazir Meloninin Az\u0259rbaycan [&hellip;]","og_url":"https:\/\/ictimai.az\/?p=85011","og_site_name":"\u0130CT\u0130MA\u0130.AZ","article_published_time":"2026-09-04T06:18:38+00:00","article_modified_time":"2026-09-04T06:18:40+00:00","og_image":[{"width":663,"height":462,"url":"https:\/\/ictimai.az\/core\/uploads\/2026\/08\/images-3.jpeg","type":"image\/jpeg"}],"author":"R\u0259\u015fad Bayramov","twitter_card":"summary_large_image","twitter_misc":{"Written by":"R\u0259\u015fad Bayramov","Est. reading time":"1 minute"},"schema":{"@context":"https:\/\/schema.org","@graph":[{"@type":"Article","@id":"https:\/\/ictimai.az\/?p=85011#article","isPartOf":{"@id":"https:\/\/ictimai.az\/?p=85011"},"author":{"name":"R\u0259\u015fad Bayramov","@id":"https:\/\/ictimai.az\/#\/schema\/person\/1da94bf2c7ab5d83ad349237bec1e6af"},"headline":"Prezident Melonini t\u0259brik etdi","datePublished":"2026-09-04T06:18:38+00:00","dateModified":"2026-09-04T06:18:40+00:00","mainEntityOfPage":{"@id":"https:\/\/ictimai.az\/?p=85011"},"wordCount":165,"commentCount":0,"publisher":{"@id":"https:\/\/ictimai.az\/#organization"},"image":{"@id":"https:\/\/ictimai.az\/?p=85011#primaryimage"},"thumbnailUrl":"https:\/\/ictimai.az\/core\/uploads\/2026\/08\/images-3.jpeg","articleSection":["Siyas\u0259t"],"inLanguage":"az","potentialAction":[{"@type":"CommentAction","name":"Comment","target":["https:\/\/ictimai.az\/?p=85011#respond"]}]},{"@type":"WebPage","@id":"https:\/\/ictimai.az\/?p=85011","url":"https:\/\/ictimai.az\/?p=85011","name":"Prezident Melonini t\u0259brik etdi - \u0130CT\u0130MA\u0130.AZ","isPartOf":{"@id":"https:\/\/ictimai.az\/#website"},"primaryImageOfPage":{"@id":"https:\/\/ictimai.az\/?p=85011#primaryimage"},"image":{"@id":"https:\/\/ictimai.az\/?p=85011#primaryimage"},"thumbnailUrl":"https:\/\/ictimai.az\/core\/uploads\/2026\/08\/images-3.jpeg","datePublished":"2026-09-04T06:18:38+00:00","dateModified":"2026-09-04T06:18:40+00:00","breadcrumb":{"@id":"https:\/\/ictimai.az\/?p=85011#breadcrumb"},"inLanguage":"az","potentialAction":[{"@type":"ReadAction","target":["https:\/\/ictimai.az\/?p=85011"]}]},{"@type":"ImageObject","inLanguage":"az","@id":"https:\/\/ictimai.az\/?p=85011#primaryimage","url":"https:\/\/ictimai.az\/core\/uploads\/2026\/08\/images-3.jpeg","contentUrl":"https:\/\/ictimai.az\/core\/uploads\/2026\/08\/images-3.jpeg","width":663,"height":462},{"@type":"BreadcrumbList","@id":"https:\/\/ictimai.az\/?p=85011#breadcrumb","itemListElement":[{"@type":"ListItem","position":1,"name":"Home","item":"https:\/\/ictimai.az\/"},{"@type":"ListItem","position":2,"name":"Prezident Melonini t\u0259brik etdi"}]},{"@type":"WebSite","@id":"https:\/\/ictimai.az\/#website","url":"https:\/\/ictimai.az\/","name":"\u0130CT\u0130MA\u0130.AZ","description":"","publisher":{"@id":"https:\/\/ictimai.az\/#organization"},"potentialAction":[{"@type":"SearchAction","target":{"@type":"EntryPoint","urlTemplate":"https:\/\/ictimai.az\/?s={search_term_string}"},"query-input":{"@type":"PropertyValueSpecification","valueRequired":true,"valueName":"search_term_string"}}],"inLanguage":"az"},{"@type":"Organization","@id":"https:\/\/ictimai.az\/#organization","name":"\u0130CT\u0130MA\u0130.AZ","url":"https:\/\/ictimai.az\/","logo":{"@type":"ImageObject","inLanguage":"az","@id":"https:\/\/ictimai.az\/#\/schema\/logo\/image\/","url":"https:\/\/ictimai.az\/core\/uploads\/2026\/06\/cropped-ictimai_0380d81099c6fe3baae753faceb5481f_p41rg2mzq0uyvextfh3k-768x768-1-3.png","contentUrl":"https:\/\/ictimai.az\/core\/uploads\/2026\/06\/cropped-ictimai_0380d81099c6fe3baae753faceb5481f_p41rg2mzq0uyvextfh3k-768x768-1-3.png","width":768,"height":768,"caption":"\u0130CT\u0130MA\u0130.AZ"},"image":{"@id":"https:\/\/ictimai.az\/#\/schema\/logo\/image\/"}},{"@type":"Person","@id":"https:\/\/ictimai.az\/#\/schema\/person\/1da94bf2c7ab5d83ad349237bec1e6af","name":"R\u0259\u015fad Bayramov","image":{"@type":"ImageObject","inLanguage":"az","@id":"https:\/\/secure.gravatar.com\/avatar\/83c075605ba0a4d35d59726aaad89cfa8008d1f01603342c56f1dd79784491bc?s=96&d=mm&r=g","url":"https:\/\/secure.gravatar.com\/avatar\/83c075605ba0a4d35d59726aaad89cfa8008d1f01603342c56f1dd79784491bc?s=96&d=mm&r=g","contentUrl":"https:\/\/secure.gravatar.com\/avatar\/83c075605ba0a4d35d59726aaad89cfa8008d1f01603342c56f1dd79784491bc?s=96&d=mm&r=g","caption":"R\u0259\u015fad Bayramov"},"sameAs":["https:\/\/ictimai.az\/"],"url":"https:\/\/ictimai.az\/?author=2"}]}},"_links":{"self":[{"href":"https:\/\/ictimai.az\/index.php?rest_route=\/wp\/v2\/posts\/85011","targetHints":{"allow":["GET"]}}],"collection":[{"href":"https:\/\/ictimai.az\/index.php?rest_route=\/wp\/v2\/posts"}],"about":[{"href":"https:\/\/ictimai.az\/index.php?rest_route=\/wp\/v2\/types\/post"}],"author":[{"embeddable":true,"href":"https:\/\/ictimai.az\/index.php?rest_route=\/wp\/v2\/users\/2"}],"replies":[{"embeddable":true,"href":"https:\/\/ictimai.az\/index.php?rest_route=%2Fwp%2Fv2%2Fcomments&post=85011"}],"version-history":[{"count":0,"href":"https:\/\/ictimai.az\/index.php?rest_route=\/wp\/v2\/posts\/85011\/revisions"}],"wp:featuredmedia":[{"embeddable":true,"href":"https:\/\/ictimai.az\/index.php?rest_route=\/wp\/v2\/media\/84937"}],"wp:attachment":[{"href":"https:\/\/ictimai.az\/index.php?rest_route=%2Fwp%2Fv2%2Fmedia&parent=85011"}],"wp:term":[{"taxonomy":"category","embeddable":true,"href":"https:\/\/ictimai.az\/index.php?rest_route=%2Fwp%2Fv2%2Fcategories&post=85011"},{"taxonomy":"post_tag","embeddable":true,"href":"https:\/\/ictimai.az\/index.php?rest_route=%2Fwp%2Fv2%2Ftags&post=85011"}],"curies":[{"name":"wp","href":"https:\/\/api.w.org\/{rel}","templated":true}]}}