{"id":85020,"date":"2026-09-06T19:04:45","date_gmt":"2026-09-06T15:04:45","guid":{"rendered":"https:\/\/ictimai.az\/?p=85020"},"modified":"2026-09-06T19:04:49","modified_gmt":"2026-09-06T15:04:49","slug":"sentyabrin-7-d%c9%99-gozl%c9%99nil%c9%99n-hava-s%c9%99raiti-aciqlanib","status":"publish","type":"post","link":"https:\/\/ictimai.az\/?p=85020","title":{"rendered":"Sentyabr\u0131n 7-d\u0259 g\u00f6zl\u0259nil\u0259n hava \u015f\u0259raiti a\u00e7\u0131qlan\u0131b"},"content":{"rendered":"\n<p class=\"wp-block-paragraph\">Sentyabr\u0131n 7-d\u0259 g\u00f6zl\u0259nil\u0259n hava \u015f\u0259raiti a\u00e7\u0131qlan\u0131b.<\/p>\n\n\n\n<p class=\"wp-block-paragraph\"><strong>\u0130ctimai.az<\/strong>\u00a0x\u0259b\u0259r verir ki, bu bar\u0259d\u0259 Milli Hidrometeorologiya Xidm\u0259ti m\u0259lumat yay\u0131b.<\/p>\n\n\n\n<p class=\"wp-block-paragraph\">Bildirilib ki, Bak\u0131da v\u0259 Ab\u015feron yar\u0131madas\u0131nda hava \u015f\u0259raitinin d\u0259yi\u015fk\u0259n buludlu, arabir tutulaca\u011f\u0131 v\u0259 \u0259sas\u0259n ya\u011fmursuz ke\u00e7\u0259c\u0259yi g\u00f6zl\u0259nilir. Lakin g\u00fcn \u0259rzind\u0259 b\u0259zi yerl\u0259rd\u0259 fasil\u0259l\u0259rl\u0259 ya\u011f\u0131\u015f ya\u011faca\u011f\u0131 ehtimal olunur. Yar\u0131madan\u0131n ayr\u0131-ayr\u0131 yerl\u0259rind\u0259 ya\u011f\u0131\u015f\u0131n q\u0131sam\u00fcdd\u0259tli leysan xarakterli olaca\u011f\u0131, \u015fim\u015f\u0259k \u00e7axaca\u011f\u0131 ehtimal\u0131 var.<\/p>\n\n\n\n<p class=\"wp-block-paragraph\">M\u00fclayim c\u0259nub-q\u0259rb k\u00fcl\u0259yi g\u00fcnd\u00fcz g\u00fccl\u00fc \u015fimal-q\u0259rb k\u00fcl\u0259yi il\u0259 \u0259v\u0259z olunacaq.<\/p>\n\n\n\n<p class=\"wp-block-paragraph\">Havan\u0131n temperaturu gec\u0259 20-23\u00b0, g\u00fcnd\u00fcz 28-32\u00b0, ax\u015fam is\u0259 26\u00b0 isti olacaq. Atmosfer t\u0259zyiqi 753 mm civ\u0259 s\u00fctunundan 758 mm civ\u0259 s\u00fctununa y\u00fcks\u0259l\u0259c\u0259k. Nisbi r\u00fctub\u0259t 60-70 faiz olacaq.<\/p>\n\n\n\n<p class=\"wp-block-paragraph\">Az\u0259rbaycan\u0131n rayonlar\u0131nda b\u0259zi yerl\u0259rd\u0259 fasil\u0259l\u0259rl\u0259 ya\u011f\u0131\u015f ya\u011faca\u011f\u0131 g\u00f6zl\u0259nilir. Ayr\u0131-ayr\u0131 yerl\u0259rd\u0259 ya\u011f\u0131\u015f\u0131n leysan xarakterli v\u0259 intensiv olaca\u011f\u0131, \u015fim\u015f\u0259k \u00e7axaca\u011f\u0131, dolu d\u00fc\u015f\u0259c\u0259yi ehtimal\u0131 var. Ax\u015fam saatlar\u0131nda ya\u011f\u0131nt\u0131lar\u0131n g\u00fccl\u0259n\u0259c\u0259yi, y\u00fcks\u0259k da\u011fl\u0131q \u0259razil\u0259rd\u0259 is\u0259 qar ya\u011faca\u011f\u0131 g\u00f6zl\u0259nilir.<\/p>\n\n\n\n<p class=\"wp-block-paragraph\">Gec\u0259 v\u0259 s\u0259h\u0259r b\u0259zi da\u011fl\u0131q \u0259razil\u0259rd\u0259 arabir duman olacaq. Q\u0259rb k\u00fcl\u0259yi b\u0259zi yerl\u0259rd\u0259 arabir g\u00fccl\u0259n\u0259c\u0259k.<\/p>\n\n\n\n<p class=\"wp-block-paragraph\">Havan\u0131n temperaturu gec\u0259 18-23\u00b0, g\u00fcnd\u00fcz 30-34\u00b0 isti olacaq. Da\u011flarda gec\u0259 12-17\u00b0, g\u00fcnd\u00fcz is\u0259 18-23\u00b0 isti t\u0259\u015fkil ed\u0259c\u0259k.<\/p>\n","protected":false},"excerpt":{"rendered":"<p>Sentyabr\u0131n 7-d\u0259 g\u00f6zl\u0259nil\u0259n hava \u015f\u0259raiti a\u00e7\u0131qlan\u0131b. \u0130ctimai.az\u00a0x\u0259b\u0259r verir ki, bu bar\u0259d\u0259 Milli Hidrometeorologiya Xidm\u0259ti m\u0259lumat yay\u0131b. Bildirilib ki, Bak\u0131da v\u0259 Ab\u015feron yar\u0131madas\u0131nda hava \u015f\u0259raitinin d\u0259yi\u015fk\u0259n buludlu, arabir tutulaca\u011f\u0131 v\u0259 \u0259sas\u0259n ya\u011fmursuz ke\u00e7\u0259c\u0259yi g\u00f6zl\u0259nilir. Lakin g\u00fcn \u0259rzind\u0259 b\u0259zi yerl\u0259rd\u0259 fasil\u0259l\u0259rl\u0259 ya\u011f\u0131\u015f ya\u011faca\u011f\u0131 ehtimal olunur. Yar\u0131madan\u0131n ayr\u0131-ayr\u0131 yerl\u0259rind\u0259 ya\u011f\u0131\u015f\u0131n q\u0131sam\u00fcdd\u0259tli leysan xarakterli olaca\u011f\u0131, \u015fim\u015f\u0259k \u00e7axaca\u011f\u0131 ehtimal\u0131 var. [&hellip;]<\/p>\n","protected":false},"author":2,"featured_media":83104,"comment_status":"open","ping_status":"closed","sticky":false,"template":"","format":"standard","meta":{"footnotes":""},"categories":[1],"tags":[],"class_list":["post-85020","post","type-post","status-publish","format-standard","has-post-thumbnail","hentry","category-society"],"yoast_head":"<!-- This site is optimized with the Yoast SEO plugin v28.2 - https:\/\/yoast.com\/product\/yoast-seo-wordpress\/ -->\n<title>Sentyabr\u0131n 7-d\u0259 g\u00f6zl\u0259nil\u0259n hava \u015f\u0259raiti a\u00e7\u0131qlan\u0131b - \u0130CT\u0130MA\u0130.AZ<\/title>\n<meta name=\"robots\" content=\"index, follow, max-snippet:-1, max-image-preview:large, max-video-preview:-1\" \/>\n<link rel=\"canonical\" href=\"https:\/\/ictimai.az\/?p=85020\" \/>\n<meta property=\"og:locale\" content=\"az_AZ\" \/>\n<meta property=\"og:type\" content=\"article\" \/>\n<meta property=\"og:title\" content=\"Sentyabr\u0131n 7-d\u0259 g\u00f6zl\u0259nil\u0259n hava \u015f\u0259raiti a\u00e7\u0131qlan\u0131b - \u0130CT\u0130MA\u0130.AZ\" \/>\n<meta property=\"og:description\" content=\"Sentyabr\u0131n 7-d\u0259 g\u00f6zl\u0259nil\u0259n hava \u015f\u0259raiti a\u00e7\u0131qlan\u0131b. \u0130ctimai.az\u00a0x\u0259b\u0259r verir ki, bu bar\u0259d\u0259 Milli Hidrometeorologiya Xidm\u0259ti m\u0259lumat yay\u0131b. Bildirilib ki, Bak\u0131da v\u0259 Ab\u015feron yar\u0131madas\u0131nda hava \u015f\u0259raitinin d\u0259yi\u015fk\u0259n buludlu, arabir tutulaca\u011f\u0131 v\u0259 \u0259sas\u0259n ya\u011fmursuz ke\u00e7\u0259c\u0259yi g\u00f6zl\u0259nilir. Lakin g\u00fcn \u0259rzind\u0259 b\u0259zi yerl\u0259rd\u0259 fasil\u0259l\u0259rl\u0259 ya\u011f\u0131\u015f ya\u011faca\u011f\u0131 ehtimal olunur. Yar\u0131madan\u0131n ayr\u0131-ayr\u0131 yerl\u0259rind\u0259 ya\u011f\u0131\u015f\u0131n q\u0131sam\u00fcdd\u0259tli leysan xarakterli olaca\u011f\u0131, \u015fim\u015f\u0259k \u00e7axaca\u011f\u0131 ehtimal\u0131 var. [&hellip;]\" \/>\n<meta property=\"og:url\" content=\"https:\/\/ictimai.az\/?p=85020\" \/>\n<meta property=\"og:site_name\" content=\"\u0130CT\u0130MA\u0130.AZ\" \/>\n<meta property=\"article:published_time\" content=\"2026-09-06T15:04:45+00:00\" \/>\n<meta property=\"article:modified_time\" content=\"2026-09-06T15:04:49+00:00\" \/>\n<meta property=\"og:image\" content=\"https:\/\/ictimai.az\/core\/uploads\/2026\/05\/ictimai_5d73e9d403e386cead9aa48d0d5fb996_muvwop5c7x0jkh9yrzl8.webp\" \/>\n\t<meta property=\"og:image:width\" content=\"512\" \/>\n\t<meta property=\"og:image:height\" content=\"288\" \/>\n\t<meta property=\"og:image:type\" content=\"image\/webp\" \/>\n<meta name=\"author\" content=\"R\u0259\u015fad Bayramov\" \/>\n<meta name=\"twitter:card\" content=\"summary_large_image\" \/>\n<meta name=\"twitter:label1\" content=\"Written by\" \/>\n\t<meta name=\"twitter:data1\" content=\"R\u0259\u015fad Bayramov\" \/>\n\t<meta name=\"twitter:label2\" content=\"Est. reading time\" \/>\n\t<meta name=\"twitter:data2\" content=\"2 minutes\" \/>\n<script type=\"application\/ld+json\" class=\"yoast-schema-graph\">{\"@context\":\"https:\\\/\\\/schema.org\",\"@graph\":[{\"@type\":\"Article\",\"@id\":\"https:\\\/\\\/ictimai.az\\\/?p=85020#article\",\"isPartOf\":{\"@id\":\"https:\\\/\\\/ictimai.az\\\/?p=85020\"},\"author\":{\"name\":\"R\u0259\u015fad Bayramov\",\"@id\":\"https:\\\/\\\/ictimai.az\\\/#\\\/schema\\\/person\\\/1da94bf2c7ab5d83ad349237bec1e6af\"},\"headline\":\"Sentyabr\u0131n 7-d\u0259 g\u00f6zl\u0259nil\u0259n hava \u015f\u0259raiti a\u00e7\u0131qlan\u0131b\",\"datePublished\":\"2026-09-06T15:04:45+00:00\",\"dateModified\":\"2026-09-06T15:04:49+00:00\",\"mainEntityOfPage\":{\"@id\":\"https:\\\/\\\/ictimai.az\\\/?p=85020\"},\"wordCount\":290,\"commentCount\":0,\"publisher\":{\"@id\":\"https:\\\/\\\/ictimai.az\\\/#organization\"},\"image\":{\"@id\":\"https:\\\/\\\/ictimai.az\\\/?p=85020#primaryimage\"},\"thumbnailUrl\":\"https:\\\/\\\/ictimai.az\\\/core\\\/uploads\\\/2026\\\/05\\\/ictimai_5d73e9d403e386cead9aa48d0d5fb996_muvwop5c7x0jkh9yrzl8.webp\",\"articleSection\":[\"Sosial\"],\"inLanguage\":\"az\",\"potentialAction\":[{\"@type\":\"CommentAction\",\"name\":\"Comment\",\"target\":[\"https:\\\/\\\/ictimai.az\\\/?p=85020#respond\"]}]},{\"@type\":\"WebPage\",\"@id\":\"https:\\\/\\\/ictimai.az\\\/?p=85020\",\"url\":\"https:\\\/\\\/ictimai.az\\\/?p=85020\",\"name\":\"Sentyabr\u0131n 7-d\u0259 g\u00f6zl\u0259nil\u0259n hava \u015f\u0259raiti a\u00e7\u0131qlan\u0131b - \u0130CT\u0130MA\u0130.AZ\",\"isPartOf\":{\"@id\":\"https:\\\/\\\/ictimai.az\\\/#website\"},\"primaryImageOfPage\":{\"@id\":\"https:\\\/\\\/ictimai.az\\\/?p=85020#primaryimage\"},\"image\":{\"@id\":\"https:\\\/\\\/ictimai.az\\\/?p=85020#primaryimage\"},\"thumbnailUrl\":\"https:\\\/\\\/ictimai.az\\\/core\\\/uploads\\\/2026\\\/05\\\/ictimai_5d73e9d403e386cead9aa48d0d5fb996_muvwop5c7x0jkh9yrzl8.webp\",\"datePublished\":\"2026-09-06T15:04:45+00:00\",\"dateModified\":\"2026-09-06T15:04:49+00:00\",\"breadcrumb\":{\"@id\":\"https:\\\/\\\/ictimai.az\\\/?p=85020#breadcrumb\"},\"inLanguage\":\"az\",\"potentialAction\":[{\"@type\":\"ReadAction\",\"target\":[\"https:\\\/\\\/ictimai.az\\\/?p=85020\"]}]},{\"@type\":\"ImageObject\",\"inLanguage\":\"az\",\"@id\":\"https:\\\/\\\/ictimai.az\\\/?p=85020#primaryimage\",\"url\":\"https:\\\/\\\/ictimai.az\\\/core\\\/uploads\\\/2026\\\/05\\\/ictimai_5d73e9d403e386cead9aa48d0d5fb996_muvwop5c7x0jkh9yrzl8.webp\",\"contentUrl\":\"https:\\\/\\\/ictimai.az\\\/core\\\/uploads\\\/2026\\\/05\\\/ictimai_5d73e9d403e386cead9aa48d0d5fb996_muvwop5c7x0jkh9yrzl8.webp\",\"width\":512,\"height\":288},{\"@type\":\"BreadcrumbList\",\"@id\":\"https:\\\/\\\/ictimai.az\\\/?p=85020#breadcrumb\",\"itemListElement\":[{\"@type\":\"ListItem\",\"position\":1,\"name\":\"Home\",\"item\":\"https:\\\/\\\/ictimai.az\\\/\"},{\"@type\":\"ListItem\",\"position\":2,\"name\":\"Sentyabr\u0131n 7-d\u0259 g\u00f6zl\u0259nil\u0259n hava \u015f\u0259raiti a\u00e7\u0131qlan\u0131b\"}]},{\"@type\":\"WebSite\",\"@id\":\"https:\\\/\\\/ictimai.az\\\/#website\",\"url\":\"https:\\\/\\\/ictimai.az\\\/\",\"name\":\"\u0130CT\u0130MA\u0130.AZ\",\"description\":\"\",\"publisher\":{\"@id\":\"https:\\\/\\\/ictimai.az\\\/#organization\"},\"potentialAction\":[{\"@type\":\"SearchAction\",\"target\":{\"@type\":\"EntryPoint\",\"urlTemplate\":\"https:\\\/\\\/ictimai.az\\\/?s={search_term_string}\"},\"query-input\":{\"@type\":\"PropertyValueSpecification\",\"valueRequired\":true,\"valueName\":\"search_term_string\"}}],\"inLanguage\":\"az\"},{\"@type\":\"Organization\",\"@id\":\"https:\\\/\\\/ictimai.az\\\/#organization\",\"name\":\"\u0130CT\u0130MA\u0130.AZ\",\"url\":\"https:\\\/\\\/ictimai.az\\\/\",\"logo\":{\"@type\":\"ImageObject\",\"inLanguage\":\"az\",\"@id\":\"https:\\\/\\\/ictimai.az\\\/#\\\/schema\\\/logo\\\/image\\\/\",\"url\":\"https:\\\/\\\/ictimai.az\\\/core\\\/uploads\\\/2026\\\/06\\\/cropped-ictimai_0380d81099c6fe3baae753faceb5481f_p41rg2mzq0uyvextfh3k-768x768-1-3.png\",\"contentUrl\":\"https:\\\/\\\/ictimai.az\\\/core\\\/uploads\\\/2026\\\/06\\\/cropped-ictimai_0380d81099c6fe3baae753faceb5481f_p41rg2mzq0uyvextfh3k-768x768-1-3.png\",\"width\":768,\"height\":768,\"caption\":\"\u0130CT\u0130MA\u0130.AZ\"},\"image\":{\"@id\":\"https:\\\/\\\/ictimai.az\\\/#\\\/schema\\\/logo\\\/image\\\/\"}},{\"@type\":\"Person\",\"@id\":\"https:\\\/\\\/ictimai.az\\\/#\\\/schema\\\/person\\\/1da94bf2c7ab5d83ad349237bec1e6af\",\"name\":\"R\u0259\u015fad Bayramov\",\"image\":{\"@type\":\"ImageObject\",\"inLanguage\":\"az\",\"@id\":\"https:\\\/\\\/secure.gravatar.com\\\/avatar\\\/83c075605ba0a4d35d59726aaad89cfa8008d1f01603342c56f1dd79784491bc?s=96&d=mm&r=g\",\"url\":\"https:\\\/\\\/secure.gravatar.com\\\/avatar\\\/83c075605ba0a4d35d59726aaad89cfa8008d1f01603342c56f1dd79784491bc?s=96&d=mm&r=g\",\"contentUrl\":\"https:\\\/\\\/secure.gravatar.com\\\/avatar\\\/83c075605ba0a4d35d59726aaad89cfa8008d1f01603342c56f1dd79784491bc?s=96&d=mm&r=g\",\"caption\":\"R\u0259\u015fad Bayramov\"},\"sameAs\":[\"https:\\\/\\\/ictimai.az\\\/\"],\"url\":\"https:\\\/\\\/ictimai.az\\\/?author=2\"}]}<\/script>\n<!-- \/ Yoast SEO plugin. -->","yoast_head_json":{"title":"Sentyabr\u0131n 7-d\u0259 g\u00f6zl\u0259nil\u0259n hava \u015f\u0259raiti a\u00e7\u0131qlan\u0131b - \u0130CT\u0130MA\u0130.AZ","robots":{"index":"index","follow":"follow","max-snippet":"max-snippet:-1","max-image-preview":"max-image-preview:large","max-video-preview":"max-video-preview:-1"},"canonical":"https:\/\/ictimai.az\/?p=85020","og_locale":"az_AZ","og_type":"article","og_title":"Sentyabr\u0131n 7-d\u0259 g\u00f6zl\u0259nil\u0259n hava \u015f\u0259raiti a\u00e7\u0131qlan\u0131b - \u0130CT\u0130MA\u0130.AZ","og_description":"Sentyabr\u0131n 7-d\u0259 g\u00f6zl\u0259nil\u0259n hava \u015f\u0259raiti a\u00e7\u0131qlan\u0131b. \u0130ctimai.az\u00a0x\u0259b\u0259r verir ki, bu bar\u0259d\u0259 Milli Hidrometeorologiya Xidm\u0259ti m\u0259lumat yay\u0131b. Bildirilib ki, Bak\u0131da v\u0259 Ab\u015feron yar\u0131madas\u0131nda hava \u015f\u0259raitinin d\u0259yi\u015fk\u0259n buludlu, arabir tutulaca\u011f\u0131 v\u0259 \u0259sas\u0259n ya\u011fmursuz ke\u00e7\u0259c\u0259yi g\u00f6zl\u0259nilir. Lakin g\u00fcn \u0259rzind\u0259 b\u0259zi yerl\u0259rd\u0259 fasil\u0259l\u0259rl\u0259 ya\u011f\u0131\u015f ya\u011faca\u011f\u0131 ehtimal olunur. Yar\u0131madan\u0131n ayr\u0131-ayr\u0131 yerl\u0259rind\u0259 ya\u011f\u0131\u015f\u0131n q\u0131sam\u00fcdd\u0259tli leysan xarakterli olaca\u011f\u0131, \u015fim\u015f\u0259k \u00e7axaca\u011f\u0131 ehtimal\u0131 var. [&hellip;]","og_url":"https:\/\/ictimai.az\/?p=85020","og_site_name":"\u0130CT\u0130MA\u0130.AZ","article_published_time":"2026-09-06T15:04:45+00:00","article_modified_time":"2026-09-06T15:04:49+00:00","og_image":[{"width":512,"height":288,"url":"https:\/\/ictimai.az\/core\/uploads\/2026\/05\/ictimai_5d73e9d403e386cead9aa48d0d5fb996_muvwop5c7x0jkh9yrzl8.webp","type":"image\/webp"}],"author":"R\u0259\u015fad Bayramov","twitter_card":"summary_large_image","twitter_misc":{"Written by":"R\u0259\u015fad Bayramov","Est. reading time":"2 minutes"},"schema":{"@context":"https:\/\/schema.org","@graph":[{"@type":"Article","@id":"https:\/\/ictimai.az\/?p=85020#article","isPartOf":{"@id":"https:\/\/ictimai.az\/?p=85020"},"author":{"name":"R\u0259\u015fad Bayramov","@id":"https:\/\/ictimai.az\/#\/schema\/person\/1da94bf2c7ab5d83ad349237bec1e6af"},"headline":"Sentyabr\u0131n 7-d\u0259 g\u00f6zl\u0259nil\u0259n hava \u015f\u0259raiti a\u00e7\u0131qlan\u0131b","datePublished":"2026-09-06T15:04:45+00:00","dateModified":"2026-09-06T15:04:49+00:00","mainEntityOfPage":{"@id":"https:\/\/ictimai.az\/?p=85020"},"wordCount":290,"commentCount":0,"publisher":{"@id":"https:\/\/ictimai.az\/#organization"},"image":{"@id":"https:\/\/ictimai.az\/?p=85020#primaryimage"},"thumbnailUrl":"https:\/\/ictimai.az\/core\/uploads\/2026\/05\/ictimai_5d73e9d403e386cead9aa48d0d5fb996_muvwop5c7x0jkh9yrzl8.webp","articleSection":["Sosial"],"inLanguage":"az","potentialAction":[{"@type":"CommentAction","name":"Comment","target":["https:\/\/ictimai.az\/?p=85020#respond"]}]},{"@type":"WebPage","@id":"https:\/\/ictimai.az\/?p=85020","url":"https:\/\/ictimai.az\/?p=85020","name":"Sentyabr\u0131n 7-d\u0259 g\u00f6zl\u0259nil\u0259n hava \u015f\u0259raiti a\u00e7\u0131qlan\u0131b - \u0130CT\u0130MA\u0130.AZ","isPartOf":{"@id":"https:\/\/ictimai.az\/#website"},"primaryImageOfPage":{"@id":"https:\/\/ictimai.az\/?p=85020#primaryimage"},"image":{"@id":"https:\/\/ictimai.az\/?p=85020#primaryimage"},"thumbnailUrl":"https:\/\/ictimai.az\/core\/uploads\/2026\/05\/ictimai_5d73e9d403e386cead9aa48d0d5fb996_muvwop5c7x0jkh9yrzl8.webp","datePublished":"2026-09-06T15:04:45+00:00","dateModified":"2026-09-06T15:04:49+00:00","breadcrumb":{"@id":"https:\/\/ictimai.az\/?p=85020#breadcrumb"},"inLanguage":"az","potentialAction":[{"@type":"ReadAction","target":["https:\/\/ictimai.az\/?p=85020"]}]},{"@type":"ImageObject","inLanguage":"az","@id":"https:\/\/ictimai.az\/?p=85020#primaryimage","url":"https:\/\/ictimai.az\/core\/uploads\/2026\/05\/ictimai_5d73e9d403e386cead9aa48d0d5fb996_muvwop5c7x0jkh9yrzl8.webp","contentUrl":"https:\/\/ictimai.az\/core\/uploads\/2026\/05\/ictimai_5d73e9d403e386cead9aa48d0d5fb996_muvwop5c7x0jkh9yrzl8.webp","width":512,"height":288},{"@type":"BreadcrumbList","@id":"https:\/\/ictimai.az\/?p=85020#breadcrumb","itemListElement":[{"@type":"ListItem","position":1,"name":"Home","item":"https:\/\/ictimai.az\/"},{"@type":"ListItem","position":2,"name":"Sentyabr\u0131n 7-d\u0259 g\u00f6zl\u0259nil\u0259n hava \u015f\u0259raiti a\u00e7\u0131qlan\u0131b"}]},{"@type":"WebSite","@id":"https:\/\/ictimai.az\/#website","url":"https:\/\/ictimai.az\/","name":"\u0130CT\u0130MA\u0130.AZ","description":"","publisher":{"@id":"https:\/\/ictimai.az\/#organization"},"potentialAction":[{"@type":"SearchAction","target":{"@type":"EntryPoint","urlTemplate":"https:\/\/ictimai.az\/?s={search_term_string}"},"query-input":{"@type":"PropertyValueSpecification","valueRequired":true,"valueName":"search_term_string"}}],"inLanguage":"az"},{"@type":"Organization","@id":"https:\/\/ictimai.az\/#organization","name":"\u0130CT\u0130MA\u0130.AZ","url":"https:\/\/ictimai.az\/","logo":{"@type":"ImageObject","inLanguage":"az","@id":"https:\/\/ictimai.az\/#\/schema\/logo\/image\/","url":"https:\/\/ictimai.az\/core\/uploads\/2026\/06\/cropped-ictimai_0380d81099c6fe3baae753faceb5481f_p41rg2mzq0uyvextfh3k-768x768-1-3.png","contentUrl":"https:\/\/ictimai.az\/core\/uploads\/2026\/06\/cropped-ictimai_0380d81099c6fe3baae753faceb5481f_p41rg2mzq0uyvextfh3k-768x768-1-3.png","width":768,"height":768,"caption":"\u0130CT\u0130MA\u0130.AZ"},"image":{"@id":"https:\/\/ictimai.az\/#\/schema\/logo\/image\/"}},{"@type":"Person","@id":"https:\/\/ictimai.az\/#\/schema\/person\/1da94bf2c7ab5d83ad349237bec1e6af","name":"R\u0259\u015fad Bayramov","image":{"@type":"ImageObject","inLanguage":"az","@id":"https:\/\/secure.gravatar.com\/avatar\/83c075605ba0a4d35d59726aaad89cfa8008d1f01603342c56f1dd79784491bc?s=96&d=mm&r=g","url":"https:\/\/secure.gravatar.com\/avatar\/83c075605ba0a4d35d59726aaad89cfa8008d1f01603342c56f1dd79784491bc?s=96&d=mm&r=g","contentUrl":"https:\/\/secure.gravatar.com\/avatar\/83c075605ba0a4d35d59726aaad89cfa8008d1f01603342c56f1dd79784491bc?s=96&d=mm&r=g","caption":"R\u0259\u015fad Bayramov"},"sameAs":["https:\/\/ictimai.az\/"],"url":"https:\/\/ictimai.az\/?author=2"}]}},"_links":{"self":[{"href":"https:\/\/ictimai.az\/index.php?rest_route=\/wp\/v2\/posts\/85020","targetHints":{"allow":["GET"]}}],"collection":[{"href":"https:\/\/ictimai.az\/index.php?rest_route=\/wp\/v2\/posts"}],"about":[{"href":"https:\/\/ictimai.az\/index.php?rest_route=\/wp\/v2\/types\/post"}],"author":[{"embeddable":true,"href":"https:\/\/ictimai.az\/index.php?rest_route=\/wp\/v2\/users\/2"}],"replies":[{"embeddable":true,"href":"https:\/\/ictimai.az\/index.php?rest_route=%2Fwp%2Fv2%2Fcomments&post=85020"}],"version-history":[{"count":0,"href":"https:\/\/ictimai.az\/index.php?rest_route=\/wp\/v2\/posts\/85020\/revisions"}],"wp:featuredmedia":[{"embeddable":true,"href":"https:\/\/ictimai.az\/index.php?rest_route=\/wp\/v2\/media\/83104"}],"wp:attachment":[{"href":"https:\/\/ictimai.az\/index.php?rest_route=%2Fwp%2Fv2%2Fmedia&parent=85020"}],"wp:term":[{"taxonomy":"category","embeddable":true,"href":"https:\/\/ictimai.az\/index.php?rest_route=%2Fwp%2Fv2%2Fcategories&post=85020"},{"taxonomy":"post_tag","embeddable":true,"href":"https:\/\/ictimai.az\/index.php?rest_route=%2Fwp%2Fv2%2Ftags&post=85020"}],"curies":[{"name":"wp","href":"https:\/\/api.w.org\/{rel}","templated":true}]}}