{"id":85021,"date":"2026-09-06T19:08:15","date_gmt":"2026-09-06T15:08:15","guid":{"rendered":"https:\/\/ictimai.az\/?p=85021"},"modified":"2026-09-06T19:08:18","modified_gmt":"2026-09-06T15:08:18","slug":"prezident-ilham-eliyev-h%c9%99rbi-d%c9%99niz-quvv%c9%99l%c9%99rind%c9%99-olub","status":"publish","type":"post","link":"https:\/\/ictimai.az\/?p=85021","title":{"rendered":"Prezident \u0130lham \u018fliyev H\u0259rbi D\u0259niz Q\u00fcvv\u0259l\u0259rind\u0259 olub"},"content":{"rendered":"\n<p class=\"wp-block-paragraph\">Az\u0259rbaycan Respublikas\u0131n\u0131n Prezidenti, Silahl\u0131 Q\u00fcvv\u0259l\u0259rin M\u00fcz\u0259ff\u0259r Ali Ba\u015f Komandan\u0131\u00a0\u0130lham \u018fliyev\u00a0v\u0259 birinci xan\u0131m\u00a0Mehriban \u018fliyeva\u00a0H\u0259rbi D\u0259niz Q\u00fcvv\u0259l\u0259rind\u0259 olublar.<\/p>\n\n\n\n<p class=\"wp-block-paragraph\"><strong>\u0130ctimai.az<\/strong>\u00a0AZ\u018fRTAC-a istinad\u0259n x\u0259b\u0259r verir ki, m\u00fcdafi\u0259 naziri general-polkovnik Zakir H\u0259s\u0259nov Prezident, Silahl\u0131 Q\u00fcvv\u0259l\u0259rin M\u00fcz\u0259ff\u0259r Ali Ba\u015f Komandan\u0131 \u0130lham \u018fliyev\u0259 raport verib.<\/p>\n\n\n\n<p class=\"wp-block-paragraph\">D\u00f6vl\u0259timizin ba\u015f\u00e7\u0131s\u0131 v\u0259 birinci xan\u0131m H\u0259rbi D\u0259niz Q\u00fcvv\u0259l\u0259rinin q\u0259rargah\u0131n\u0131n qar\u015f\u0131s\u0131nda \u00fcmummilli lider Heyd\u0259r \u018fliyevin abid\u0259si \u00f6n\u00fcn\u0259 g\u00fcl d\u0259st\u0259l\u0259ri qoyaraq, ulu \u00f6nd\u0259rin xatir\u0259sin\u0259 ehtiramlar\u0131n\u0131 bildiribl\u0259r.<\/p>\n\n\n\n<p class=\"wp-block-paragraph\">Prezident \u0130lham \u018fliyev\u0259 v\u0259 birinci xan\u0131m Mehriban \u018fliyevaya M\u00fcdafi\u0259 Nazirliyinin tabeliyind\u0259 f\u0259aliyy\u0259t g\u00f6st\u0259r\u0259n &#8220;M\u0130RAS H\u0259rbi-S\u0259naye \u015eirk\u0259ti&#8221; MMC-nin v\u0259 &#8220;DEARSAN G\u0259mi \u0130n\u015faat S\u0259naye&#8221; A\u015e-nin birg\u0259 istehsalat sah\u0259sind\u0259 qabaqc\u0131l texnoloji innovasiyalar\u0131n t\u0259tbiqi il\u0259 haz\u0131rlanan SALVO (S\u0130DV) silahl\u0131 insans\u0131z d\u0259niz vasit\u0259l\u0259ri, KAYRA (K\u0130DV) kamikadze insans\u0131z d\u0259niz vasit\u0259l\u0259rinin t\u0259yinat\u0131 v\u0259 taktiki-texniki x\u00fcsusiyy\u0259tl\u0259ri bar\u0259d\u0259 m\u0259lumat verilib.<\/p>\n\n\n\n<p class=\"wp-block-paragraph\">Sonra d\u00f6vl\u0259timizin ba\u015f\u00e7\u0131s\u0131 v\u0259 birinci xan\u0131m istehsalat sah\u0259sind\u0259 g\u00f6r\u00fcl\u0259n i\u015fl\u0259rl\u0259 tan\u0131\u015f olublar.<\/p>\n\n\n\n<p class=\"wp-block-paragraph\">Daha sonra burada istehsal olunan insans\u0131z d\u0259niz vasit\u0259l\u0259ri praktiki s\u0131naqdan ke\u00e7irilib.<\/p>\n\n\n\n<p class=\"wp-block-paragraph\">Sonda Prezident, Silahl\u0131 Q\u00fcvv\u0259l\u0259rin Ali Ba\u015f Komandan\u0131 \u0130lham \u018fliyevin s\u0259drliyi il\u0259 h\u0259rbi quruculuq m\u0259s\u0259l\u0259l\u0259rin\u0259 dair operativ m\u00fc\u015favir\u0259 ke\u00e7irilib.<\/p>\n","protected":false},"excerpt":{"rendered":"<p>Az\u0259rbaycan Respublikas\u0131n\u0131n Prezidenti, Silahl\u0131 Q\u00fcvv\u0259l\u0259rin M\u00fcz\u0259ff\u0259r Ali Ba\u015f Komandan\u0131\u00a0\u0130lham \u018fliyev\u00a0v\u0259 birinci xan\u0131m\u00a0Mehriban \u018fliyeva\u00a0H\u0259rbi D\u0259niz Q\u00fcvv\u0259l\u0259rind\u0259 olublar. \u0130ctimai.az\u00a0AZ\u018fRTAC-a istinad\u0259n x\u0259b\u0259r verir ki, m\u00fcdafi\u0259 naziri general-polkovnik Zakir H\u0259s\u0259nov Prezident, Silahl\u0131 Q\u00fcvv\u0259l\u0259rin M\u00fcz\u0259ff\u0259r Ali Ba\u015f Komandan\u0131 \u0130lham \u018fliyev\u0259 raport verib. D\u00f6vl\u0259timizin ba\u015f\u00e7\u0131s\u0131 v\u0259 birinci xan\u0131m H\u0259rbi D\u0259niz Q\u00fcvv\u0259l\u0259rinin q\u0259rargah\u0131n\u0131n qar\u015f\u0131s\u0131nda \u00fcmummilli lider Heyd\u0259r \u018fliyevin abid\u0259si \u00f6n\u00fcn\u0259 g\u00fcl d\u0259st\u0259l\u0259ri [&hellip;]<\/p>\n","protected":false},"author":2,"featured_media":85022,"comment_status":"open","ping_status":"closed","sticky":false,"template":"","format":"standard","meta":{"footnotes":""},"categories":[2,9],"tags":[],"class_list":["post-85021","post","type-post","status-publish","format-standard","has-post-thumbnail","hentry","category-trend","category-featured"],"yoast_head":"<!-- This site is optimized with the Yoast SEO plugin v28.2 - https:\/\/yoast.com\/product\/yoast-seo-wordpress\/ -->\n<title>Prezident \u0130lham \u018fliyev H\u0259rbi D\u0259niz Q\u00fcvv\u0259l\u0259rind\u0259 olub - \u0130CT\u0130MA\u0130.AZ<\/title>\n<meta name=\"robots\" content=\"index, follow, max-snippet:-1, max-image-preview:large, max-video-preview:-1\" \/>\n<link rel=\"canonical\" href=\"https:\/\/ictimai.az\/?p=85021\" \/>\n<meta property=\"og:locale\" content=\"az_AZ\" \/>\n<meta property=\"og:type\" content=\"article\" \/>\n<meta property=\"og:title\" content=\"Prezident \u0130lham \u018fliyev H\u0259rbi D\u0259niz Q\u00fcvv\u0259l\u0259rind\u0259 olub - \u0130CT\u0130MA\u0130.AZ\" \/>\n<meta property=\"og:description\" content=\"Az\u0259rbaycan Respublikas\u0131n\u0131n Prezidenti, Silahl\u0131 Q\u00fcvv\u0259l\u0259rin M\u00fcz\u0259ff\u0259r Ali Ba\u015f Komandan\u0131\u00a0\u0130lham \u018fliyev\u00a0v\u0259 birinci xan\u0131m\u00a0Mehriban \u018fliyeva\u00a0H\u0259rbi D\u0259niz Q\u00fcvv\u0259l\u0259rind\u0259 olublar. \u0130ctimai.az\u00a0AZ\u018fRTAC-a istinad\u0259n x\u0259b\u0259r verir ki, m\u00fcdafi\u0259 naziri general-polkovnik Zakir H\u0259s\u0259nov Prezident, Silahl\u0131 Q\u00fcvv\u0259l\u0259rin M\u00fcz\u0259ff\u0259r Ali Ba\u015f Komandan\u0131 \u0130lham \u018fliyev\u0259 raport verib. D\u00f6vl\u0259timizin ba\u015f\u00e7\u0131s\u0131 v\u0259 birinci xan\u0131m H\u0259rbi D\u0259niz Q\u00fcvv\u0259l\u0259rinin q\u0259rargah\u0131n\u0131n qar\u015f\u0131s\u0131nda \u00fcmummilli lider Heyd\u0259r \u018fliyevin abid\u0259si \u00f6n\u00fcn\u0259 g\u00fcl d\u0259st\u0259l\u0259ri [&hellip;]\" \/>\n<meta property=\"og:url\" content=\"https:\/\/ictimai.az\/?p=85021\" \/>\n<meta property=\"og:site_name\" content=\"\u0130CT\u0130MA\u0130.AZ\" \/>\n<meta property=\"article:published_time\" content=\"2026-09-06T15:08:15+00:00\" \/>\n<meta property=\"article:modified_time\" content=\"2026-09-06T15:08:18+00:00\" \/>\n<meta property=\"og:image\" content=\"https:\/\/ictimai.az\/core\/uploads\/2026\/09\/8ZH7NzLsoxlqtR4QUvGNxNx7RmlJnime9GOFf8SN_640.webp\" \/>\n\t<meta property=\"og:image:width\" content=\"640\" \/>\n\t<meta property=\"og:image:height\" content=\"427\" \/>\n\t<meta property=\"og:image:type\" content=\"image\/webp\" \/>\n<meta name=\"author\" content=\"R\u0259\u015fad Bayramov\" \/>\n<meta name=\"twitter:card\" content=\"summary_large_image\" \/>\n<meta name=\"twitter:label1\" content=\"Written by\" \/>\n\t<meta name=\"twitter:data1\" content=\"R\u0259\u015fad Bayramov\" \/>\n\t<meta name=\"twitter:label2\" content=\"Est. reading time\" \/>\n\t<meta name=\"twitter:data2\" content=\"2 minutes\" \/>\n<script type=\"application\/ld+json\" class=\"yoast-schema-graph\">{\"@context\":\"https:\\\/\\\/schema.org\",\"@graph\":[{\"@type\":\"Article\",\"@id\":\"https:\\\/\\\/ictimai.az\\\/?p=85021#article\",\"isPartOf\":{\"@id\":\"https:\\\/\\\/ictimai.az\\\/?p=85021\"},\"author\":{\"name\":\"R\u0259\u015fad Bayramov\",\"@id\":\"https:\\\/\\\/ictimai.az\\\/#\\\/schema\\\/person\\\/1da94bf2c7ab5d83ad349237bec1e6af\"},\"headline\":\"Prezident \u0130lham \u018fliyev H\u0259rbi D\u0259niz Q\u00fcvv\u0259l\u0259rind\u0259 olub\",\"datePublished\":\"2026-09-06T15:08:15+00:00\",\"dateModified\":\"2026-09-06T15:08:18+00:00\",\"mainEntityOfPage\":{\"@id\":\"https:\\\/\\\/ictimai.az\\\/?p=85021\"},\"wordCount\":287,\"commentCount\":0,\"publisher\":{\"@id\":\"https:\\\/\\\/ictimai.az\\\/#organization\"},\"image\":{\"@id\":\"https:\\\/\\\/ictimai.az\\\/?p=85021#primaryimage\"},\"thumbnailUrl\":\"https:\\\/\\\/ictimai.az\\\/core\\\/uploads\\\/2026\\\/09\\\/8ZH7NzLsoxlqtR4QUvGNxNx7RmlJnime9GOFf8SN_640.webp\",\"articleSection\":[\"G\u00fcnd\u0259m\",\"Man\u015fet\"],\"inLanguage\":\"az\",\"potentialAction\":[{\"@type\":\"CommentAction\",\"name\":\"Comment\",\"target\":[\"https:\\\/\\\/ictimai.az\\\/?p=85021#respond\"]}]},{\"@type\":\"WebPage\",\"@id\":\"https:\\\/\\\/ictimai.az\\\/?p=85021\",\"url\":\"https:\\\/\\\/ictimai.az\\\/?p=85021\",\"name\":\"Prezident \u0130lham \u018fliyev H\u0259rbi D\u0259niz Q\u00fcvv\u0259l\u0259rind\u0259 olub - \u0130CT\u0130MA\u0130.AZ\",\"isPartOf\":{\"@id\":\"https:\\\/\\\/ictimai.az\\\/#website\"},\"primaryImageOfPage\":{\"@id\":\"https:\\\/\\\/ictimai.az\\\/?p=85021#primaryimage\"},\"image\":{\"@id\":\"https:\\\/\\\/ictimai.az\\\/?p=85021#primaryimage\"},\"thumbnailUrl\":\"https:\\\/\\\/ictimai.az\\\/core\\\/uploads\\\/2026\\\/09\\\/8ZH7NzLsoxlqtR4QUvGNxNx7RmlJnime9GOFf8SN_640.webp\",\"datePublished\":\"2026-09-06T15:08:15+00:00\",\"dateModified\":\"2026-09-06T15:08:18+00:00\",\"breadcrumb\":{\"@id\":\"https:\\\/\\\/ictimai.az\\\/?p=85021#breadcrumb\"},\"inLanguage\":\"az\",\"potentialAction\":[{\"@type\":\"ReadAction\",\"target\":[\"https:\\\/\\\/ictimai.az\\\/?p=85021\"]}]},{\"@type\":\"ImageObject\",\"inLanguage\":\"az\",\"@id\":\"https:\\\/\\\/ictimai.az\\\/?p=85021#primaryimage\",\"url\":\"https:\\\/\\\/ictimai.az\\\/core\\\/uploads\\\/2026\\\/09\\\/8ZH7NzLsoxlqtR4QUvGNxNx7RmlJnime9GOFf8SN_640.webp\",\"contentUrl\":\"https:\\\/\\\/ictimai.az\\\/core\\\/uploads\\\/2026\\\/09\\\/8ZH7NzLsoxlqtR4QUvGNxNx7RmlJnime9GOFf8SN_640.webp\",\"width\":640,\"height\":427},{\"@type\":\"BreadcrumbList\",\"@id\":\"https:\\\/\\\/ictimai.az\\\/?p=85021#breadcrumb\",\"itemListElement\":[{\"@type\":\"ListItem\",\"position\":1,\"name\":\"Home\",\"item\":\"https:\\\/\\\/ictimai.az\\\/\"},{\"@type\":\"ListItem\",\"position\":2,\"name\":\"Prezident \u0130lham \u018fliyev H\u0259rbi D\u0259niz Q\u00fcvv\u0259l\u0259rind\u0259 olub\"}]},{\"@type\":\"WebSite\",\"@id\":\"https:\\\/\\\/ictimai.az\\\/#website\",\"url\":\"https:\\\/\\\/ictimai.az\\\/\",\"name\":\"\u0130CT\u0130MA\u0130.AZ\",\"description\":\"\",\"publisher\":{\"@id\":\"https:\\\/\\\/ictimai.az\\\/#organization\"},\"potentialAction\":[{\"@type\":\"SearchAction\",\"target\":{\"@type\":\"EntryPoint\",\"urlTemplate\":\"https:\\\/\\\/ictimai.az\\\/?s={search_term_string}\"},\"query-input\":{\"@type\":\"PropertyValueSpecification\",\"valueRequired\":true,\"valueName\":\"search_term_string\"}}],\"inLanguage\":\"az\"},{\"@type\":\"Organization\",\"@id\":\"https:\\\/\\\/ictimai.az\\\/#organization\",\"name\":\"\u0130CT\u0130MA\u0130.AZ\",\"url\":\"https:\\\/\\\/ictimai.az\\\/\",\"logo\":{\"@type\":\"ImageObject\",\"inLanguage\":\"az\",\"@id\":\"https:\\\/\\\/ictimai.az\\\/#\\\/schema\\\/logo\\\/image\\\/\",\"url\":\"https:\\\/\\\/ictimai.az\\\/core\\\/uploads\\\/2026\\\/06\\\/cropped-ictimai_0380d81099c6fe3baae753faceb5481f_p41rg2mzq0uyvextfh3k-768x768-1-3.png\",\"contentUrl\":\"https:\\\/\\\/ictimai.az\\\/core\\\/uploads\\\/2026\\\/06\\\/cropped-ictimai_0380d81099c6fe3baae753faceb5481f_p41rg2mzq0uyvextfh3k-768x768-1-3.png\",\"width\":768,\"height\":768,\"caption\":\"\u0130CT\u0130MA\u0130.AZ\"},\"image\":{\"@id\":\"https:\\\/\\\/ictimai.az\\\/#\\\/schema\\\/logo\\\/image\\\/\"}},{\"@type\":\"Person\",\"@id\":\"https:\\\/\\\/ictimai.az\\\/#\\\/schema\\\/person\\\/1da94bf2c7ab5d83ad349237bec1e6af\",\"name\":\"R\u0259\u015fad Bayramov\",\"image\":{\"@type\":\"ImageObject\",\"inLanguage\":\"az\",\"@id\":\"https:\\\/\\\/secure.gravatar.com\\\/avatar\\\/83c075605ba0a4d35d59726aaad89cfa8008d1f01603342c56f1dd79784491bc?s=96&d=mm&r=g\",\"url\":\"https:\\\/\\\/secure.gravatar.com\\\/avatar\\\/83c075605ba0a4d35d59726aaad89cfa8008d1f01603342c56f1dd79784491bc?s=96&d=mm&r=g\",\"contentUrl\":\"https:\\\/\\\/secure.gravatar.com\\\/avatar\\\/83c075605ba0a4d35d59726aaad89cfa8008d1f01603342c56f1dd79784491bc?s=96&d=mm&r=g\",\"caption\":\"R\u0259\u015fad Bayramov\"},\"sameAs\":[\"https:\\\/\\\/ictimai.az\\\/\"],\"url\":\"https:\\\/\\\/ictimai.az\\\/?author=2\"}]}<\/script>\n<!-- \/ Yoast SEO plugin. -->","yoast_head_json":{"title":"Prezident \u0130lham \u018fliyev H\u0259rbi D\u0259niz Q\u00fcvv\u0259l\u0259rind\u0259 olub - \u0130CT\u0130MA\u0130.AZ","robots":{"index":"index","follow":"follow","max-snippet":"max-snippet:-1","max-image-preview":"max-image-preview:large","max-video-preview":"max-video-preview:-1"},"canonical":"https:\/\/ictimai.az\/?p=85021","og_locale":"az_AZ","og_type":"article","og_title":"Prezident \u0130lham \u018fliyev H\u0259rbi D\u0259niz Q\u00fcvv\u0259l\u0259rind\u0259 olub - \u0130CT\u0130MA\u0130.AZ","og_description":"Az\u0259rbaycan Respublikas\u0131n\u0131n Prezidenti, Silahl\u0131 Q\u00fcvv\u0259l\u0259rin M\u00fcz\u0259ff\u0259r Ali Ba\u015f Komandan\u0131\u00a0\u0130lham \u018fliyev\u00a0v\u0259 birinci xan\u0131m\u00a0Mehriban \u018fliyeva\u00a0H\u0259rbi D\u0259niz Q\u00fcvv\u0259l\u0259rind\u0259 olublar. \u0130ctimai.az\u00a0AZ\u018fRTAC-a istinad\u0259n x\u0259b\u0259r verir ki, m\u00fcdafi\u0259 naziri general-polkovnik Zakir H\u0259s\u0259nov Prezident, Silahl\u0131 Q\u00fcvv\u0259l\u0259rin M\u00fcz\u0259ff\u0259r Ali Ba\u015f Komandan\u0131 \u0130lham \u018fliyev\u0259 raport verib. D\u00f6vl\u0259timizin ba\u015f\u00e7\u0131s\u0131 v\u0259 birinci xan\u0131m H\u0259rbi D\u0259niz Q\u00fcvv\u0259l\u0259rinin q\u0259rargah\u0131n\u0131n qar\u015f\u0131s\u0131nda \u00fcmummilli lider Heyd\u0259r \u018fliyevin abid\u0259si \u00f6n\u00fcn\u0259 g\u00fcl d\u0259st\u0259l\u0259ri [&hellip;]","og_url":"https:\/\/ictimai.az\/?p=85021","og_site_name":"\u0130CT\u0130MA\u0130.AZ","article_published_time":"2026-09-06T15:08:15+00:00","article_modified_time":"2026-09-06T15:08:18+00:00","og_image":[{"width":640,"height":427,"url":"https:\/\/ictimai.az\/core\/uploads\/2026\/09\/8ZH7NzLsoxlqtR4QUvGNxNx7RmlJnime9GOFf8SN_640.webp","type":"image\/webp"}],"author":"R\u0259\u015fad Bayramov","twitter_card":"summary_large_image","twitter_misc":{"Written by":"R\u0259\u015fad Bayramov","Est. reading time":"2 minutes"},"schema":{"@context":"https:\/\/schema.org","@graph":[{"@type":"Article","@id":"https:\/\/ictimai.az\/?p=85021#article","isPartOf":{"@id":"https:\/\/ictimai.az\/?p=85021"},"author":{"name":"R\u0259\u015fad Bayramov","@id":"https:\/\/ictimai.az\/#\/schema\/person\/1da94bf2c7ab5d83ad349237bec1e6af"},"headline":"Prezident \u0130lham \u018fliyev H\u0259rbi D\u0259niz Q\u00fcvv\u0259l\u0259rind\u0259 olub","datePublished":"2026-09-06T15:08:15+00:00","dateModified":"2026-09-06T15:08:18+00:00","mainEntityOfPage":{"@id":"https:\/\/ictimai.az\/?p=85021"},"wordCount":287,"commentCount":0,"publisher":{"@id":"https:\/\/ictimai.az\/#organization"},"image":{"@id":"https:\/\/ictimai.az\/?p=85021#primaryimage"},"thumbnailUrl":"https:\/\/ictimai.az\/core\/uploads\/2026\/09\/8ZH7NzLsoxlqtR4QUvGNxNx7RmlJnime9GOFf8SN_640.webp","articleSection":["G\u00fcnd\u0259m","Man\u015fet"],"inLanguage":"az","potentialAction":[{"@type":"CommentAction","name":"Comment","target":["https:\/\/ictimai.az\/?p=85021#respond"]}]},{"@type":"WebPage","@id":"https:\/\/ictimai.az\/?p=85021","url":"https:\/\/ictimai.az\/?p=85021","name":"Prezident \u0130lham \u018fliyev H\u0259rbi D\u0259niz Q\u00fcvv\u0259l\u0259rind\u0259 olub - \u0130CT\u0130MA\u0130.AZ","isPartOf":{"@id":"https:\/\/ictimai.az\/#website"},"primaryImageOfPage":{"@id":"https:\/\/ictimai.az\/?p=85021#primaryimage"},"image":{"@id":"https:\/\/ictimai.az\/?p=85021#primaryimage"},"thumbnailUrl":"https:\/\/ictimai.az\/core\/uploads\/2026\/09\/8ZH7NzLsoxlqtR4QUvGNxNx7RmlJnime9GOFf8SN_640.webp","datePublished":"2026-09-06T15:08:15+00:00","dateModified":"2026-09-06T15:08:18+00:00","breadcrumb":{"@id":"https:\/\/ictimai.az\/?p=85021#breadcrumb"},"inLanguage":"az","potentialAction":[{"@type":"ReadAction","target":["https:\/\/ictimai.az\/?p=85021"]}]},{"@type":"ImageObject","inLanguage":"az","@id":"https:\/\/ictimai.az\/?p=85021#primaryimage","url":"https:\/\/ictimai.az\/core\/uploads\/2026\/09\/8ZH7NzLsoxlqtR4QUvGNxNx7RmlJnime9GOFf8SN_640.webp","contentUrl":"https:\/\/ictimai.az\/core\/uploads\/2026\/09\/8ZH7NzLsoxlqtR4QUvGNxNx7RmlJnime9GOFf8SN_640.webp","width":640,"height":427},{"@type":"BreadcrumbList","@id":"https:\/\/ictimai.az\/?p=85021#breadcrumb","itemListElement":[{"@type":"ListItem","position":1,"name":"Home","item":"https:\/\/ictimai.az\/"},{"@type":"ListItem","position":2,"name":"Prezident \u0130lham \u018fliyev H\u0259rbi D\u0259niz Q\u00fcvv\u0259l\u0259rind\u0259 olub"}]},{"@type":"WebSite","@id":"https:\/\/ictimai.az\/#website","url":"https:\/\/ictimai.az\/","name":"\u0130CT\u0130MA\u0130.AZ","description":"","publisher":{"@id":"https:\/\/ictimai.az\/#organization"},"potentialAction":[{"@type":"SearchAction","target":{"@type":"EntryPoint","urlTemplate":"https:\/\/ictimai.az\/?s={search_term_string}"},"query-input":{"@type":"PropertyValueSpecification","valueRequired":true,"valueName":"search_term_string"}}],"inLanguage":"az"},{"@type":"Organization","@id":"https:\/\/ictimai.az\/#organization","name":"\u0130CT\u0130MA\u0130.AZ","url":"https:\/\/ictimai.az\/","logo":{"@type":"ImageObject","inLanguage":"az","@id":"https:\/\/ictimai.az\/#\/schema\/logo\/image\/","url":"https:\/\/ictimai.az\/core\/uploads\/2026\/06\/cropped-ictimai_0380d81099c6fe3baae753faceb5481f_p41rg2mzq0uyvextfh3k-768x768-1-3.png","contentUrl":"https:\/\/ictimai.az\/core\/uploads\/2026\/06\/cropped-ictimai_0380d81099c6fe3baae753faceb5481f_p41rg2mzq0uyvextfh3k-768x768-1-3.png","width":768,"height":768,"caption":"\u0130CT\u0130MA\u0130.AZ"},"image":{"@id":"https:\/\/ictimai.az\/#\/schema\/logo\/image\/"}},{"@type":"Person","@id":"https:\/\/ictimai.az\/#\/schema\/person\/1da94bf2c7ab5d83ad349237bec1e6af","name":"R\u0259\u015fad Bayramov","image":{"@type":"ImageObject","inLanguage":"az","@id":"https:\/\/secure.gravatar.com\/avatar\/83c075605ba0a4d35d59726aaad89cfa8008d1f01603342c56f1dd79784491bc?s=96&d=mm&r=g","url":"https:\/\/secure.gravatar.com\/avatar\/83c075605ba0a4d35d59726aaad89cfa8008d1f01603342c56f1dd79784491bc?s=96&d=mm&r=g","contentUrl":"https:\/\/secure.gravatar.com\/avatar\/83c075605ba0a4d35d59726aaad89cfa8008d1f01603342c56f1dd79784491bc?s=96&d=mm&r=g","caption":"R\u0259\u015fad Bayramov"},"sameAs":["https:\/\/ictimai.az\/"],"url":"https:\/\/ictimai.az\/?author=2"}]}},"_links":{"self":[{"href":"https:\/\/ictimai.az\/index.php?rest_route=\/wp\/v2\/posts\/85021","targetHints":{"allow":["GET"]}}],"collection":[{"href":"https:\/\/ictimai.az\/index.php?rest_route=\/wp\/v2\/posts"}],"about":[{"href":"https:\/\/ictimai.az\/index.php?rest_route=\/wp\/v2\/types\/post"}],"author":[{"embeddable":true,"href":"https:\/\/ictimai.az\/index.php?rest_route=\/wp\/v2\/users\/2"}],"replies":[{"embeddable":true,"href":"https:\/\/ictimai.az\/index.php?rest_route=%2Fwp%2Fv2%2Fcomments&post=85021"}],"version-history":[{"count":0,"href":"https:\/\/ictimai.az\/index.php?rest_route=\/wp\/v2\/posts\/85021\/revisions"}],"wp:featuredmedia":[{"embeddable":true,"href":"https:\/\/ictimai.az\/index.php?rest_route=\/wp\/v2\/media\/85022"}],"wp:attachment":[{"href":"https:\/\/ictimai.az\/index.php?rest_route=%2Fwp%2Fv2%2Fmedia&parent=85021"}],"wp:term":[{"taxonomy":"category","embeddable":true,"href":"https:\/\/ictimai.az\/index.php?rest_route=%2Fwp%2Fv2%2Fcategories&post=85021"},{"taxonomy":"post_tag","embeddable":true,"href":"https:\/\/ictimai.az\/index.php?rest_route=%2Fwp%2Fv2%2Ftags&post=85021"}],"curies":[{"name":"wp","href":"https:\/\/api.w.org\/{rel}","templated":true}]}}