{"id":9571,"date":"2021-02-16T17:08:34","date_gmt":"2021-02-16T13:08:34","guid":{"rendered":"https:\/\/ictimai.az\/?p=9571"},"modified":"2021-02-17T09:42:13","modified_gmt":"2021-02-17T05:42:13","slug":"prezidentden-isgaldan-azad-edilmis-erazilerle-bagli-serencam","status":"publish","type":"post","link":"https:\/\/ictimai.az\/?p=9571","title":{"rendered":"Prezidentd\u0259n \u0130\u015f\u011faldan azad edilmi\u015f \u0259razil\u0259rl\u0259 ba\u011fl\u0131 S\u018fR\u018fNCAM"},"content":{"rendered":"<p>Nazirl\u0259r Kabinetin\u0259 i\u015f\u011faldan azad edilmi\u015f \u0259razil\u0259rl\u0259 ba\u011fl\u0131 tap\u015f\u0131r\u0131qlar verilib.<\/p>\n<p>Bu bar\u0259d\u0259 Prezident \u0130lham \u018fliyev m\u00fcvafiq s\u0259r\u0259ncam<a href=\"https:\/\/azertag.az\/xeber\/Azerbaycan_Respublikasinin_Sehersalma_ve_Tikinti_Mecellesinin_tesdiq_edilmesi_quvveye_minmesi_ve_bununla_bagli_huquqi_tenzimleme_haqqinda_Azerbaycan_Respublikasinin_Qanununda_deyisiklik_edilmesi_barede_Azerbaycan_Respublikasinin_2021_ci_il_1_fevral_tarixli_259_VIQD_nomreli_Qanununun_tetbiqi_haqqinda__Azerbaycan_Respublikasi_Prezidentinin_Serencami-1713475\" target=\"_blank\" rel=\"noopener noreferrer\">\u00a0imzalay\u0131b<\/a>.<\/p>\n<p>S\u0259r\u0259ncamla i\u015f\u011faldan azad edilmi\u015f k\u0259nd \u0259razil\u0259rind\u0259ki ya\u015fay\u0131\u015f m\u0259nt\u0259q\u0259l\u0259rinin b\u0259rpas\u0131 il\u0259 ba\u011fl\u0131 \u0259razi planla\u015fd\u0131r\u0131lmas\u0131 i\u015fl\u0259rinin daha s\u0259m\u0259r\u0259li t\u0259\u015fkili m\u0259qs\u0259dil\u0259 Nazirl\u0259r Kabinetinin qar\u015f\u0131s\u0131nda tap\u015f\u0131r\u0131qlar qoyulur.<\/p>\n<p>Bel\u0259 ki, Nazirl\u0259r Kabineti \u201cM\u00fcf\u0259ss\u0259l plan olmad\u0131\u011f\u0131 v\u0259 ya onun m\u00fcdd\u0259ti bitdiyi hallarda tikintiy\u0259 icaz\u0259 verilm\u0259si v\u0259 ya m\u0259lumatland\u0131rma icraat\u0131 m\u0259qs\u0259dl\u0259ri \u00fc\u00e7\u00fcn tikinti layih\u0259l\u0259rinin onlar\u0131n h\u0259yata ke\u00e7iril\u0259c\u0259kl\u0259ri \u0259razinin planla\u015fd\u0131r\u0131lmas\u0131 s\u0259n\u0259dl\u0259rin\u0259 (ba\u015f planlara v\u0259 (v\u0259 ya) \u00fcmumi planlara), habel\u0259 m\u00fcf\u0259ss\u0259l plan\u0131n haz\u0131rlanmas\u0131 zaman\u0131 n\u0259z\u0259r\u0259 al\u0131nan t\u0259l\u0259bl\u0259r\u0259 uy\u011funlu\u011funun m\u00fc\u0259yy\u0259nl\u0259\u015fdirilm\u0259si Qaydalar\u0131\u201dnda bir ay m\u00fcdd\u0259tind\u0259 d\u0259yi\u015fiklikl\u0259r etm\u0259lidir.<\/p>\n","protected":false},"excerpt":{"rendered":"<p>Nazirl\u0259r Kabinetin\u0259 i\u015f\u011faldan azad edilmi\u015f \u0259razil\u0259rl\u0259 ba\u011fl\u0131 tap\u015f\u0131r\u0131qlar verilib. Bu bar\u0259d\u0259 Prezident \u0130lham \u018fliyev m\u00fcvafiq s\u0259r\u0259ncam\u00a0imzalay\u0131b. S\u0259r\u0259ncamla i\u015f\u011faldan azad edilmi\u015f k\u0259nd \u0259razil\u0259rind\u0259ki ya\u015fay\u0131\u015f m\u0259nt\u0259q\u0259l\u0259rinin b\u0259rpas\u0131 il\u0259 ba\u011fl\u0131 \u0259razi planla\u015fd\u0131r\u0131lmas\u0131 i\u015fl\u0259rinin daha s\u0259m\u0259r\u0259li t\u0259\u015fkili m\u0259qs\u0259dil\u0259 Nazirl\u0259r Kabinetinin qar\u015f\u0131s\u0131nda tap\u015f\u0131r\u0131qlar qoyulur. Bel\u0259 ki, Nazirl\u0259r Kabineti \u201cM\u00fcf\u0259ss\u0259l plan olmad\u0131\u011f\u0131 v\u0259 ya onun m\u00fcdd\u0259ti bitdiyi hallarda tikintiy\u0259 icaz\u0259 verilm\u0259si [&hellip;]<\/p>\n","protected":false},"author":2,"featured_media":0,"comment_status":"closed","ping_status":"closed","sticky":false,"template":"","format":"standard","meta":{"footnotes":""},"categories":[2],"tags":[],"class_list":["post-9571","post","type-post","status-publish","format-standard","hentry","category-trend"],"yoast_head":"<!-- This site is optimized with the Yoast SEO plugin v28.2 - https:\/\/yoast.com\/product\/yoast-seo-wordpress\/ -->\n<title>Prezidentd\u0259n \u0130\u015f\u011faldan azad edilmi\u015f \u0259razil\u0259rl\u0259 ba\u011fl\u0131 S\u018fR\u018fNCAM - \u0130CT\u0130MA\u0130.AZ<\/title>\n<meta name=\"robots\" content=\"index, follow, max-snippet:-1, max-image-preview:large, max-video-preview:-1\" \/>\n<link rel=\"canonical\" href=\"https:\/\/ictimai.az\/?p=9571\" \/>\n<meta property=\"og:locale\" content=\"az_AZ\" \/>\n<meta property=\"og:type\" content=\"article\" \/>\n<meta property=\"og:title\" content=\"Prezidentd\u0259n \u0130\u015f\u011faldan azad edilmi\u015f \u0259razil\u0259rl\u0259 ba\u011fl\u0131 S\u018fR\u018fNCAM - \u0130CT\u0130MA\u0130.AZ\" \/>\n<meta property=\"og:description\" content=\"Nazirl\u0259r Kabinetin\u0259 i\u015f\u011faldan azad edilmi\u015f \u0259razil\u0259rl\u0259 ba\u011fl\u0131 tap\u015f\u0131r\u0131qlar verilib. Bu bar\u0259d\u0259 Prezident \u0130lham \u018fliyev m\u00fcvafiq s\u0259r\u0259ncam\u00a0imzalay\u0131b. S\u0259r\u0259ncamla i\u015f\u011faldan azad edilmi\u015f k\u0259nd \u0259razil\u0259rind\u0259ki ya\u015fay\u0131\u015f m\u0259nt\u0259q\u0259l\u0259rinin b\u0259rpas\u0131 il\u0259 ba\u011fl\u0131 \u0259razi planla\u015fd\u0131r\u0131lmas\u0131 i\u015fl\u0259rinin daha s\u0259m\u0259r\u0259li t\u0259\u015fkili m\u0259qs\u0259dil\u0259 Nazirl\u0259r Kabinetinin qar\u015f\u0131s\u0131nda tap\u015f\u0131r\u0131qlar qoyulur. Bel\u0259 ki, Nazirl\u0259r Kabineti \u201cM\u00fcf\u0259ss\u0259l plan olmad\u0131\u011f\u0131 v\u0259 ya onun m\u00fcdd\u0259ti bitdiyi hallarda tikintiy\u0259 icaz\u0259 verilm\u0259si [&hellip;]\" \/>\n<meta property=\"og:url\" content=\"https:\/\/ictimai.az\/?p=9571\" \/>\n<meta property=\"og:site_name\" content=\"\u0130CT\u0130MA\u0130.AZ\" \/>\n<meta property=\"article:published_time\" content=\"2021-02-16T13:08:34+00:00\" \/>\n<meta property=\"article:modified_time\" content=\"2021-02-17T05:42:13+00:00\" \/>\n<meta name=\"author\" content=\"R\u0259\u015fad Bayramov\" \/>\n<meta name=\"twitter:card\" content=\"summary_large_image\" \/>\n<meta name=\"twitter:label1\" content=\"Written by\" \/>\n\t<meta name=\"twitter:data1\" content=\"R\u0259\u015fad Bayramov\" \/>\n\t<meta name=\"twitter:label2\" content=\"Est. reading time\" \/>\n\t<meta name=\"twitter:data2\" content=\"1 minute\" \/>\n<script type=\"application\/ld+json\" class=\"yoast-schema-graph\">{\"@context\":\"https:\\\/\\\/schema.org\",\"@graph\":[{\"@type\":\"Article\",\"@id\":\"https:\\\/\\\/ictimai.az\\\/?p=9571#article\",\"isPartOf\":{\"@id\":\"https:\\\/\\\/ictimai.az\\\/?p=9571\"},\"author\":{\"name\":\"R\u0259\u015fad Bayramov\",\"@id\":\"https:\\\/\\\/ictimai.az\\\/#\\\/schema\\\/person\\\/1da94bf2c7ab5d83ad349237bec1e6af\"},\"headline\":\"Prezidentd\u0259n \u0130\u015f\u011faldan azad edilmi\u015f \u0259razil\u0259rl\u0259 ba\u011fl\u0131 S\u018fR\u018fNCAM\",\"datePublished\":\"2021-02-16T13:08:34+00:00\",\"dateModified\":\"2021-02-17T05:42:13+00:00\",\"mainEntityOfPage\":{\"@id\":\"https:\\\/\\\/ictimai.az\\\/?p=9571\"},\"wordCount\":195,\"publisher\":{\"@id\":\"https:\\\/\\\/ictimai.az\\\/#organization\"},\"articleSection\":[\"G\u00fcnd\u0259m\"],\"inLanguage\":\"az\"},{\"@type\":\"WebPage\",\"@id\":\"https:\\\/\\\/ictimai.az\\\/?p=9571\",\"url\":\"https:\\\/\\\/ictimai.az\\\/?p=9571\",\"name\":\"Prezidentd\u0259n \u0130\u015f\u011faldan azad edilmi\u015f \u0259razil\u0259rl\u0259 ba\u011fl\u0131 S\u018fR\u018fNCAM - \u0130CT\u0130MA\u0130.AZ\",\"isPartOf\":{\"@id\":\"https:\\\/\\\/ictimai.az\\\/#website\"},\"datePublished\":\"2021-02-16T13:08:34+00:00\",\"dateModified\":\"2021-02-17T05:42:13+00:00\",\"breadcrumb\":{\"@id\":\"https:\\\/\\\/ictimai.az\\\/?p=9571#breadcrumb\"},\"inLanguage\":\"az\",\"potentialAction\":[{\"@type\":\"ReadAction\",\"target\":[\"https:\\\/\\\/ictimai.az\\\/?p=9571\"]}]},{\"@type\":\"BreadcrumbList\",\"@id\":\"https:\\\/\\\/ictimai.az\\\/?p=9571#breadcrumb\",\"itemListElement\":[{\"@type\":\"ListItem\",\"position\":1,\"name\":\"Home\",\"item\":\"https:\\\/\\\/ictimai.az\\\/\"},{\"@type\":\"ListItem\",\"position\":2,\"name\":\"Prezidentd\u0259n \u0130\u015f\u011faldan azad edilmi\u015f \u0259razil\u0259rl\u0259 ba\u011fl\u0131 S\u018fR\u018fNCAM\"}]},{\"@type\":\"WebSite\",\"@id\":\"https:\\\/\\\/ictimai.az\\\/#website\",\"url\":\"https:\\\/\\\/ictimai.az\\\/\",\"name\":\"\u0130CT\u0130MA\u0130.AZ\",\"description\":\"\",\"publisher\":{\"@id\":\"https:\\\/\\\/ictimai.az\\\/#organization\"},\"potentialAction\":[{\"@type\":\"SearchAction\",\"target\":{\"@type\":\"EntryPoint\",\"urlTemplate\":\"https:\\\/\\\/ictimai.az\\\/?s={search_term_string}\"},\"query-input\":{\"@type\":\"PropertyValueSpecification\",\"valueRequired\":true,\"valueName\":\"search_term_string\"}}],\"inLanguage\":\"az\"},{\"@type\":\"Organization\",\"@id\":\"https:\\\/\\\/ictimai.az\\\/#organization\",\"name\":\"\u0130CT\u0130MA\u0130.AZ\",\"url\":\"https:\\\/\\\/ictimai.az\\\/\",\"logo\":{\"@type\":\"ImageObject\",\"inLanguage\":\"az\",\"@id\":\"https:\\\/\\\/ictimai.az\\\/#\\\/schema\\\/logo\\\/image\\\/\",\"url\":\"https:\\\/\\\/ictimai.az\\\/core\\\/uploads\\\/2026\\\/06\\\/cropped-ictimai_0380d81099c6fe3baae753faceb5481f_p41rg2mzq0uyvextfh3k-768x768-1-3.png\",\"contentUrl\":\"https:\\\/\\\/ictimai.az\\\/core\\\/uploads\\\/2026\\\/06\\\/cropped-ictimai_0380d81099c6fe3baae753faceb5481f_p41rg2mzq0uyvextfh3k-768x768-1-3.png\",\"width\":768,\"height\":768,\"caption\":\"\u0130CT\u0130MA\u0130.AZ\"},\"image\":{\"@id\":\"https:\\\/\\\/ictimai.az\\\/#\\\/schema\\\/logo\\\/image\\\/\"}},{\"@type\":\"Person\",\"@id\":\"https:\\\/\\\/ictimai.az\\\/#\\\/schema\\\/person\\\/1da94bf2c7ab5d83ad349237bec1e6af\",\"name\":\"R\u0259\u015fad Bayramov\",\"image\":{\"@type\":\"ImageObject\",\"inLanguage\":\"az\",\"@id\":\"https:\\\/\\\/secure.gravatar.com\\\/avatar\\\/83c075605ba0a4d35d59726aaad89cfa8008d1f01603342c56f1dd79784491bc?s=96&d=mm&r=g\",\"url\":\"https:\\\/\\\/secure.gravatar.com\\\/avatar\\\/83c075605ba0a4d35d59726aaad89cfa8008d1f01603342c56f1dd79784491bc?s=96&d=mm&r=g\",\"contentUrl\":\"https:\\\/\\\/secure.gravatar.com\\\/avatar\\\/83c075605ba0a4d35d59726aaad89cfa8008d1f01603342c56f1dd79784491bc?s=96&d=mm&r=g\",\"caption\":\"R\u0259\u015fad Bayramov\"},\"sameAs\":[\"https:\\\/\\\/ictimai.az\\\/\"],\"url\":\"https:\\\/\\\/ictimai.az\\\/?author=2\"}]}<\/script>\n<!-- \/ Yoast SEO plugin. -->","yoast_head_json":{"title":"Prezidentd\u0259n \u0130\u015f\u011faldan azad edilmi\u015f \u0259razil\u0259rl\u0259 ba\u011fl\u0131 S\u018fR\u018fNCAM - \u0130CT\u0130MA\u0130.AZ","robots":{"index":"index","follow":"follow","max-snippet":"max-snippet:-1","max-image-preview":"max-image-preview:large","max-video-preview":"max-video-preview:-1"},"canonical":"https:\/\/ictimai.az\/?p=9571","og_locale":"az_AZ","og_type":"article","og_title":"Prezidentd\u0259n \u0130\u015f\u011faldan azad edilmi\u015f \u0259razil\u0259rl\u0259 ba\u011fl\u0131 S\u018fR\u018fNCAM - \u0130CT\u0130MA\u0130.AZ","og_description":"Nazirl\u0259r Kabinetin\u0259 i\u015f\u011faldan azad edilmi\u015f \u0259razil\u0259rl\u0259 ba\u011fl\u0131 tap\u015f\u0131r\u0131qlar verilib. Bu bar\u0259d\u0259 Prezident \u0130lham \u018fliyev m\u00fcvafiq s\u0259r\u0259ncam\u00a0imzalay\u0131b. S\u0259r\u0259ncamla i\u015f\u011faldan azad edilmi\u015f k\u0259nd \u0259razil\u0259rind\u0259ki ya\u015fay\u0131\u015f m\u0259nt\u0259q\u0259l\u0259rinin b\u0259rpas\u0131 il\u0259 ba\u011fl\u0131 \u0259razi planla\u015fd\u0131r\u0131lmas\u0131 i\u015fl\u0259rinin daha s\u0259m\u0259r\u0259li t\u0259\u015fkili m\u0259qs\u0259dil\u0259 Nazirl\u0259r Kabinetinin qar\u015f\u0131s\u0131nda tap\u015f\u0131r\u0131qlar qoyulur. Bel\u0259 ki, Nazirl\u0259r Kabineti \u201cM\u00fcf\u0259ss\u0259l plan olmad\u0131\u011f\u0131 v\u0259 ya onun m\u00fcdd\u0259ti bitdiyi hallarda tikintiy\u0259 icaz\u0259 verilm\u0259si [&hellip;]","og_url":"https:\/\/ictimai.az\/?p=9571","og_site_name":"\u0130CT\u0130MA\u0130.AZ","article_published_time":"2021-02-16T13:08:34+00:00","article_modified_time":"2021-02-17T05:42:13+00:00","author":"R\u0259\u015fad Bayramov","twitter_card":"summary_large_image","twitter_misc":{"Written by":"R\u0259\u015fad Bayramov","Est. reading time":"1 minute"},"schema":{"@context":"https:\/\/schema.org","@graph":[{"@type":"Article","@id":"https:\/\/ictimai.az\/?p=9571#article","isPartOf":{"@id":"https:\/\/ictimai.az\/?p=9571"},"author":{"name":"R\u0259\u015fad Bayramov","@id":"https:\/\/ictimai.az\/#\/schema\/person\/1da94bf2c7ab5d83ad349237bec1e6af"},"headline":"Prezidentd\u0259n \u0130\u015f\u011faldan azad edilmi\u015f \u0259razil\u0259rl\u0259 ba\u011fl\u0131 S\u018fR\u018fNCAM","datePublished":"2021-02-16T13:08:34+00:00","dateModified":"2021-02-17T05:42:13+00:00","mainEntityOfPage":{"@id":"https:\/\/ictimai.az\/?p=9571"},"wordCount":195,"publisher":{"@id":"https:\/\/ictimai.az\/#organization"},"articleSection":["G\u00fcnd\u0259m"],"inLanguage":"az"},{"@type":"WebPage","@id":"https:\/\/ictimai.az\/?p=9571","url":"https:\/\/ictimai.az\/?p=9571","name":"Prezidentd\u0259n \u0130\u015f\u011faldan azad edilmi\u015f \u0259razil\u0259rl\u0259 ba\u011fl\u0131 S\u018fR\u018fNCAM - \u0130CT\u0130MA\u0130.AZ","isPartOf":{"@id":"https:\/\/ictimai.az\/#website"},"datePublished":"2021-02-16T13:08:34+00:00","dateModified":"2021-02-17T05:42:13+00:00","breadcrumb":{"@id":"https:\/\/ictimai.az\/?p=9571#breadcrumb"},"inLanguage":"az","potentialAction":[{"@type":"ReadAction","target":["https:\/\/ictimai.az\/?p=9571"]}]},{"@type":"BreadcrumbList","@id":"https:\/\/ictimai.az\/?p=9571#breadcrumb","itemListElement":[{"@type":"ListItem","position":1,"name":"Home","item":"https:\/\/ictimai.az\/"},{"@type":"ListItem","position":2,"name":"Prezidentd\u0259n \u0130\u015f\u011faldan azad edilmi\u015f \u0259razil\u0259rl\u0259 ba\u011fl\u0131 S\u018fR\u018fNCAM"}]},{"@type":"WebSite","@id":"https:\/\/ictimai.az\/#website","url":"https:\/\/ictimai.az\/","name":"\u0130CT\u0130MA\u0130.AZ","description":"","publisher":{"@id":"https:\/\/ictimai.az\/#organization"},"potentialAction":[{"@type":"SearchAction","target":{"@type":"EntryPoint","urlTemplate":"https:\/\/ictimai.az\/?s={search_term_string}"},"query-input":{"@type":"PropertyValueSpecification","valueRequired":true,"valueName":"search_term_string"}}],"inLanguage":"az"},{"@type":"Organization","@id":"https:\/\/ictimai.az\/#organization","name":"\u0130CT\u0130MA\u0130.AZ","url":"https:\/\/ictimai.az\/","logo":{"@type":"ImageObject","inLanguage":"az","@id":"https:\/\/ictimai.az\/#\/schema\/logo\/image\/","url":"https:\/\/ictimai.az\/core\/uploads\/2026\/06\/cropped-ictimai_0380d81099c6fe3baae753faceb5481f_p41rg2mzq0uyvextfh3k-768x768-1-3.png","contentUrl":"https:\/\/ictimai.az\/core\/uploads\/2026\/06\/cropped-ictimai_0380d81099c6fe3baae753faceb5481f_p41rg2mzq0uyvextfh3k-768x768-1-3.png","width":768,"height":768,"caption":"\u0130CT\u0130MA\u0130.AZ"},"image":{"@id":"https:\/\/ictimai.az\/#\/schema\/logo\/image\/"}},{"@type":"Person","@id":"https:\/\/ictimai.az\/#\/schema\/person\/1da94bf2c7ab5d83ad349237bec1e6af","name":"R\u0259\u015fad Bayramov","image":{"@type":"ImageObject","inLanguage":"az","@id":"https:\/\/secure.gravatar.com\/avatar\/83c075605ba0a4d35d59726aaad89cfa8008d1f01603342c56f1dd79784491bc?s=96&d=mm&r=g","url":"https:\/\/secure.gravatar.com\/avatar\/83c075605ba0a4d35d59726aaad89cfa8008d1f01603342c56f1dd79784491bc?s=96&d=mm&r=g","contentUrl":"https:\/\/secure.gravatar.com\/avatar\/83c075605ba0a4d35d59726aaad89cfa8008d1f01603342c56f1dd79784491bc?s=96&d=mm&r=g","caption":"R\u0259\u015fad Bayramov"},"sameAs":["https:\/\/ictimai.az\/"],"url":"https:\/\/ictimai.az\/?author=2"}]}},"_links":{"self":[{"href":"https:\/\/ictimai.az\/index.php?rest_route=\/wp\/v2\/posts\/9571","targetHints":{"allow":["GET"]}}],"collection":[{"href":"https:\/\/ictimai.az\/index.php?rest_route=\/wp\/v2\/posts"}],"about":[{"href":"https:\/\/ictimai.az\/index.php?rest_route=\/wp\/v2\/types\/post"}],"author":[{"embeddable":true,"href":"https:\/\/ictimai.az\/index.php?rest_route=\/wp\/v2\/users\/2"}],"replies":[{"embeddable":true,"href":"https:\/\/ictimai.az\/index.php?rest_route=%2Fwp%2Fv2%2Fcomments&post=9571"}],"version-history":[{"count":0,"href":"https:\/\/ictimai.az\/index.php?rest_route=\/wp\/v2\/posts\/9571\/revisions"}],"wp:attachment":[{"href":"https:\/\/ictimai.az\/index.php?rest_route=%2Fwp%2Fv2%2Fmedia&parent=9571"}],"wp:term":[{"taxonomy":"category","embeddable":true,"href":"https:\/\/ictimai.az\/index.php?rest_route=%2Fwp%2Fv2%2Fcategories&post=9571"},{"taxonomy":"post_tag","embeddable":true,"href":"https:\/\/ictimai.az\/index.php?rest_route=%2Fwp%2Fv2%2Ftags&post=9571"}],"curies":[{"name":"wp","href":"https:\/\/api.w.org\/{rel}","templated":true}]}}