{"id":9795,"date":"2021-02-26T13:02:35","date_gmt":"2021-02-26T09:02:35","guid":{"rendered":"https:\/\/ictimai.az\/?p=9795"},"modified":"2021-02-28T22:43:41","modified_gmt":"2021-02-28T18:43:41","slug":"26-fevral-xocali-soyqiriminin-29-cu-ildonumu-qeyd-edilib","status":"publish","type":"post","link":"https:\/\/ictimai.az\/?p=9795","title":{"rendered":"26 fevral &#8211; Xocal\u0131 soyq\u0131r\u0131m\u0131n\u0131n 29-cu ild\u00f6n\u00fcm\u00fc qeyd edilib"},"content":{"rendered":"<p>26 fevral 2021-ci il tarixd\u0259 N\u0259rimanov Rayon G\u0259ncl\u0259r v\u0259 \u0130dman \u0130dar\u0259sinin, Az\u0259rbaycan Respublikas\u0131 Milli Q\u0259hr\u0259manlar\u0131 Tan\u0131tma \u0130ctimai Birliyinin N\u0259rimanov n\u00fcmay\u0259nd\u0259liyinin v\u0259 X\u0131z\u0131 rayon Yeni Az\u0259rbaycan Partiyas\u0131 G\u0259ncl\u0259r Birliyinin birg\u0259 t\u0259\u015fkilat\u00e7\u0131l\u0131\u011f\u0131 il\u0259 26 fevral &#8211; Xocal\u0131 soyq\u0131r\u0131m\u0131n\u0131n 29-cu ild\u00f6n\u00fcm\u00fcn\u0259 h\u0259sr olunmu\u015f \u201cXocal\u0131 soyq\u0131r\u0131m\u0131n\u0131 unutma\u201d adl\u0131 onlayn an\u0131m t\u0259dbiri ke\u00e7irilib.<\/p>\n<p>T\u0259dbird\u0259 N\u0259rimanov Rayon G\u0259ncl\u0259r v\u0259 \u0130dman \u0130dar\u0259sinin r\u0259isi N\u0259c\u0259f Novruzov, Az\u0259rbaycan Respublikasi Milli Q\u0259hr\u0259manlar\u0131 Tanitma \u0130ctimai Birliyinin N\u0259rimanov n\u00fcmay\u0259nd\u0259liyinin s\u0259dri \u018fdh\u0259m M\u0259mm\u0259dov, X\u0131z\u0131 rayon Yeni Az\u0259rbaycan Partiyas\u0131 G\u0259ncl\u0259r Birliyinin s\u0259dri \u0130man A\u011fayev, Az\u0259rbaycan D\u00f6vl\u0259t M\u0259d\u0259niyy\u0259t v\u0259 \u0130nc\u0259s\u0259n\u0259t Universitetinin n\u0259zdind\u0259 Humanitar Kollecin m\u00fc\u0259llimi, tarix\u00e7i Rasim Rzaxanov, Boccia \u0130dman Federasiyas\u0131n\u0131n ictimaiyy\u0259tl\u0259 \u0259laq\u0259l\u0259r \u015f\u00f6b\u0259sinin r\u0259hb\u0259ri \u00dcmid\u0259 R\u0259himova, Bak\u0131 D\u00f6vl\u0259t Universiteti M\u0259d\u0259niyy\u0259t Yarad\u0131c\u0131l\u0131q M\u0259rk\u0259zinin solisti v\u0259 \u201cAz\u0259rbaycan M\u0259d\u0259niyy\u0259ti&#8221; sosial platformas\u0131n\u0131n koordinatoru R\u0259qsan\u0259 \u018fs\u0259dova, G\u0259d\u0259b\u0259y rayon Yeni Az\u0259rbaycan Partiyas\u0131 G\u0259ncl\u0259r Birliyinin s\u0259dri Anar M\u0259mm\u0259dov, \u015e\u0259hid Rafiq \u0130smay\u0131lov ad\u0131na X\u0131z\u0131 \u015f\u0259h\u0259r tam orta m\u0259kt\u0259bin direktoru Fazil M\u0259mm\u0259dov, f\u0259al g\u0259ncl\u0259r i\u015ftirak etmi\u015fl\u0259r.<\/p>\n<p>T\u0259dbiri giri\u015f s\u00f6z\u00fc il\u0259 a\u00e7an N\u0259rimanov Rayon G\u0259ncl\u0259r v\u0259 \u0130dman \u0130dar\u0259sinin r\u0259isi N\u0259c\u0259f Novruzov bildirdi ki, o gec\u0259 m\u00fchasir\u0259y\u0259 al\u0131nan Xocal\u0131da qalm\u0131\u015f t\u0259qrib\u0259n 2500 n\u0259f\u0259r xocal\u0131l\u0131 A\u011fdam rayonunun m\u0259rk\u0259zin\u0259 \u00e7atmaq \u00fcmidi il\u0259 \u015f\u0259h\u0259ri t\u0259rk etdi. Amma bir g\u00fcn\u00fcn i\u00e7ind\u0259 yer \u00fcz\u00fcnd\u0259n silin\u0259n \u015f\u0259h\u0259ri t\u0259rk ed\u0259n 2500 Xocal\u0131 sakinind\u0259n 613 d\u00fc\u015fm\u0259n g\u00fcll\u0259sin\u0259 tu\u015f g\u0259lib q\u0259tliam\u0131n qurban\u0131 oldu. Bu soyq\u0131r\u0131m n\u0259tic\u0259sind\u0259 63 u\u015faq, 106 qad\u0131n, 70 qoca v\u0259 qar\u0131 olmaqla \u2013 613 n\u0259f\u0259r Xocal\u0131 sakini q\u0259tl\u0259 yetirildi, 8 ail\u0259 tamamil\u0259 m\u0259hv edildi, 25 u\u015faq h\u0259r iki valideynini, 130 u\u015faq valideynl\u0259rind\u0259n birini itirdi. D\u00fc\u015fm\u0259n g\u00fcll\u0259sin\u0259 tu\u015f g\u0259lib yaralanan 487 n\u0259f\u0259rd\u0259n 76-s\u0131 u\u015faq idi. 1275 xocal\u0131l\u0131 \u0259sir, 150 xocal\u0131l\u0131 itkin d\u00fc\u015fd\u00fc. Az\u0259rbaycan\u0131n \u00dcmummilli Lideri Heyd\u0259r \u018fliyev Xocal\u0131 soyq\u0131r\u0131m\u0131n\u0131n 10-cu ild\u00f6n\u00fcm\u00fc m\u00fcnasib\u0259til\u0259 Az\u0259rbaycan xalq\u0131na m\u00fcraci\u0259tind\u0259 qeyd etmi\u015fdir: &#8220;Bu amans\u0131z v\u0259 q\u0259ddar soyq\u0131r\u0131m akt\u0131 insanl\u0131q tarixin\u0259 \u0259n qorxulu k\u00fctl\u0259vi terror aktlar\u0131ndan biri kimi daxil oldu&#8221;. XX \u0259srin sonunda ba\u015f vermi\u015f bu faci\u0259 t\u0259kc\u0259 Az\u0259rbaycan xalq\u0131na deyil, b\u00fct\u00fcn insanl\u0131\u011fa, b\u0259\u015f\u0259riyy\u0259t\u0259 qar\u015f\u0131 y\u00f6n\u0259lmi\u015f \u0259n a\u011f\u0131r cinay\u0259tl\u0259rd\u0259n biridir. Bu il Xocal\u0131 soyq\u0131r\u0131m\u0131ndan 29 il \u00f6t\u00fcr. Bu faci\u0259nin d\u00fcnyada soyq\u0131r\u0131m kimi tan\u0131nmas\u0131nda v\u0259 haqq i\u015fimizin d\u00fcnya ictimaiyy\u0259tin\u0259 \u00e7atd\u0131r\u0131lmas\u0131nda b\u00fct\u00fcn Az\u0259rbaycan Respublikas\u0131 ictimai-siyasi birlikl\u0259r, ictimai t\u0259\u015fkilatlar, T\u00fcrk-Az\u0259rbaycan diaspor t\u0259\u015fkilatlar\u0131, tarix\u00e7il\u0259r, siyasi xadiml\u0259rl\u0259 yana\u015f\u0131 h\u0259r birimiz bu yolda \u00f6z m\u00fcbariz\u0259mizi yorulmadan davam etdirm\u0259liyik. Bu g\u00fcn b\u00f6y\u00fck q\u00fcrur hissi il\u0259 dey\u0259 bil\u0259rik ki, m\u00f6ht\u0259r\u0259m Prezidentimiz c\u0259nab \u0130lham \u018fliyevin q\u0259tiyy\u0259tli irad\u0259siyl\u0259 ba\u015flanm\u0131\u015f \u0130kinci Qaraba\u011f m\u00fcharib\u0259si Az\u0259rbaycan d\u00f6vl\u0259tinin inaml\u0131 q\u0259l\u0259b\u0259si il\u0259 ba\u015fa \u00e7atm\u0131\u015fd\u0131r. M\u00fcz\u0259ff\u0259r Ali Ba\u015f Komandan\u0131n r\u0259hb\u0259rliyi il\u0259 r\u0259\u015fad\u0259tli Az\u0259rbaycan Ordusu b\u00f6y\u00fck \u015f\u00fcca\u0259t v\u0259 y\u00fcks\u0259k d\u00f6y\u00fc\u015f haz\u0131rl\u0131\u011f\u0131 g\u00f6st\u0259r\u0259r\u0259k 44 g\u00fcnl\u00fck V\u0259t\u0259n m\u00fcharib\u0259sind\u0259 30 il\u0259 yax\u0131n i\u015f\u011fal alt\u0131nda olan torpaqlar\u0131m\u0131z\u0131 geri qaytard\u0131.<\/p>\n<p>Sonra Az\u0259rbaycan Respublikasi Milli Q\u0259hr\u0259manlar\u0131 Tanitma \u0130ctimai Birliyinin N\u0259rimanov n\u00fcmay\u0259ndiliyinin s\u0259dri \u018fdh\u0259m M\u0259mm\u0259dov, X\u0131z\u0131 rayon Yeni Az\u0259rbaycan Partiyas\u0131 G\u0259ncl\u0259r Birliyinin s\u0259dri \u0130man A\u011fayev, Az\u0259rbaycan D\u00f6vl\u0259t M\u0259d\u0259niyy\u0259t v\u0259 \u0130nc\u0259s\u0259n\u0259t Universitetinin n\u0259zdind\u0259 Humanitar Kollecin m\u00fc\u0259llimi, tarix\u00e7i Rasim Rzaxanov, Boccia \u0130dman Federasiyas\u0131n\u0131n ictimaiyy\u0259tl\u0259 \u0259laq\u0259l\u0259r \u015f\u00f6b\u0259sinin r\u0259hb\u0259ri \u00dcmid\u0259 R\u0259himova, Bak\u0131 D\u00f6vl\u0259t Universiteti M\u0259d\u0259niyy\u0259t Yarad\u0131c\u0131l\u0131q M\u0259rk\u0259zinin solisti v\u0259 \u201cAz\u0259rbaycan M\u0259d\u0259niyy\u0259ti&#8221; sosial platformas\u0131n\u0131n koordinatoru R\u0259qsan\u0259 \u018fs\u0259dova, G\u0259d\u0259b\u0259y rayon Yeni Az\u0259rbaycan Partiyas\u0131 G\u0259ncl\u0259r Birliyinin s\u0259dri Anar M\u0259mm\u0259dov, \u015e\u0259hid Rafiq \u0130smay\u0131lov ad\u0131na X\u0131z\u0131 \u015f\u0259h\u0259r tam orta m\u0259kt\u0259bin direktoru Fazil M\u0259mm\u0259dov \u00e7\u0131x\u0131\u015f ed\u0259r\u0259k qeyd etmi\u015fl\u0259r ki, Xocal\u0131 soyq\u0131r\u0131m\u0131 Az\u0259rbaycan tarixin\u0259 \u0259n d\u0259h\u015f\u0259tli v\u0259 faci\u0259li hadis\u0259l\u0259rd\u0259n biri kimi daxil olmu\u015fdur. Az\u0259rbaycan xalq\u0131 ill\u0259r \u0259rzind\u0259 erm\u0259ni mill\u0259t\u00e7i-\u015fovinistl\u0259rinin davaml\u0131 olaraq etnik t\u0259mizl\u0259m\u0259, soyq\u0131r\u0131m siyas\u0259tin\u0259 m\u0259ruz qalm\u0131\u015f, tarixi torpaqlar\u0131ndan qovulmu\u015f, qa\u00e7q\u0131na, m\u0259cburi k\u00f6\u00e7k\u00fcn\u0259 \u00e7evrilmi\u015f v\u0259 b\u00fct\u00fcn bunlar erm\u0259nil\u0259r t\u0259r\u0259find\u0259n k\u00fctl\u0259vi q\u0131r\u011f\u0131nlarla m\u00fc\u015fay\u0259t olunmu\u015fdur. 2020-ci ilin tarixi q\u0259l\u0259b\u0259ni qazanan ordumuz bu q\u0259tliam\u0131n g\u00fcnahs\u0131z qurbanlar\u0131n\u0131n qisas\u0131n\u0131 ald\u0131. Xocal\u0131da, el\u0259c\u0259 d\u0259 Qaraba\u011f u\u011frunda h\u0259lak olan b\u00fct\u00fcn \u015f\u0259hidl\u0259rimizin ruhu \u0259b\u0259di rahatl\u0131\u011fa qovu\u015fdu.<br \/>\nSonda \u015e\u0259hid Rafiq \u0130smay\u0131lov ad\u0131na X\u0131z\u0131 \u015f\u0259h\u0259r tam orta m\u0259kt\u0259bi \u015fagirdl\u0259ri do\u011fma V\u0259t\u0259n\u0259, torpa\u011fa, q\u0259hr\u0259manl\u0131\u011fa h\u0259sr olunmu\u015f kompozisiya il\u0259 \u00e7\u0131x\u0131\u015f etmi\u015fl\u0259r.<\/p>\n","protected":false},"excerpt":{"rendered":"<p>26 fevral 2021-ci il tarixd\u0259 N\u0259rimanov Rayon G\u0259ncl\u0259r v\u0259 \u0130dman \u0130dar\u0259sinin, Az\u0259rbaycan Respublikas\u0131 Milli Q\u0259hr\u0259manlar\u0131 Tan\u0131tma \u0130ctimai Birliyinin N\u0259rimanov n\u00fcmay\u0259nd\u0259liyinin v\u0259 X\u0131z\u0131 rayon Yeni Az\u0259rbaycan Partiyas\u0131 G\u0259ncl\u0259r Birliyinin birg\u0259 t\u0259\u015fkilat\u00e7\u0131l\u0131\u011f\u0131 il\u0259 26 fevral &#8211; Xocal\u0131 soyq\u0131r\u0131m\u0131n\u0131n 29-cu ild\u00f6n\u00fcm\u00fcn\u0259 h\u0259sr olunmu\u015f \u201cXocal\u0131 soyq\u0131r\u0131m\u0131n\u0131 unutma\u201d adl\u0131 onlayn an\u0131m t\u0259dbiri ke\u00e7irilib. T\u0259dbird\u0259 N\u0259rimanov Rayon G\u0259ncl\u0259r v\u0259 \u0130dman \u0130dar\u0259sinin [&hellip;]<\/p>\n","protected":false},"author":2,"featured_media":9796,"comment_status":"closed","ping_status":"closed","sticky":false,"template":"","format":"standard","meta":{"footnotes":""},"categories":[2],"tags":[],"class_list":["post-9795","post","type-post","status-publish","format-standard","has-post-thumbnail","hentry","category-trend"],"yoast_head":"<!-- This site is optimized with the Yoast SEO plugin v28.2 - https:\/\/yoast.com\/product\/yoast-seo-wordpress\/ -->\n<title>26 fevral - Xocal\u0131 soyq\u0131r\u0131m\u0131n\u0131n 29-cu ild\u00f6n\u00fcm\u00fc qeyd edilib - \u0130CT\u0130MA\u0130.AZ<\/title>\n<meta name=\"robots\" content=\"index, follow, max-snippet:-1, max-image-preview:large, max-video-preview:-1\" \/>\n<link rel=\"canonical\" href=\"https:\/\/ictimai.az\/?p=9795\" \/>\n<meta property=\"og:locale\" content=\"az_AZ\" \/>\n<meta property=\"og:type\" content=\"article\" \/>\n<meta property=\"og:title\" content=\"26 fevral - Xocal\u0131 soyq\u0131r\u0131m\u0131n\u0131n 29-cu ild\u00f6n\u00fcm\u00fc qeyd edilib - \u0130CT\u0130MA\u0130.AZ\" \/>\n<meta property=\"og:description\" content=\"26 fevral 2021-ci il tarixd\u0259 N\u0259rimanov Rayon G\u0259ncl\u0259r v\u0259 \u0130dman \u0130dar\u0259sinin, Az\u0259rbaycan Respublikas\u0131 Milli Q\u0259hr\u0259manlar\u0131 Tan\u0131tma \u0130ctimai Birliyinin N\u0259rimanov n\u00fcmay\u0259nd\u0259liyinin v\u0259 X\u0131z\u0131 rayon Yeni Az\u0259rbaycan Partiyas\u0131 G\u0259ncl\u0259r Birliyinin birg\u0259 t\u0259\u015fkilat\u00e7\u0131l\u0131\u011f\u0131 il\u0259 26 fevral &#8211; Xocal\u0131 soyq\u0131r\u0131m\u0131n\u0131n 29-cu ild\u00f6n\u00fcm\u00fcn\u0259 h\u0259sr olunmu\u015f \u201cXocal\u0131 soyq\u0131r\u0131m\u0131n\u0131 unutma\u201d adl\u0131 onlayn an\u0131m t\u0259dbiri ke\u00e7irilib. T\u0259dbird\u0259 N\u0259rimanov Rayon G\u0259ncl\u0259r v\u0259 \u0130dman \u0130dar\u0259sinin [&hellip;]\" \/>\n<meta property=\"og:url\" content=\"https:\/\/ictimai.az\/?p=9795\" \/>\n<meta property=\"og:site_name\" content=\"\u0130CT\u0130MA\u0130.AZ\" \/>\n<meta property=\"article:published_time\" content=\"2021-02-26T09:02:35+00:00\" \/>\n<meta property=\"article:modified_time\" content=\"2021-02-28T18:43:41+00:00\" \/>\n<meta property=\"og:image\" content=\"https:\/\/ictimai.az\/core\/uploads\/2021\/02\/ictimai_afff1282f184998a17cde43cba5477a2_2810zryx4bqwt69onjcl.jpg\" \/>\n\t<meta property=\"og:image:width\" content=\"1080\" \/>\n\t<meta property=\"og:image:height\" content=\"771\" \/>\n\t<meta property=\"og:image:type\" content=\"image\/jpeg\" \/>\n<meta name=\"author\" content=\"R\u0259\u015fad Bayramov\" \/>\n<meta name=\"twitter:card\" content=\"summary_large_image\" \/>\n<meta name=\"twitter:label1\" content=\"Written by\" \/>\n\t<meta name=\"twitter:data1\" content=\"R\u0259\u015fad Bayramov\" \/>\n\t<meta name=\"twitter:label2\" content=\"Est. reading time\" \/>\n\t<meta name=\"twitter:data2\" content=\"5 minutes\" \/>\n<script type=\"application\/ld+json\" class=\"yoast-schema-graph\">{\"@context\":\"https:\\\/\\\/schema.org\",\"@graph\":[{\"@type\":\"Article\",\"@id\":\"https:\\\/\\\/ictimai.az\\\/?p=9795#article\",\"isPartOf\":{\"@id\":\"https:\\\/\\\/ictimai.az\\\/?p=9795\"},\"author\":{\"name\":\"R\u0259\u015fad Bayramov\",\"@id\":\"https:\\\/\\\/ictimai.az\\\/#\\\/schema\\\/person\\\/1da94bf2c7ab5d83ad349237bec1e6af\"},\"headline\":\"26 fevral &#8211; Xocal\u0131 soyq\u0131r\u0131m\u0131n\u0131n 29-cu ild\u00f6n\u00fcm\u00fc qeyd edilib\",\"datePublished\":\"2021-02-26T09:02:35+00:00\",\"dateModified\":\"2021-02-28T18:43:41+00:00\",\"mainEntityOfPage\":{\"@id\":\"https:\\\/\\\/ictimai.az\\\/?p=9795\"},\"wordCount\":1038,\"publisher\":{\"@id\":\"https:\\\/\\\/ictimai.az\\\/#organization\"},\"image\":{\"@id\":\"https:\\\/\\\/ictimai.az\\\/?p=9795#primaryimage\"},\"thumbnailUrl\":\"https:\\\/\\\/ictimai.az\\\/core\\\/uploads\\\/2021\\\/02\\\/ictimai_afff1282f184998a17cde43cba5477a2_2810zryx4bqwt69onjcl.jpg\",\"articleSection\":[\"G\u00fcnd\u0259m\"],\"inLanguage\":\"az\"},{\"@type\":\"WebPage\",\"@id\":\"https:\\\/\\\/ictimai.az\\\/?p=9795\",\"url\":\"https:\\\/\\\/ictimai.az\\\/?p=9795\",\"name\":\"26 fevral - Xocal\u0131 soyq\u0131r\u0131m\u0131n\u0131n 29-cu ild\u00f6n\u00fcm\u00fc qeyd edilib - \u0130CT\u0130MA\u0130.AZ\",\"isPartOf\":{\"@id\":\"https:\\\/\\\/ictimai.az\\\/#website\"},\"primaryImageOfPage\":{\"@id\":\"https:\\\/\\\/ictimai.az\\\/?p=9795#primaryimage\"},\"image\":{\"@id\":\"https:\\\/\\\/ictimai.az\\\/?p=9795#primaryimage\"},\"thumbnailUrl\":\"https:\\\/\\\/ictimai.az\\\/core\\\/uploads\\\/2021\\\/02\\\/ictimai_afff1282f184998a17cde43cba5477a2_2810zryx4bqwt69onjcl.jpg\",\"datePublished\":\"2021-02-26T09:02:35+00:00\",\"dateModified\":\"2021-02-28T18:43:41+00:00\",\"breadcrumb\":{\"@id\":\"https:\\\/\\\/ictimai.az\\\/?p=9795#breadcrumb\"},\"inLanguage\":\"az\",\"potentialAction\":[{\"@type\":\"ReadAction\",\"target\":[\"https:\\\/\\\/ictimai.az\\\/?p=9795\"]}]},{\"@type\":\"ImageObject\",\"inLanguage\":\"az\",\"@id\":\"https:\\\/\\\/ictimai.az\\\/?p=9795#primaryimage\",\"url\":\"https:\\\/\\\/ictimai.az\\\/core\\\/uploads\\\/2021\\\/02\\\/ictimai_afff1282f184998a17cde43cba5477a2_2810zryx4bqwt69onjcl.jpg\",\"contentUrl\":\"https:\\\/\\\/ictimai.az\\\/core\\\/uploads\\\/2021\\\/02\\\/ictimai_afff1282f184998a17cde43cba5477a2_2810zryx4bqwt69onjcl.jpg\",\"width\":1080,\"height\":771},{\"@type\":\"BreadcrumbList\",\"@id\":\"https:\\\/\\\/ictimai.az\\\/?p=9795#breadcrumb\",\"itemListElement\":[{\"@type\":\"ListItem\",\"position\":1,\"name\":\"Home\",\"item\":\"https:\\\/\\\/ictimai.az\\\/\"},{\"@type\":\"ListItem\",\"position\":2,\"name\":\"26 fevral &#8211; Xocal\u0131 soyq\u0131r\u0131m\u0131n\u0131n 29-cu ild\u00f6n\u00fcm\u00fc qeyd edilib\"}]},{\"@type\":\"WebSite\",\"@id\":\"https:\\\/\\\/ictimai.az\\\/#website\",\"url\":\"https:\\\/\\\/ictimai.az\\\/\",\"name\":\"\u0130CT\u0130MA\u0130.AZ\",\"description\":\"\",\"publisher\":{\"@id\":\"https:\\\/\\\/ictimai.az\\\/#organization\"},\"potentialAction\":[{\"@type\":\"SearchAction\",\"target\":{\"@type\":\"EntryPoint\",\"urlTemplate\":\"https:\\\/\\\/ictimai.az\\\/?s={search_term_string}\"},\"query-input\":{\"@type\":\"PropertyValueSpecification\",\"valueRequired\":true,\"valueName\":\"search_term_string\"}}],\"inLanguage\":\"az\"},{\"@type\":\"Organization\",\"@id\":\"https:\\\/\\\/ictimai.az\\\/#organization\",\"name\":\"\u0130CT\u0130MA\u0130.AZ\",\"url\":\"https:\\\/\\\/ictimai.az\\\/\",\"logo\":{\"@type\":\"ImageObject\",\"inLanguage\":\"az\",\"@id\":\"https:\\\/\\\/ictimai.az\\\/#\\\/schema\\\/logo\\\/image\\\/\",\"url\":\"https:\\\/\\\/ictimai.az\\\/core\\\/uploads\\\/2026\\\/06\\\/cropped-ictimai_0380d81099c6fe3baae753faceb5481f_p41rg2mzq0uyvextfh3k-768x768-1-3.png\",\"contentUrl\":\"https:\\\/\\\/ictimai.az\\\/core\\\/uploads\\\/2026\\\/06\\\/cropped-ictimai_0380d81099c6fe3baae753faceb5481f_p41rg2mzq0uyvextfh3k-768x768-1-3.png\",\"width\":768,\"height\":768,\"caption\":\"\u0130CT\u0130MA\u0130.AZ\"},\"image\":{\"@id\":\"https:\\\/\\\/ictimai.az\\\/#\\\/schema\\\/logo\\\/image\\\/\"}},{\"@type\":\"Person\",\"@id\":\"https:\\\/\\\/ictimai.az\\\/#\\\/schema\\\/person\\\/1da94bf2c7ab5d83ad349237bec1e6af\",\"name\":\"R\u0259\u015fad Bayramov\",\"image\":{\"@type\":\"ImageObject\",\"inLanguage\":\"az\",\"@id\":\"https:\\\/\\\/secure.gravatar.com\\\/avatar\\\/83c075605ba0a4d35d59726aaad89cfa8008d1f01603342c56f1dd79784491bc?s=96&d=mm&r=g\",\"url\":\"https:\\\/\\\/secure.gravatar.com\\\/avatar\\\/83c075605ba0a4d35d59726aaad89cfa8008d1f01603342c56f1dd79784491bc?s=96&d=mm&r=g\",\"contentUrl\":\"https:\\\/\\\/secure.gravatar.com\\\/avatar\\\/83c075605ba0a4d35d59726aaad89cfa8008d1f01603342c56f1dd79784491bc?s=96&d=mm&r=g\",\"caption\":\"R\u0259\u015fad Bayramov\"},\"sameAs\":[\"https:\\\/\\\/ictimai.az\\\/\"],\"url\":\"https:\\\/\\\/ictimai.az\\\/?author=2\"}]}<\/script>\n<!-- \/ Yoast SEO plugin. -->","yoast_head_json":{"title":"26 fevral - Xocal\u0131 soyq\u0131r\u0131m\u0131n\u0131n 29-cu ild\u00f6n\u00fcm\u00fc qeyd edilib - \u0130CT\u0130MA\u0130.AZ","robots":{"index":"index","follow":"follow","max-snippet":"max-snippet:-1","max-image-preview":"max-image-preview:large","max-video-preview":"max-video-preview:-1"},"canonical":"https:\/\/ictimai.az\/?p=9795","og_locale":"az_AZ","og_type":"article","og_title":"26 fevral - Xocal\u0131 soyq\u0131r\u0131m\u0131n\u0131n 29-cu ild\u00f6n\u00fcm\u00fc qeyd edilib - \u0130CT\u0130MA\u0130.AZ","og_description":"26 fevral 2021-ci il tarixd\u0259 N\u0259rimanov Rayon G\u0259ncl\u0259r v\u0259 \u0130dman \u0130dar\u0259sinin, Az\u0259rbaycan Respublikas\u0131 Milli Q\u0259hr\u0259manlar\u0131 Tan\u0131tma \u0130ctimai Birliyinin N\u0259rimanov n\u00fcmay\u0259nd\u0259liyinin v\u0259 X\u0131z\u0131 rayon Yeni Az\u0259rbaycan Partiyas\u0131 G\u0259ncl\u0259r Birliyinin birg\u0259 t\u0259\u015fkilat\u00e7\u0131l\u0131\u011f\u0131 il\u0259 26 fevral &#8211; Xocal\u0131 soyq\u0131r\u0131m\u0131n\u0131n 29-cu ild\u00f6n\u00fcm\u00fcn\u0259 h\u0259sr olunmu\u015f \u201cXocal\u0131 soyq\u0131r\u0131m\u0131n\u0131 unutma\u201d adl\u0131 onlayn an\u0131m t\u0259dbiri ke\u00e7irilib. T\u0259dbird\u0259 N\u0259rimanov Rayon G\u0259ncl\u0259r v\u0259 \u0130dman \u0130dar\u0259sinin [&hellip;]","og_url":"https:\/\/ictimai.az\/?p=9795","og_site_name":"\u0130CT\u0130MA\u0130.AZ","article_published_time":"2021-02-26T09:02:35+00:00","article_modified_time":"2021-02-28T18:43:41+00:00","og_image":[{"width":1080,"height":771,"url":"https:\/\/ictimai.az\/core\/uploads\/2021\/02\/ictimai_afff1282f184998a17cde43cba5477a2_2810zryx4bqwt69onjcl.jpg","type":"image\/jpeg"}],"author":"R\u0259\u015fad Bayramov","twitter_card":"summary_large_image","twitter_misc":{"Written by":"R\u0259\u015fad Bayramov","Est. reading time":"5 minutes"},"schema":{"@context":"https:\/\/schema.org","@graph":[{"@type":"Article","@id":"https:\/\/ictimai.az\/?p=9795#article","isPartOf":{"@id":"https:\/\/ictimai.az\/?p=9795"},"author":{"name":"R\u0259\u015fad Bayramov","@id":"https:\/\/ictimai.az\/#\/schema\/person\/1da94bf2c7ab5d83ad349237bec1e6af"},"headline":"26 fevral &#8211; Xocal\u0131 soyq\u0131r\u0131m\u0131n\u0131n 29-cu ild\u00f6n\u00fcm\u00fc qeyd edilib","datePublished":"2021-02-26T09:02:35+00:00","dateModified":"2021-02-28T18:43:41+00:00","mainEntityOfPage":{"@id":"https:\/\/ictimai.az\/?p=9795"},"wordCount":1038,"publisher":{"@id":"https:\/\/ictimai.az\/#organization"},"image":{"@id":"https:\/\/ictimai.az\/?p=9795#primaryimage"},"thumbnailUrl":"https:\/\/ictimai.az\/core\/uploads\/2021\/02\/ictimai_afff1282f184998a17cde43cba5477a2_2810zryx4bqwt69onjcl.jpg","articleSection":["G\u00fcnd\u0259m"],"inLanguage":"az"},{"@type":"WebPage","@id":"https:\/\/ictimai.az\/?p=9795","url":"https:\/\/ictimai.az\/?p=9795","name":"26 fevral - Xocal\u0131 soyq\u0131r\u0131m\u0131n\u0131n 29-cu ild\u00f6n\u00fcm\u00fc qeyd edilib - \u0130CT\u0130MA\u0130.AZ","isPartOf":{"@id":"https:\/\/ictimai.az\/#website"},"primaryImageOfPage":{"@id":"https:\/\/ictimai.az\/?p=9795#primaryimage"},"image":{"@id":"https:\/\/ictimai.az\/?p=9795#primaryimage"},"thumbnailUrl":"https:\/\/ictimai.az\/core\/uploads\/2021\/02\/ictimai_afff1282f184998a17cde43cba5477a2_2810zryx4bqwt69onjcl.jpg","datePublished":"2021-02-26T09:02:35+00:00","dateModified":"2021-02-28T18:43:41+00:00","breadcrumb":{"@id":"https:\/\/ictimai.az\/?p=9795#breadcrumb"},"inLanguage":"az","potentialAction":[{"@type":"ReadAction","target":["https:\/\/ictimai.az\/?p=9795"]}]},{"@type":"ImageObject","inLanguage":"az","@id":"https:\/\/ictimai.az\/?p=9795#primaryimage","url":"https:\/\/ictimai.az\/core\/uploads\/2021\/02\/ictimai_afff1282f184998a17cde43cba5477a2_2810zryx4bqwt69onjcl.jpg","contentUrl":"https:\/\/ictimai.az\/core\/uploads\/2021\/02\/ictimai_afff1282f184998a17cde43cba5477a2_2810zryx4bqwt69onjcl.jpg","width":1080,"height":771},{"@type":"BreadcrumbList","@id":"https:\/\/ictimai.az\/?p=9795#breadcrumb","itemListElement":[{"@type":"ListItem","position":1,"name":"Home","item":"https:\/\/ictimai.az\/"},{"@type":"ListItem","position":2,"name":"26 fevral &#8211; Xocal\u0131 soyq\u0131r\u0131m\u0131n\u0131n 29-cu ild\u00f6n\u00fcm\u00fc qeyd edilib"}]},{"@type":"WebSite","@id":"https:\/\/ictimai.az\/#website","url":"https:\/\/ictimai.az\/","name":"\u0130CT\u0130MA\u0130.AZ","description":"","publisher":{"@id":"https:\/\/ictimai.az\/#organization"},"potentialAction":[{"@type":"SearchAction","target":{"@type":"EntryPoint","urlTemplate":"https:\/\/ictimai.az\/?s={search_term_string}"},"query-input":{"@type":"PropertyValueSpecification","valueRequired":true,"valueName":"search_term_string"}}],"inLanguage":"az"},{"@type":"Organization","@id":"https:\/\/ictimai.az\/#organization","name":"\u0130CT\u0130MA\u0130.AZ","url":"https:\/\/ictimai.az\/","logo":{"@type":"ImageObject","inLanguage":"az","@id":"https:\/\/ictimai.az\/#\/schema\/logo\/image\/","url":"https:\/\/ictimai.az\/core\/uploads\/2026\/06\/cropped-ictimai_0380d81099c6fe3baae753faceb5481f_p41rg2mzq0uyvextfh3k-768x768-1-3.png","contentUrl":"https:\/\/ictimai.az\/core\/uploads\/2026\/06\/cropped-ictimai_0380d81099c6fe3baae753faceb5481f_p41rg2mzq0uyvextfh3k-768x768-1-3.png","width":768,"height":768,"caption":"\u0130CT\u0130MA\u0130.AZ"},"image":{"@id":"https:\/\/ictimai.az\/#\/schema\/logo\/image\/"}},{"@type":"Person","@id":"https:\/\/ictimai.az\/#\/schema\/person\/1da94bf2c7ab5d83ad349237bec1e6af","name":"R\u0259\u015fad Bayramov","image":{"@type":"ImageObject","inLanguage":"az","@id":"https:\/\/secure.gravatar.com\/avatar\/83c075605ba0a4d35d59726aaad89cfa8008d1f01603342c56f1dd79784491bc?s=96&d=mm&r=g","url":"https:\/\/secure.gravatar.com\/avatar\/83c075605ba0a4d35d59726aaad89cfa8008d1f01603342c56f1dd79784491bc?s=96&d=mm&r=g","contentUrl":"https:\/\/secure.gravatar.com\/avatar\/83c075605ba0a4d35d59726aaad89cfa8008d1f01603342c56f1dd79784491bc?s=96&d=mm&r=g","caption":"R\u0259\u015fad Bayramov"},"sameAs":["https:\/\/ictimai.az\/"],"url":"https:\/\/ictimai.az\/?author=2"}]}},"_links":{"self":[{"href":"https:\/\/ictimai.az\/index.php?rest_route=\/wp\/v2\/posts\/9795","targetHints":{"allow":["GET"]}}],"collection":[{"href":"https:\/\/ictimai.az\/index.php?rest_route=\/wp\/v2\/posts"}],"about":[{"href":"https:\/\/ictimai.az\/index.php?rest_route=\/wp\/v2\/types\/post"}],"author":[{"embeddable":true,"href":"https:\/\/ictimai.az\/index.php?rest_route=\/wp\/v2\/users\/2"}],"replies":[{"embeddable":true,"href":"https:\/\/ictimai.az\/index.php?rest_route=%2Fwp%2Fv2%2Fcomments&post=9795"}],"version-history":[{"count":0,"href":"https:\/\/ictimai.az\/index.php?rest_route=\/wp\/v2\/posts\/9795\/revisions"}],"wp:featuredmedia":[{"embeddable":true,"href":"https:\/\/ictimai.az\/index.php?rest_route=\/wp\/v2\/media\/9796"}],"wp:attachment":[{"href":"https:\/\/ictimai.az\/index.php?rest_route=%2Fwp%2Fv2%2Fmedia&parent=9795"}],"wp:term":[{"taxonomy":"category","embeddable":true,"href":"https:\/\/ictimai.az\/index.php?rest_route=%2Fwp%2Fv2%2Fcategories&post=9795"},{"taxonomy":"post_tag","embeddable":true,"href":"https:\/\/ictimai.az\/index.php?rest_route=%2Fwp%2Fv2%2Ftags&post=9795"}],"curies":[{"name":"wp","href":"https:\/\/api.w.org\/{rel}","templated":true}]}}